{"id":134688,"date":"2026-09-04T09:59:44","date_gmt":"2026-09-04T12:59:44","guid":{"rendered":"https:\/\/diariodoplaneta.com.br\/?p=134688"},"modified":"2026-09-04T09:59:45","modified_gmt":"2026-09-04T12:59:45","slug":"inmet-alerta-para-tempestades-no-sudeste-e-sul-do-pais","status":"publish","type":"post","link":"https:\/\/diariodoplaneta.com.br\/?p=134688","title":{"rendered":"Inmet alerta para tempestades no Sudeste e Sul do pa\u00eds"},"content":{"rendered":"\n<p class=\"wp-block-paragraph\">Nesta sexta-feira (4), um aviso amarelo de perigo potencial para tempestades est\u00e1 ativo para regi\u00e3o que vai do centro-sul de S\u00e3o Paulo, ao extremo norte do Rio Grande do Sul, passando pelo Paran\u00e1 e Santa Catarina, informa o Instituto Nacional de Meteorologia (Inmet).<img decoding=\"async\" src=\"https:\/\/agenciabrasil.ebc.com.br\/ebc.png?id=1701519&amp;o=node\"><img decoding=\"async\" src=\"https:\/\/agenciabrasil.ebc.com.br\/ebc.gif?id=1701519&amp;o=node\"><\/p>\n\n\n\n<p class=\"wp-block-paragraph\"><strong>Na Regi\u00e3o Sul, o dia come\u00e7a com possibilidade de chuva isolada no Paran\u00e1, em Santa Catarina e no norte e leste do Rio Grande do Sul, incluindo todas as capitais<\/strong>. Conforme vai chegando a&nbsp;noite, a instabilidade aumenta na regi\u00e3o com pancadas de chuva e trovoadas isoladas, alcan\u00e7ando tamb\u00e9m o norte do Rio Grande do Sul.<\/p>\n\n\n\n<p class=\"wp-block-paragraph\">A temperatura m\u00ednima na regi\u00e3o, entre as capitais, ser\u00e1 de 12\u00b0C em Porto Alegre e a m\u00e1xima de 23\u00b0C em Curitiba.<\/p>\n\n\n\n<p class=\"wp-block-paragraph\"><strong>No Sudeste, o dia ter\u00e1 poucas nuvens em Minas Gerais e no oeste do Rio de Janeiro e do Esp\u00edrito Santo<\/strong>. Haver\u00e1 muitas nuvens nas demais \u00e1reas, com possibilidade de chuvas isoladas no centro-sul, oeste e leste de S\u00e3o Paulo, incluindo a capital. Pode haver pancadas de chuva com trovoadas isoladas na divisa de S\u00e3o Paulo com o Paran\u00e1.<\/p>\n\n\n\n<p class=\"wp-block-paragraph\">Entre as capitais, os term\u00f4metros devem marcar m\u00ednima de 13\u00b0C em Belo Horizonte e m\u00e1xima de 32\u00b0C no Rio de Janeiro.<\/p>\n\n\n\n<p class=\"wp-block-paragraph\"><strong>No Centro-Oeste, pode chover de forma isolada de&nbsp;manh\u00e3 no norte de Mato Grosso e de Goi\u00e1s, no Distrito Federal e no centro-sul de Mato Grosso do Sul.<\/strong>&nbsp;A partir da tarde, as pancadas de chuva ficam mais intensas e podem vir acompanhadas de trovoadas isoladas no centro-sul de&nbsp;Mato Grosso do Sul.<\/p>\n\n\n\n<p class=\"wp-block-paragraph\"><strong>H\u00e1 aviso amarelo de perigo potencial para baixa umidade do ar no norte de Mato Grosso do Sul, oeste, centro-sul e leste de Mato Grosso, Goi\u00e1s e Distrito Federal.<\/strong><\/p>\n\n\n\n<p class=\"wp-block-paragraph\">Na regi\u00e3o, as temperaturas entre as capitais variam de 19\u00b0C em Campo Grande a 37\u00b0C em Cuiab\u00e1.<\/p>\n\n\n\n<p class=\"wp-block-paragraph\"><strong>O Norte&nbsp;tem previs\u00e3o de pancadas de chuva com trovoadas isoladas no oeste e noroeste do Amazona<\/strong>s. As pancadas de chuvas podem ocorrer com menos intensidade no sudeste do Par\u00e1 e no centro-oeste do&nbsp;Tocantins. No Acre, centro-norte de Rond\u00f4nia, sudoeste do Par\u00e1, sul e sudeste do Amazonas e no centro-sul de Tocantins, as chuvas devem ocorrer&nbsp;de forma isolada.<\/p>\n\n\n\n<p class=\"wp-block-paragraph\">Nas capitais, a temperatura m\u00e1xima chega a 38\u00b0C em Porto Velho e a &nbsp;m\u00ednima a 22\u00b0C em Rio Branco.<\/p>\n\n\n\n<p class=\"wp-block-paragraph\"><strong>No Nordeste do pa\u00eds, o c\u00e9u fica com muitas nuvens ao longo da faixa litor\u00e2nea, com possibilidade de chuva isolada apenas no litoral centro-sul da Bahia<\/strong>. Durante a tarde, pode chover tamb\u00e9m em &nbsp;Sergipe, Alagoas, Pernambuco e Para\u00edba at\u00e9 o litoral leste do Rio Grande do Norte.<\/p>\n\n\n\n<p class=\"wp-block-paragraph\">A temperatura m\u00ednima entre as capitais ser\u00e1 de 22\u00b0C em Macei\u00f3 e a m\u00e1xima ser\u00e1 de 38\u00b0C em Teresina.<\/p>\n\n\n\n<p class=\"wp-block-paragraph\">Fonte: Ag\u00eancia Brasil <\/p>\n","protected":false},"excerpt":{"rendered":"<p>Nesta sexta-feira (4), um aviso amarelo de perigo potencial para tempestades est\u00e1 ativo para regi\u00e3o que vai do centro-sul de S\u00e3o Paulo, ao extremo norte do Rio Grande do Sul, passando pelo Paran\u00e1 e Santa Catarina, informa o Instituto Nacional de Meteorologia (Inmet). Na Regi\u00e3o Sul, o dia come\u00e7a com possibilidade de chuva isolada no [&hellip;]<\/p>\n","protected":false},"author":2,"featured_media":134689,"comment_status":"open","ping_status":"open","sticky":false,"template":"","format":"standard","meta":{"footnotes":""},"categories":[25],"tags":[11],"class_list":["post-134688","post","type-post","status-publish","format-standard","has-post-thumbnail","category-regional","tag-destaque"],"_links":{"self":[{"href":"https:\/\/diariodoplaneta.com.br\/index.php?rest_route=\/wp\/v2\/posts\/134688","targetHints":{"allow":["GET"]}}],"collection":[{"href":"https:\/\/diariodoplaneta.com.br\/index.php?rest_route=\/wp\/v2\/posts"}],"about":[{"href":"https:\/\/diariodoplaneta.com.br\/index.php?rest_route=\/wp\/v2\/types\/post"}],"author":[{"embeddable":true,"href":"https:\/\/diariodoplaneta.com.br\/index.php?rest_route=\/wp\/v2\/users\/2"}],"replies":[{"embeddable":true,"href":"https:\/\/diariodoplaneta.com.br\/index.php?rest_route=%2Fwp%2Fv2%2Fcomments&post=134688"}],"version-history":[{"count":1,"href":"https:\/\/diariodoplaneta.com.br\/index.php?rest_route=\/wp\/v2\/posts\/134688\/revisions"}],"predecessor-version":[{"id":134690,"href":"https:\/\/diariodoplaneta.com.br\/index.php?rest_route=\/wp\/v2\/posts\/134688\/revisions\/134690"}],"wp:featuredmedia":[{"embeddable":true,"href":"https:\/\/diariodoplaneta.com.br\/index.php?rest_route=\/wp\/v2\/media\/134689"}],"wp:attachment":[{"href":"https:\/\/diariodoplaneta.com.br\/index.php?rest_route=%2Fwp%2Fv2%2Fmedia&parent=134688"}],"wp:term":[{"taxonomy":"category","embeddable":true,"href":"https:\/\/diariodoplaneta.com.br\/index.php?rest_route=%2Fwp%2Fv2%2Fcategories&post=134688"},{"taxonomy":"post_tag","embeddable":true,"href":"https:\/\/diariodoplaneta.com.br\/index.php?rest_route=%2Fwp%2Fv2%2Ftags&post=134688"}],"curies":[{"name":"wp","href":"https:\/\/api.w.org\/{rel}","templated":true}]}}