{"id":134681,"date":"2026-09-02T10:54:28","date_gmt":"2026-09-02T13:54:28","guid":{"rendered":"https:\/\/diariodoplaneta.com.br\/?p=134681"},"modified":"2026-09-02T10:54:30","modified_gmt":"2026-09-02T13:54:30","slug":"producao-industrial-interrompe-2-meses-de-queda-e-sobe-02-em-julho","status":"publish","type":"post","link":"https:\/\/diariodoplaneta.com.br\/?p=134681","title":{"rendered":"Produ\u00e7\u00e3o industrial interrompe 2 meses de queda e sobe 0,2% em julho"},"content":{"rendered":"\n<p class=\"wp-block-paragraph\">A produ\u00e7\u00e3o da ind\u00fastria brasileira cresceu 0,2% na passagem de junho para julho. O resultado interrompe dois meses seguidos de queda. Dessa forma, o setor acumula alta de 1,1% ao longo de 2026 e soma expans\u00e3o de 0,6% nos \u00faltimos 12 meses.<img decoding=\"async\" src=\"https:\/\/agenciabrasil.ebc.com.br\/ebc.png?id=1701322&amp;o=node\"><img decoding=\"async\" src=\"https:\/\/agenciabrasil.ebc.com.br\/ebc.gif?id=1701322&amp;o=node\"><\/p>\n\n\n\n<p class=\"wp-block-paragraph\"><strong>Na compara\u00e7\u00e3o com julho de 2025, a ind\u00fastria recuou 0,5%. A m\u00e9dia m\u00f3vel trimestral, que ajuda a identificar a trajet\u00f3ria recente do setor, encolheu 0,8%.<\/strong><\/p>\n\n\n\n<p class=\"wp-block-paragraph\">Os dados fazem parte da&nbsp;<a href=\"https:\/\/biblioteca.ibge.gov.br\/visualizacao\/periodicos\/228\/pim_pfbr_2026_jul.pdf\" target=\"_blank\" rel=\"noopener\">Pesquisa Industrial Mensal<\/a>&nbsp;(PIM), divulgada nesta quarta-feira (2) pelo Instituto Brasileiro de Geografia e Estat\u00edstica (IBGE).<\/p>\n\n\n\n<p class=\"wp-block-paragraph\"><strong>De acordo com o IBGE, a varia\u00e7\u00e3o positiva acumulada em 12 meses (0,6%) representa \u201cligeira perda de ritmo\u201d em compara\u00e7\u00e3o ao acumulado at\u00e9 junho de 2026 (0,7%).<\/strong><\/p>\n\n\n\n<p class=\"wp-block-paragraph\">Veja o comportamento da ind\u00fastria brasileira ao longo do ano, na compara\u00e7\u00e3o entre meses imediatamente seguidos:<\/p>\n\n\n\n<p class=\"wp-block-paragraph\">Janeiro: 2,1%<\/p>\n\n\n\n<p class=\"wp-block-paragraph\">Fevereiro: 1,0%<\/p>\n\n\n\n<p class=\"wp-block-paragraph\">Mar\u00e7o: 0,1%<\/p>\n\n\n\n<p class=\"wp-block-paragraph\">Abril: 1,2%<\/p>\n\n\n\n<p class=\"wp-block-paragraph\">Maio: -1,0%<\/p>\n\n\n\n<p class=\"wp-block-paragraph\">Junho: -1,6%<\/p>\n\n\n\n<p class=\"wp-block-paragraph\">Julho: 0,2%<\/p>\n\n\n\n<p class=\"wp-block-paragraph\"><strong>O desempenho de julho deixa a ind\u00fastria 2,1% acima do patamar pr\u00e9-pandemia de covid-19 (fevereiro de 2020) e 15% abaixo do n\u00edvel mais alto j\u00e1 registrado, alcan\u00e7ado em maio de 2001.<\/strong><\/p>\n\n\n\n<h2 class=\"wp-block-heading\">Influ\u00eancias<\/h2>\n\n\n\n<p class=\"wp-block-paragraph\">A pesquisa revela que tr\u00eas das quatro grandes categorias econ\u00f4micas apresentaram avan\u00e7o de junho para julho:<\/p>\n\n\n\n<p class=\"wp-block-paragraph\">bens de consumo dur\u00e1veis: 3,2%<\/p>\n\n\n\n<p class=\"wp-block-paragraph\">bens de capital: 2,4%<\/p>\n\n\n\n<p class=\"wp-block-paragraph\">bens de consumo semi e n\u00e3o dur\u00e1veis: 0,5%<\/p>\n\n\n\n<p class=\"wp-block-paragraph\">bens intermedi\u00e1rios: -0,2%<\/p>\n\n\n\n<p class=\"wp-block-paragraph\">Das atividades monitoradas pelo IBGE, 13 das 25 tiveram alta entre os meses:<\/p>\n\n\n\n<p class=\"wp-block-paragraph\">equipamentos de inform\u00e1tica, produtos eletr\u00f4nicos e \u00f3pticos: 12,2%<\/p>\n\n\n\n<p class=\"wp-block-paragraph\">produtos aliment\u00edcios: 1%<\/p>\n\n\n\n<p class=\"wp-block-paragraph\">coque, produtos derivados do petr\u00f3leo e biocombust\u00edveis: 1,1%<\/p>\n\n\n\n<p class=\"wp-block-paragraph\">outros equipamentos de transporte: 11,2%<\/p>\n\n\n\n<p class=\"wp-block-paragraph\">produtos do fumo: 11,1%<\/p>\n\n\n\n<p class=\"wp-block-paragraph\">m\u00e1quinas, aparelhos e materiais el\u00e9tricos: 2,3%<\/p>\n\n\n\n<p class=\"wp-block-paragraph\">confec\u00e7\u00e3o de artigos do vestu\u00e1rio e acess\u00f3rios: 2,6%<\/p>\n\n\n\n<p class=\"wp-block-paragraph\"><strong>Pelo lado negativo, a maior press\u00e3o de baixa veio da ind\u00fastria extrativa, que recuou 1%.<\/strong><\/p>\n\n\n\n<p class=\"wp-block-paragraph\">O IBGE acrescenta que outras contribui\u00e7\u00f5es negativas relevantes ficaram como impress\u00e3o e reprodu\u00e7\u00e3o de grava\u00e7\u00f5es (-17,2%), produtos diversos (-9,0%), metalurgia (-1,4%), produtos qu\u00edmicos (-0,8%) e celulose, papel e produtos de papel (-1,3%).<\/p>\n\n\n\n<p class=\"wp-block-paragraph\"><strong>O \u00edndice de difus\u00e3o mostrou que 69,6% dos 789 produtos pesquisados pelo IBGE apresentaram desempenho positivo na passagem de junho para julho<\/strong>. Esse \u00e9 o segundo maior indicador do ano, perdendo apenas para mar\u00e7o (80,6%).&nbsp;<\/p>\n\n\n\n<p class=\"wp-block-paragraph\">Fonte: Ag\u00eancia Brasil<\/p>\n","protected":false},"excerpt":{"rendered":"<p>A produ\u00e7\u00e3o da ind\u00fastria brasileira cresceu 0,2% na passagem de junho para julho. O resultado interrompe dois meses seguidos de queda. Dessa forma, o setor acumula alta de 1,1% ao longo de 2026 e soma expans\u00e3o de 0,6% nos \u00faltimos 12 meses. Na compara\u00e7\u00e3o com julho de 2025, a ind\u00fastria recuou 0,5%. A m\u00e9dia m\u00f3vel [&hellip;]<\/p>\n","protected":false},"author":2,"featured_media":134682,"comment_status":"open","ping_status":"open","sticky":false,"template":"","format":"standard","meta":{"footnotes":""},"categories":[20],"tags":[24],"class_list":["post-134681","post","type-post","status-publish","format-standard","has-post-thumbnail","category-economia","tag-manchete"],"_links":{"self":[{"href":"https:\/\/diariodoplaneta.com.br\/index.php?rest_route=\/wp\/v2\/posts\/134681","targetHints":{"allow":["GET"]}}],"collection":[{"href":"https:\/\/diariodoplaneta.com.br\/index.php?rest_route=\/wp\/v2\/posts"}],"about":[{"href":"https:\/\/diariodoplaneta.com.br\/index.php?rest_route=\/wp\/v2\/types\/post"}],"author":[{"embeddable":true,"href":"https:\/\/diariodoplaneta.com.br\/index.php?rest_route=\/wp\/v2\/users\/2"}],"replies":[{"embeddable":true,"href":"https:\/\/diariodoplaneta.com.br\/index.php?rest_route=%2Fwp%2Fv2%2Fcomments&post=134681"}],"version-history":[{"count":1,"href":"https:\/\/diariodoplaneta.com.br\/index.php?rest_route=\/wp\/v2\/posts\/134681\/revisions"}],"predecessor-version":[{"id":134683,"href":"https:\/\/diariodoplaneta.com.br\/index.php?rest_route=\/wp\/v2\/posts\/134681\/revisions\/134683"}],"wp:featuredmedia":[{"embeddable":true,"href":"https:\/\/diariodoplaneta.com.br\/index.php?rest_route=\/wp\/v2\/media\/134682"}],"wp:attachment":[{"href":"https:\/\/diariodoplaneta.com.br\/index.php?rest_route=%2Fwp%2Fv2%2Fmedia&parent=134681"}],"wp:term":[{"taxonomy":"category","embeddable":true,"href":"https:\/\/diariodoplaneta.com.br\/index.php?rest_route=%2Fwp%2Fv2%2Fcategories&post=134681"},{"taxonomy":"post_tag","embeddable":true,"href":"https:\/\/diariodoplaneta.com.br\/index.php?rest_route=%2Fwp%2Fv2%2Ftags&post=134681"}],"curies":[{"name":"wp","href":"https:\/\/api.w.org\/{rel}","templated":true}]}}