{"id":134678,"date":"2026-09-02T10:52:34","date_gmt":"2026-09-02T13:52:34","guid":{"rendered":"https:\/\/diariodoplaneta.com.br\/?p=134678"},"modified":"2026-09-02T10:52:35","modified_gmt":"2026-09-02T13:52:35","slug":"quarta-feira-e-de-chuvas-no-sudeste-centro-oeste-e-sul-do-nordeste","status":"publish","type":"post","link":"https:\/\/diariodoplaneta.com.br\/?p=134678","title":{"rendered":"Quarta-feira \u00e9 de chuvas no Sudeste, Centro-Oeste e sul do Nordeste"},"content":{"rendered":"\n<p class=\"wp-block-paragraph\">Uma frente fria associada \u00e0 passagem de um ciclone extratropical mant\u00e9m chuvas e trovoadas no Sudeste e sul do Nordeste nesta quarta-feira (2), informa o Instituto Nacional de Meteorologia (Inmet). No Centro-Oeste tamb\u00e9m h\u00e1 previs\u00e3o de chuvas isoladas.<img decoding=\"async\" src=\"https:\/\/agenciabrasil.ebc.com.br\/ebc.png?id=1701313&amp;o=node\"><img decoding=\"async\" src=\"https:\/\/agenciabrasil.ebc.com.br\/ebc.gif?id=1701313&amp;o=node\"><\/p>\n\n\n\n<p class=\"wp-block-paragraph\">No Centro-Oeste do pa\u00eds, as \u00e1reas de instabilidade levam chuva isolada ao Mato Grosso, centro-norte de Goi\u00e1s e Distrito Federal. J\u00e1 no Mato Grosso do Sul, o c\u00e9u ter\u00e1 muitas nuvens no norte e no restante do estado o dia \u00e9 de pouca nebulosidade e temperaturas amenas.<\/p>\n\n\n\n<p class=\"wp-block-paragraph\">Entre as capitais, a temperatura m\u00ednima prevista \u00e9 de 15 graus Celsius (\u00b0C), em Campo Grande, e a m\u00e1xima de 35\u00b0C, em Cuiab\u00e1.<\/p>\n\n\n\n<p class=\"wp-block-paragraph\">Na Regi\u00e3o Sudeste s\u00e3o esperadas pancadas de chuva no Rio de Janeiro, nordeste de Minas Gerais e no centro-norte do Esp\u00edrito Santo. Em S\u00e3o Paulo o dia ser\u00e1 ensolarado e com poucas nuvens.<\/p>\n\n\n\n<p class=\"wp-block-paragraph\">A regi\u00e3o ter\u00e1 m\u00ednima de 12\u00b0C em S\u00e3o Paulo e a m\u00e1xima nas capitais ser\u00e1 registrada em Belo Horizonte, onde os term\u00f4metros devem atingir 27\u00b0C.<\/p>\n\n\n\n<p class=\"wp-block-paragraph\">No Nordeste brasileiro o dia tem possibilidade de chuva isolada pela manh\u00e3 no litoral norte de Alagoas, na faixa litor\u00e2nea de Pernambuco e da Para\u00edba, no litoral leste do Rio Grande do Norte e no extremo sul da Bahia.<\/p>\n\n\n\n<p class=\"wp-block-paragraph\">Pancadas de chuva isoladas ocorrem no oeste e noroeste do Maranh\u00e3o, e no norte e centro-sul do estado h\u00e1 possibilidade de chuva isolada.<\/p>\n\n\n\n<p class=\"wp-block-paragraph\">Na divisa da Bahia com Minas Gerais e Goi\u00e1s, h\u00e1 possibilidade de chuva isolada durante a tarde e pela noite chove com mais intensidade e trovoadas no sul da Bahia.<\/p>\n\n\n\n<p class=\"wp-block-paragraph\">A temperatura m\u00ednima entre as capitais ser\u00e1 de 22\u00b0C em Macei\u00f3 e Salvador e a m\u00e1xima prevista \u00e9 de 40\u00b0C, em Teresina.<\/p>\n\n\n\n<p class=\"wp-block-paragraph\">No Norte do pa\u00eds, a previs\u00e3o \u00e9 de pancadas de chuva e trovoadas isoladas no oeste e norte do Amazonas e no centro-oeste do Acre. Em Rond\u00f4nia, nas demais \u00e1reas do Amazonas, em Roraima, no Amap\u00e1 e no centro-norte e leste do Par\u00e1, tamb\u00e9m pode haver pancadas de chuva.<\/p>\n\n\n\n<p class=\"wp-block-paragraph\">Em Palmas, h\u00e1 possibilidade de chuva isolada ap\u00f3s muitos dias de tempo seco. Mas, no leste do Tocantins, n\u00e3o h\u00e1 previs\u00e3o de chuva.<\/p>\n\n\n\n<p class=\"wp-block-paragraph\">A temperatura nas capitais prevista para esta quarta-feira deve atingir m\u00ednima de 23\u00b0C em Rio Branco e m\u00e1xima, de 39\u00b0C em Palmas.<\/p>\n\n\n\n<p class=\"wp-block-paragraph\">Na Regi\u00e3o Sul o dia ser\u00e1 de muito sol, tempo est\u00e1vel e poucas nuvens em toda regi\u00e3o, mas poder\u00e1 gear nos pontos mais altos das serras do Rio Grande do Sul e de Santa Catarina.<\/p>\n\n\n\n<p class=\"wp-block-paragraph\">Entre as capitais, a m\u00e1xima n\u00e3o passa dos 19\u00b0C em Curitiba e a temperatura m\u00ednima ser\u00e1 de 6\u00b0C tamb\u00e9m na capital paranaense.<\/p>\n\n\n\n<p class=\"wp-block-paragraph\">Fonte: Ag\u00eancia Brasil<\/p>\n","protected":false},"excerpt":{"rendered":"<p>Uma frente fria associada \u00e0 passagem de um ciclone extratropical mant\u00e9m chuvas e trovoadas no Sudeste e sul do Nordeste nesta quarta-feira (2), informa o Instituto Nacional de Meteorologia (Inmet). No Centro-Oeste tamb\u00e9m h\u00e1 previs\u00e3o de chuvas isoladas. No Centro-Oeste do pa\u00eds, as \u00e1reas de instabilidade levam chuva isolada ao Mato Grosso, centro-norte de Goi\u00e1s [&hellip;]<\/p>\n","protected":false},"author":2,"featured_media":134679,"comment_status":"open","ping_status":"open","sticky":false,"template":"","format":"standard","meta":{"footnotes":""},"categories":[25],"tags":[11],"class_list":["post-134678","post","type-post","status-publish","format-standard","has-post-thumbnail","category-regional","tag-destaque"],"_links":{"self":[{"href":"https:\/\/diariodoplaneta.com.br\/index.php?rest_route=\/wp\/v2\/posts\/134678","targetHints":{"allow":["GET"]}}],"collection":[{"href":"https:\/\/diariodoplaneta.com.br\/index.php?rest_route=\/wp\/v2\/posts"}],"about":[{"href":"https:\/\/diariodoplaneta.com.br\/index.php?rest_route=\/wp\/v2\/types\/post"}],"author":[{"embeddable":true,"href":"https:\/\/diariodoplaneta.com.br\/index.php?rest_route=\/wp\/v2\/users\/2"}],"replies":[{"embeddable":true,"href":"https:\/\/diariodoplaneta.com.br\/index.php?rest_route=%2Fwp%2Fv2%2Fcomments&post=134678"}],"version-history":[{"count":1,"href":"https:\/\/diariodoplaneta.com.br\/index.php?rest_route=\/wp\/v2\/posts\/134678\/revisions"}],"predecessor-version":[{"id":134680,"href":"https:\/\/diariodoplaneta.com.br\/index.php?rest_route=\/wp\/v2\/posts\/134678\/revisions\/134680"}],"wp:featuredmedia":[{"embeddable":true,"href":"https:\/\/diariodoplaneta.com.br\/index.php?rest_route=\/wp\/v2\/media\/134679"}],"wp:attachment":[{"href":"https:\/\/diariodoplaneta.com.br\/index.php?rest_route=%2Fwp%2Fv2%2Fmedia&parent=134678"}],"wp:term":[{"taxonomy":"category","embeddable":true,"href":"https:\/\/diariodoplaneta.com.br\/index.php?rest_route=%2Fwp%2Fv2%2Fcategories&post=134678"},{"taxonomy":"post_tag","embeddable":true,"href":"https:\/\/diariodoplaneta.com.br\/index.php?rest_route=%2Fwp%2Fv2%2Ftags&post=134678"}],"curies":[{"name":"wp","href":"https:\/\/api.w.org\/{rel}","templated":true}]}}