{"id":134664,"date":"2026-09-01T16:21:18","date_gmt":"2026-09-01T19:21:18","guid":{"rendered":"https:\/\/diariodoplaneta.com.br\/?p=134664"},"modified":"2026-09-01T16:21:18","modified_gmt":"2026-09-01T19:21:18","slug":"pgr-deve-se-manifestar-sobre-supostas-conversas-entre-vorcaro-e-moraes","status":"publish","type":"post","link":"https:\/\/diariodoplaneta.com.br\/?p=134664","title":{"rendered":"PGR deve se manifestar sobre supostas conversas entre Vorcaro e Moraes"},"content":{"rendered":"\n<p class=\"wp-block-paragraph\"><strong>O ministro Andr\u00e9 Mendon\u00e7a, do Supremo Tribunal Federal (STF), deu prazo de cinco dias para a Procuradoria-Geral da Rep\u00fablica (PGR) se manifestar sobre o relat\u00f3rio da Pol\u00edcia Federal (PF) que faz men\u00e7\u00f5es ao ministro Alexandre de Moraes e o pr\u00f3prio procurador-geral, Paulo Gonet.<\/strong><img decoding=\"async\" src=\"https:\/\/agenciabrasil.ebc.com.br\/ebc.png?id=1701267&amp;o=node\"><img decoding=\"async\" src=\"https:\/\/agenciabrasil.ebc.com.br\/ebc.gif?id=1701267&amp;o=node\"><\/p>\n\n\n\n<p class=\"wp-block-paragraph\">As cita\u00e7\u00f5es aos nomes de Moraes e Gonet foram captadas pela PF a partir da quebra de sigilo do celular do ex-banqueiro Daniel Vorcaro, alvo das investiga\u00e7\u00f5es da Opera\u00e7\u00e3o Compliance Zero, que investiga fraudes financeiras no Banco Master. O sigilo do relat\u00f3rio de investiga\u00e7\u00e3o foi retirado nesta ter\u00e7a-feira (1\u00b0).&nbsp;<\/p>\n\n\n\n<p class=\"wp-block-paragraph\"><strong>De acordo com a PF, Vorcaro teria conversado diretamente com um contato salvo em nome do ministro.&nbsp;<\/strong>Parte das supostas conversas foram apagadas porque o contato salvo em nome do ministro usava mensagens de atualiza\u00e7\u00e3o \u00fanica e as escrevia no bloco de notas, mecanismo que impede a recupera\u00e7\u00e3o completa dos dados.<\/p>\n\n\n\n<p class=\"wp-block-paragraph\">Em uma das mensagens que foram recuperadas, Vorcaro diz ao contato atribu\u00eddo a Moraes que &#8220;estava tentando antecipar os investigadores&#8221;. A conversa teria ocorrido no dia 17 de novembro de 2025.<\/p>\n\n\n\n<p class=\"wp-block-paragraph\">No caso de Paulo Gonet, o procurador-geral \u00e9 citado por terceiros que trocaram mensagens com Vorcaro. Em uma das conversas, ocorrida em 2024, um interlocutor chamado Ciro Soares diz que &#8220;Gonet \u00e9 firme&#8221;.<\/p>\n\n\n\n<h2 class=\"wp-block-heading\">PF<\/h2>\n\n\n\n<p class=\"wp-block-paragraph\"><strong>O relat\u00f3rio da PF tamb\u00e9m mostra cita\u00e7\u00f5es ao nome do diretor-geral da corpora\u00e7\u00e3o, Andrei Passos.&nbsp;<\/strong>Segundo os investigadores, o contato de Andrei n\u00e3o foi encontrado na lista de contatos de Vorcaro, mas ele foi citado em uma conversa entre o ex-banqueiro e o ex-deputado F\u00e1bio Faria, ocorrida em abril de 2024.<\/p>\n\n\n\n<p class=\"wp-block-paragraph\">Faria pergunta a Vorcaro se ele aceitaria convidar Andrei para um evento em Londres. Em seguida, uma secret\u00e1ria ligada ao diretor-geral entrou em contato com a organiza\u00e7\u00e3o do evento para acertar as tratativas da viagem.<\/p>\n\n\n\n<p class=\"wp-block-paragraph\">Fonte: Ag\u00eancia Brasil <\/p>\n","protected":false},"excerpt":{"rendered":"<p>O ministro Andr\u00e9 Mendon\u00e7a, do Supremo Tribunal Federal (STF), deu prazo de cinco dias para a Procuradoria-Geral da Rep\u00fablica (PGR) se manifestar sobre o relat\u00f3rio da Pol\u00edcia Federal (PF) que faz men\u00e7\u00f5es ao ministro Alexandre de Moraes e o pr\u00f3prio procurador-geral, Paulo Gonet. As cita\u00e7\u00f5es aos nomes de Moraes e Gonet foram captadas pela PF [&hellip;]<\/p>\n","protected":false},"author":2,"featured_media":134665,"comment_status":"open","ping_status":"open","sticky":false,"template":"","format":"standard","meta":{"footnotes":""},"categories":[13],"tags":[24],"class_list":["post-134664","post","type-post","status-publish","format-standard","has-post-thumbnail","category-politica","tag-manchete"],"_links":{"self":[{"href":"https:\/\/diariodoplaneta.com.br\/index.php?rest_route=\/wp\/v2\/posts\/134664","targetHints":{"allow":["GET"]}}],"collection":[{"href":"https:\/\/diariodoplaneta.com.br\/index.php?rest_route=\/wp\/v2\/posts"}],"about":[{"href":"https:\/\/diariodoplaneta.com.br\/index.php?rest_route=\/wp\/v2\/types\/post"}],"author":[{"embeddable":true,"href":"https:\/\/diariodoplaneta.com.br\/index.php?rest_route=\/wp\/v2\/users\/2"}],"replies":[{"embeddable":true,"href":"https:\/\/diariodoplaneta.com.br\/index.php?rest_route=%2Fwp%2Fv2%2Fcomments&post=134664"}],"version-history":[{"count":1,"href":"https:\/\/diariodoplaneta.com.br\/index.php?rest_route=\/wp\/v2\/posts\/134664\/revisions"}],"predecessor-version":[{"id":134666,"href":"https:\/\/diariodoplaneta.com.br\/index.php?rest_route=\/wp\/v2\/posts\/134664\/revisions\/134666"}],"wp:featuredmedia":[{"embeddable":true,"href":"https:\/\/diariodoplaneta.com.br\/index.php?rest_route=\/wp\/v2\/media\/134665"}],"wp:attachment":[{"href":"https:\/\/diariodoplaneta.com.br\/index.php?rest_route=%2Fwp%2Fv2%2Fmedia&parent=134664"}],"wp:term":[{"taxonomy":"category","embeddable":true,"href":"https:\/\/diariodoplaneta.com.br\/index.php?rest_route=%2Fwp%2Fv2%2Fcategories&post=134664"},{"taxonomy":"post_tag","embeddable":true,"href":"https:\/\/diariodoplaneta.com.br\/index.php?rest_route=%2Fwp%2Fv2%2Ftags&post=134664"}],"curies":[{"name":"wp","href":"https:\/\/api.w.org\/{rel}","templated":true}]}}