{"id":134655,"date":"2026-09-01T16:13:59","date_gmt":"2026-09-01T19:13:59","guid":{"rendered":"https:\/\/diariodoplaneta.com.br\/?p=134655"},"modified":"2026-09-01T16:13:59","modified_gmt":"2026-09-01T19:13:59","slug":"campanha-nacional-de-multivacinacao-termina-nesta-terca-feira","status":"publish","type":"post","link":"https:\/\/diariodoplaneta.com.br\/?p=134655","title":{"rendered":"Campanha Nacional de Multivacina\u00e7\u00e3o termina nesta ter\u00e7a-feira"},"content":{"rendered":"\n<p class=\"wp-block-paragraph\">Mais de 8 milh\u00f5es de doses de vacinas foram aplicadas em todo o pa\u00eds durante a Campanha Nacional de Multivacina\u00e7\u00e3o de 2026, iniciada em 3 de agosto e que se encerra nesta ter\u00e7a-feira (1\u00ba).<img decoding=\"async\" src=\"https:\/\/agenciabrasil.ebc.com.br\/ebc.png?id=1701232&amp;o=node\"><img decoding=\"async\" src=\"https:\/\/agenciabrasil.ebc.com.br\/ebc.gif?id=1701232&amp;o=node\"><\/p>\n\n\n\n<p class=\"wp-block-paragraph\">Realizada pelo Minist\u00e9rio da Sa\u00fade, em parceria com estados e munic\u00edpios, a campanha nacional combate doen\u00e7as preven\u00edveis por imuniza\u00e7\u00e3o.&nbsp;<strong>O p\u00fablico alvo \u00e9 de crian\u00e7as e adolescentes menores de 15 anos<\/strong>.<\/p>\n\n\n\n<p class=\"wp-block-paragraph\">Somente no Dia D da Multivacina\u00e7\u00e3o, realizado em 22 de agosto,&nbsp;mais de 1 milh\u00e3o de doses foram aplicadas.<\/p>\n\n\n\n<p class=\"wp-block-paragraph\">Os pais e respons\u00e1veis ainda podem aproveitar o \u00faltimo dia da mobiliza\u00e7\u00e3o e procurar a Unidade B\u00e1sica de Sa\u00fade (UBS) mais pr\u00f3xima para atualiza\u00e7\u00e3o do Calend\u00e1rio Vacinal das crian\u00e7as e adolescentes.<\/p>\n\n\n\n<h2 class=\"wp-block-heading\">Doen\u00e7as que podem ser prevenidas<\/h2>\n\n\n\n<p class=\"wp-block-paragraph\">Entre as enfermidades&nbsp;que podem ser evitadas pela vacina\u00e7\u00e3o ofertada pelo SUS est\u00e3o:<\/p>\n\n\n\n<ul class=\"wp-block-list\">\n<li><strong>sarampo,\u00a0<\/strong><\/li>\n\n\n\n<li><strong>dengue,\u00a0<\/strong><\/li>\n\n\n\n<li><strong>formas graves de tuberculose,\u00a0<\/strong><\/li>\n\n\n\n<li><strong>hepatites A e B,\u00a0<\/strong><\/li>\n\n\n\n<li><strong>difteria,\u00a0<\/strong><\/li>\n\n\n\n<li><strong>t\u00e9tano,\u00a0<\/strong><\/li>\n\n\n\n<li><strong>coqueluche,\u00a0<\/strong><\/li>\n\n\n\n<li><strong>poliomielite,\u00a0<\/strong><\/li>\n\n\n\n<li><strong>infec\u00e7\u00f5es por rotav\u00edrus,\u00a0<\/strong><\/li>\n\n\n\n<li><strong>pneumonias e meningites causadas por pneumococos e meningococos,\u00a0<\/strong><\/li>\n\n\n\n<li><strong>influenza (gripe),\u00a0<\/strong><\/li>\n\n\n\n<li><strong>covid-19,\u00a0<\/strong><\/li>\n\n\n\n<li><strong>febre amarela,\u00a0<\/strong><\/li>\n\n\n\n<li><strong>caxumba,\u00a0<\/strong><\/li>\n\n\n\n<li><strong>rub\u00e9ola,\u00a0<\/strong><\/li>\n\n\n\n<li><strong>varicela (catapora),\u00a0<\/strong><\/li>\n\n\n\n<li><strong>infec\u00e7\u00f5es pelo papilomav\u00edrus humano (HPV)<\/strong>.<\/li>\n<\/ul>\n\n\n\n<p class=\"wp-block-paragraph\">Pela primeira vez, a vacina pneumoc\u00f3cica 20-valente (Pneumo 20)&nbsp;foi ofertada em uma Campanha Nacional de Multivacina\u00e7\u00e3o, ap\u00f3s ter sido incorporada, neste ano, ao Calend\u00e1rio Nacional de Vacina\u00e7\u00e3o.<\/p>\n\n\n\n<p class=\"wp-block-paragraph\">O novo imunizante conjugado protege contra 20 sorotipos da bact\u00e9ria&nbsp;<em>Streptococcus pneumoniae<\/em>&nbsp;que causam doen\u00e7as como pneumonias e meningites,<\/p>\n\n\n\n<h2 class=\"wp-block-heading\">Vacina\u00e7\u00e3o o ano inteiro<\/h2>\n\n\n\n<p class=\"wp-block-paragraph\">Mesmo com o fim da Campanha Nacional de Multivacina\u00e7\u00e3o de 2026, as vacinas previstas no&nbsp;<a href=\"https:\/\/www.gov.br\/saude\/pt-br\/vacinacao\/calendario\" target=\"_blank\" rel=\"noopener\">Calend\u00e1rio Nacional de Vacina\u00e7\u00e3o<\/a>&nbsp;permanecem dispon\u00edveis regularmente durante todo o ano no Sistema \u00danico de Sa\u00fade (SUS) e nos pontos de vacina\u00e7\u00e3o organizados pelos estados e munic\u00edpios.<\/p>\n\n\n\n<p class=\"wp-block-paragraph\">A vacina\u00e7\u00e3o \u00e9 feita de acordo com o hist\u00f3rico de cada crian\u00e7a ou adolescente: ap\u00f3s a avalia\u00e7\u00e3o da caderneta, os profissionais de sa\u00fade identificam quais vacinas s\u00e3o necess\u00e1rias para iniciar, completar ou atualizar o esquema recomendado.<\/p>\n\n\n\n<h2 class=\"wp-block-heading\">Refor\u00e7o contra o sarampo<\/h2>\n\n\n\n<p class=\"wp-block-paragraph\">A vacina\u00e7\u00e3o contra o sarampo tamb\u00e9m foi intensificada nos munic\u00edpios de S\u00e3o Paulo, Guarulhos e S\u00e3o Bernardo do Campo, em S\u00e3o Paulo.<\/p>\n\n\n\n<p class=\"wp-block-paragraph\">O refor\u00e7o contra o sarampo foi adotado depois que a Secretaria de Estado da Sa\u00fade de S\u00e3o Paulo&nbsp;confirmou a ocorr\u00eancia de casos da doen\u00e7a.<\/p>\n\n\n\n<p class=\"wp-block-paragraph\"><a href=\"https:\/\/agenciabrasil.ebc.com.br\/saude\/noticia\/2026-08\/sao-paulo-chega-26-casos-de-sarampo-em-2026\" target=\"_blank\" rel=\"noopener\">Somente em 2026, at\u00e9 27 de agosto, j\u00e1 s\u00e3o 26&nbsp;ocorr\u00eancias do tipo<\/a>. Entre as pessoas infectadas, 19 delas n\u00e3o tinham se vacinado ou tinham esquema vacinal incompleto.<\/p>\n\n\n\n<p class=\"wp-block-paragraph\">Em 2025, foram registrados 38 casos de sarampo importados ou relacionados \u00e0 importa\u00e7\u00e3o no pa\u00eds.<\/p>\n\n\n\n<p class=\"wp-block-paragraph\">Fonte: Ag\u00eancia Brasil <\/p>\n","protected":false},"excerpt":{"rendered":"<p>Mais de 8 milh\u00f5es de doses de vacinas foram aplicadas em todo o pa\u00eds durante a Campanha Nacional de Multivacina\u00e7\u00e3o de 2026, iniciada em 3 de agosto e que se encerra nesta ter\u00e7a-feira (1\u00ba). Realizada pelo Minist\u00e9rio da Sa\u00fade, em parceria com estados e munic\u00edpios, a campanha nacional combate doen\u00e7as preven\u00edveis por imuniza\u00e7\u00e3o.&nbsp;O p\u00fablico alvo [&hellip;]<\/p>\n","protected":false},"author":2,"featured_media":134656,"comment_status":"open","ping_status":"open","sticky":false,"template":"","format":"standard","meta":{"footnotes":""},"categories":[32],"tags":[11],"class_list":["post-134655","post","type-post","status-publish","format-standard","has-post-thumbnail","category-saude","tag-destaque"],"_links":{"self":[{"href":"https:\/\/diariodoplaneta.com.br\/index.php?rest_route=\/wp\/v2\/posts\/134655","targetHints":{"allow":["GET"]}}],"collection":[{"href":"https:\/\/diariodoplaneta.com.br\/index.php?rest_route=\/wp\/v2\/posts"}],"about":[{"href":"https:\/\/diariodoplaneta.com.br\/index.php?rest_route=\/wp\/v2\/types\/post"}],"author":[{"embeddable":true,"href":"https:\/\/diariodoplaneta.com.br\/index.php?rest_route=\/wp\/v2\/users\/2"}],"replies":[{"embeddable":true,"href":"https:\/\/diariodoplaneta.com.br\/index.php?rest_route=%2Fwp%2Fv2%2Fcomments&post=134655"}],"version-history":[{"count":1,"href":"https:\/\/diariodoplaneta.com.br\/index.php?rest_route=\/wp\/v2\/posts\/134655\/revisions"}],"predecessor-version":[{"id":134657,"href":"https:\/\/diariodoplaneta.com.br\/index.php?rest_route=\/wp\/v2\/posts\/134655\/revisions\/134657"}],"wp:featuredmedia":[{"embeddable":true,"href":"https:\/\/diariodoplaneta.com.br\/index.php?rest_route=\/wp\/v2\/media\/134656"}],"wp:attachment":[{"href":"https:\/\/diariodoplaneta.com.br\/index.php?rest_route=%2Fwp%2Fv2%2Fmedia&parent=134655"}],"wp:term":[{"taxonomy":"category","embeddable":true,"href":"https:\/\/diariodoplaneta.com.br\/index.php?rest_route=%2Fwp%2Fv2%2Fcategories&post=134655"},{"taxonomy":"post_tag","embeddable":true,"href":"https:\/\/diariodoplaneta.com.br\/index.php?rest_route=%2Fwp%2Fv2%2Ftags&post=134655"}],"curies":[{"name":"wp","href":"https:\/\/api.w.org\/{rel}","templated":true}]}}