{"id":134651,"date":"2026-08-31T10:35:51","date_gmt":"2026-08-31T13:35:51","guid":{"rendered":"https:\/\/diariodoplaneta.com.br\/?p=134651"},"modified":"2026-08-31T10:35:52","modified_gmt":"2026-08-31T13:35:52","slug":"agosto-termina-com-contrastes-extremos-e-calor-de-ate-41oc","status":"publish","type":"post","link":"https:\/\/diariodoplaneta.com.br\/?p=134651","title":{"rendered":"Agosto termina com contrastes extremos e calor de at\u00e9 41\u00baC\u00a0"},"content":{"rendered":"\n<p class=\"wp-block-paragraph\">O \u00faltimo dia de agosto \u00e9 marcado por contrastes extremos no pa\u00eds, com previs\u00e3o de temporais e alerta de perigo na Regi\u00e3o Sul \u2014 onde Curitiba pode alcan\u00e7ar 35\u00b0C e Porto Alegre n\u00e3o passa dos 19\u00b0C \u2014, enquanto o&nbsp;<strong>Centro-Oeste e o Norte enfrentam calor intenso de at\u00e9 41\u00b0C em capitais como Cuiab\u00e1 e Porto Velho, combinados com tempo seco e chuvas isoladas em outras regi\u00f5es.<\/strong><img decoding=\"async\" src=\"https:\/\/agenciabrasil.ebc.com.br\/ebc.png?id=1701080&amp;o=node\"><img decoding=\"async\" src=\"https:\/\/agenciabrasil.ebc.com.br\/ebc.gif?id=1701080&amp;o=node\"><\/p>\n\n\n\n<p class=\"wp-block-paragraph\">Devido \u00e0 persist\u00eancia do calor e do tempo seco, o&nbsp;<strong>Instituto Nacional de Meteorologia (Inmet) emitiu, hoje (31), dois alertas. O primeiro, um aviso amarelo de perigo potencial para baixa umidade [INMET &#8211; Avisos] abrange extensas \u00e1reas em 11 unidades federativas (BA; DF; GO; MA; MT; MS; MG; PA; PE; PI e SP) onde a umidade relativa do ar pode variar entre 30% e 20%, com riscos \u00e0 sa\u00fade e de inc\u00eandios florestais.<\/strong><\/p>\n\n\n\n<p class=\"wp-block-paragraph\"><strong>O segundo alerta, laranja, abrange outras regi\u00f5es em dez unidades federativas (BA; DF; GO; MT; MS; MG; PA; RO; SP e TO), nas quais a umidade relativa do ar pode variar entre 20% e 12%.<\/strong><\/p>\n\n\n\n<p class=\"wp-block-paragraph\"><strong>O ar muito seco dificulta a dispers\u00e3o de gases poluentes e resseca as mucosas das vias a\u00e9reas, o que, segundo o Minist\u00e9rio da Sa\u00fade [RECOMENDA\u00c7\u00d5ES FEDERAIS] facilita crises de asma, alergia, al\u00e9m de infec\u00e7\u00f5es virais e bacterianas.&nbsp;<\/strong>Associado \u00e0s altas temperaturas, o tempo seco tamb\u00e9m potencializa queimadas e inc\u00eandios florestais.&nbsp;<strong>Nestes casos, \u00e9 necess\u00e1rio beber bastante \u00e1gua; evitar atividades f\u00edsicas ao ar livre e a exposi\u00e7\u00e3o ao sol entre 10h e 17h; procurar um posto m\u00e9dico em caso de problemas respirat\u00f3rios; evitar banhos com \u00e1gua quente e, se necess\u00e1rio, usar hidratante.<\/strong><\/p>\n\n\n\n<p class=\"wp-block-paragraph\"><strong>Quando a umidade fica entre 21% e 30%, a Defesa Civil pode decretar o estado de aten\u00e7\u00e3o. Caso o indicador caia mais, pode ser decretado o estado de alerta, que ocorre com umidade entre 12% at\u00e9 20%, ou o estado de emerg\u00eancia, para \u00edndices abaixo dos 12%.<\/strong><\/p>\n\n\n\n<p class=\"wp-block-paragraph\"><strong>Saiba mais detalhes de acordo com o boletim meteorol\u00f3gico do Instituto Nacional de Meteorologia (Inmet) para esta segunda-feira (31) em cada regi\u00e3o do pa\u00eds:<\/strong><\/p>\n\n\n\n<p class=\"wp-block-paragraph\"><strong>Regi\u00e3o Sul:&nbsp;<\/strong>As chuvas n\u00e3o d\u00e3o tr\u00e9gua e espera-se grandes contrastes de temperatura entre os estados da regi\u00e3o. Ocorrem chuvas com trovoadas desde o centro-sul e oeste do Paran\u00e1 at\u00e9 o sul do Rio Grande do Sul. H\u00e1 c\u00e9u encoberto com temporais no sul do Paran\u00e1, em todo o estado de Santa Catarina e no centro-norte do Rio Grande do Sul, incluindo Porto Alegre.&nbsp;<strong>O Inmet mant\u00e9m para esta segunda-feira o aviso laranja de perigo para tempestades em todo o estado de Santa Catarina, norte e oeste do Rio Grande do Sul e tamb\u00e9m para o leste e o centro do Paran\u00e1. Curitiba pode atingir 35\u00b0C, enquanto Porto Alegre n\u00e3o passa dos 19\u00b0C.<\/strong><\/p>\n\n\n\n<p class=\"wp-block-paragraph\"><strong>Regi\u00e3o Norte: Aumento da instabilidade com pancadas de chuva e trovoadas isoladas no oeste e norte do Amazonas.&nbsp;<\/strong>Chuvas isoladas tamb\u00e9m no Acre, nas demais \u00e1reas do Amazonas, e no centro-oeste e norte de Rond\u00f4nia e Roraima. Sol e poucas nuvens no Tocantins e centro-sul do Par\u00e1.&nbsp;<strong>Forte calor \u00e0 tarde, com m\u00e1ximas de at\u00e9 37\u00b0C em Manaus, 39\u00b0C em Palmas e 41\u00b0C em Porto Velho. A m\u00ednima prevista entre as capitais da regi\u00e3o dever\u00e1 ocorrer em Rio Branco (AC), onde a temperatura pode atingir os 22\u00baC.<\/strong><\/p>\n\n\n\n<p class=\"wp-block-paragraph\"><strong>Regi\u00e3o Nordeste:<\/strong>&nbsp;<strong>Ocorrem pancadas de chuva isoladas no litoral leste (pegando do litoral norte da Bahia at\u00e9 o Rio Grande do Norte, incluindo Sergipe, Alagoas, Pernambuco e Para\u00edba) e no agreste desses estados.<\/strong>&nbsp;O centro-norte do Cear\u00e1, norte do Piau\u00ed e Maranh\u00e3o, e o litoral sul da Bahia ficam com muitas nuvens, mas sem chuva. C\u00e9u com poucas nuvens em grande parte da Bahia, oeste de Pernambuco e da Para\u00edba, sul do Cear\u00e1 e centro-sul do Piau\u00ed e Maranh\u00e3o. Temperaturas em eleva\u00e7\u00e3o no interior do Nordeste.&nbsp;<strong>A m\u00e1xima pode chegar a 39\u00ba C em Teresina, enquanto a m\u00ednima prevista (21\u00baC) entre as capitais nordestinas podem ocorrer em Salvador e Macei\u00f3.<\/strong><\/p>\n\n\n\n<p class=\"wp-block-paragraph\"><strong>Regi\u00e3o Centro-Oeste:<\/strong>&nbsp;As pancadas de chuva se espalham por Mato Grosso do Sul (apenas o nordeste do estado fica sem chuva, com muitas nuvens). Muitas nuvens tamb\u00e9m no noroeste, oeste e sul de Mato Grosso e no sul de Goi\u00e1s. Sol e poucas nuvens nas demais \u00e1reas.&nbsp;<strong>Nas \u00e1reas onde predomina o tempo seco, como o Distrito Federal, a tend\u00eancia \u00e9 forte eleva\u00e7\u00e3o das temperaturas, com possibilidade de a temperatura m\u00e1xima chegar a 41\u00baC em Cuiab\u00e1<\/strong><\/p>\n\n\n\n<p class=\"wp-block-paragraph\"><strong>Regi\u00e3o Sudeste:<\/strong>&nbsp;Muitas nuvens no sul e oeste de Minas Gerais e em S\u00e3o Paulo, com possibilidade de chuvas isoladas no oeste, centro e sul paulista. C\u00e9u com poucas nuvens nas demais \u00e1reas.<strong>&nbsp;O calor continua intenso na capital paulista, com m\u00e1xima de 36\u00b0C.<\/strong><\/p>\n\n\n\n<p class=\"wp-block-paragraph\">Fonte: Ag\u00eancia Brasil <\/p>\n","protected":false},"excerpt":{"rendered":"<p>O \u00faltimo dia de agosto \u00e9 marcado por contrastes extremos no pa\u00eds, com previs\u00e3o de temporais e alerta de perigo na Regi\u00e3o Sul \u2014 onde Curitiba pode alcan\u00e7ar 35\u00b0C e Porto Alegre n\u00e3o passa dos 19\u00b0C \u2014, enquanto o&nbsp;Centro-Oeste e o Norte enfrentam calor intenso de at\u00e9 41\u00b0C em capitais como Cuiab\u00e1 e Porto Velho, [&hellip;]<\/p>\n","protected":false},"author":2,"featured_media":134652,"comment_status":"open","ping_status":"open","sticky":false,"template":"","format":"standard","meta":{"footnotes":""},"categories":[5],"tags":[24],"class_list":["post-134651","post","type-post","status-publish","format-standard","has-post-thumbnail","category-geral","tag-manchete"],"_links":{"self":[{"href":"https:\/\/diariodoplaneta.com.br\/index.php?rest_route=\/wp\/v2\/posts\/134651","targetHints":{"allow":["GET"]}}],"collection":[{"href":"https:\/\/diariodoplaneta.com.br\/index.php?rest_route=\/wp\/v2\/posts"}],"about":[{"href":"https:\/\/diariodoplaneta.com.br\/index.php?rest_route=\/wp\/v2\/types\/post"}],"author":[{"embeddable":true,"href":"https:\/\/diariodoplaneta.com.br\/index.php?rest_route=\/wp\/v2\/users\/2"}],"replies":[{"embeddable":true,"href":"https:\/\/diariodoplaneta.com.br\/index.php?rest_route=%2Fwp%2Fv2%2Fcomments&post=134651"}],"version-history":[{"count":1,"href":"https:\/\/diariodoplaneta.com.br\/index.php?rest_route=\/wp\/v2\/posts\/134651\/revisions"}],"predecessor-version":[{"id":134653,"href":"https:\/\/diariodoplaneta.com.br\/index.php?rest_route=\/wp\/v2\/posts\/134651\/revisions\/134653"}],"wp:featuredmedia":[{"embeddable":true,"href":"https:\/\/diariodoplaneta.com.br\/index.php?rest_route=\/wp\/v2\/media\/134652"}],"wp:attachment":[{"href":"https:\/\/diariodoplaneta.com.br\/index.php?rest_route=%2Fwp%2Fv2%2Fmedia&parent=134651"}],"wp:term":[{"taxonomy":"category","embeddable":true,"href":"https:\/\/diariodoplaneta.com.br\/index.php?rest_route=%2Fwp%2Fv2%2Fcategories&post=134651"},{"taxonomy":"post_tag","embeddable":true,"href":"https:\/\/diariodoplaneta.com.br\/index.php?rest_route=%2Fwp%2Fv2%2Ftags&post=134651"}],"curies":[{"name":"wp","href":"https:\/\/api.w.org\/{rel}","templated":true}]}}