{"id":132953,"date":"2026-03-13T12:12:36","date_gmt":"2026-03-13T15:12:36","guid":{"rendered":"https:\/\/diariodoplaneta.com.br\/?p=132953"},"modified":"2026-03-13T12:12:36","modified_gmt":"2026-03-13T15:12:36","slug":"mendonca-e-fux-votam-por-manter-vorcaro-preso-preventivamente","status":"publish","type":"post","link":"https:\/\/diariodoplaneta.com.br\/?p=132953","title":{"rendered":"Mendon\u00e7a e Fux votam por manter Vorcaro preso preventivamente"},"content":{"rendered":"\n<p>Os ministros Andr\u00e9 Mendon\u00e7a e Luiz Fux, do Supremo Tribunal Federal (STF), votaram nesta sexta-feira (13) por&nbsp;<a href=\"https:\/\/agenciabrasil.ebc.com.br\/justica\/noticia\/2026-03\/supremo-decide-se-mantem-prisao-de-vorcaro\" target=\"_blank\" rel=\"noreferrer noopener\">manter a pris\u00e3o preventiva do banqueiro Daniel Vorcaro<\/a>, dono do Banco Master, institui\u00e7\u00e3o que foi liq\u00fcidada pelo Banco Central por falta de dinheiro em caixa para honrar seus compromissos.&nbsp;<img decoding=\"async\" src=\"https:\/\/agenciabrasil.ebc.com.br\/ebc.png?id=1681818&amp;o=node\"><img decoding=\"async\" src=\"https:\/\/agenciabrasil.ebc.com.br\/ebc.gif?id=1681818&amp;o=node\"><\/p>\n\n\n\n<p><a href=\"https:\/\/agenciabrasil.ebc.com.br\/justica\/noticia\/2026-03\/vorcaro-chega-brasilia-em-voo-da-pf-e-vai-para-presidio-federal\" target=\"_blank\" rel=\"noreferrer noopener\">Vorcaro foi preso em 4 de mar\u00e7o, na terceira fase da Opera\u00e7\u00e3o Compliance Zero<\/a>. Mendon\u00e7a, atual relator do caso no Supremo, autorizou a medida ap\u00f3s receber da Pol\u00edcia Federal ind\u00edcios de que Vorcaro mantinha uma estrutura particular para monitoramento e intimida\u00e7\u00e3o de pessoas que via como inimigas de seus interesses.&nbsp;<\/p>\n\n\n\n<p>A partir desta sexta, a Segunda Turma do Supremo vota se mant\u00e9m ou n\u00e3o a pris\u00e3o de Vorcaro, em sess\u00e3o virtual. At\u00e9 o momento, apenas Mendon\u00e7a e Fux votaram de modo remoto. Os ministros Gilmar Mendes e Nunes Marques t\u00eam at\u00e9 a pr\u00f3xima sexta (20) para tamb\u00e9m votar.&nbsp;<\/p>\n\n\n\n<p><a href=\"https:\/\/agenciabrasil.ebc.com.br\/justica\/noticia\/2026-03\/toffoli-se-declara-suspeito-para-julgar-prisao-de-vorcaro\" target=\"_blank\" rel=\"noreferrer noopener\">O ministro Dias Toffoli, que tamb\u00e9m integra a Segunda Turma e foi o primeiro relator do caso no Supremo, declarou-se suspeito para julgar<\/a>os processos relativos ao banco, por motivo de foro \u00edntimo.&nbsp;<\/p>\n\n\n\n<p>O movimento de Toffoli se deu em raz\u00e3o de pol\u00eamicas oriundas de neg\u00f3cios passados de uma empresa de sua fam\u00edlia e um fundo ligado ao Master. Decis\u00f5es controversas no caso tamb\u00e9m desgataram o ministro na condu\u00e7\u00e3o do processo.&nbsp;<\/p>\n\n\n\n<p><strong>A PF chegou a produzir um relat\u00f3rio sobre os pontos de contato entre Toffoli e Vorcaro, mas o documento acabou sendo descartado pelo Supremo, que viu nele um movimento ilegal de investiga\u00e7\u00e3o de um ministro do Supremo sem autoriza\u00e7\u00e3o judicial.&nbsp;<\/strong><\/p>\n\n\n\n<p>Com isso, o julgamento sobre a pris\u00e3o de Vorcaro contar\u00e1 com a participa\u00e7\u00e3o de quatro ministros. Em caso de empate, deve ser aplicado o princ\u00edpio do&nbsp;i<em>n dubio pro reo<\/em>, isto \u00e9, na d\u00favida o resultado dever\u00e1 ser favor\u00e1vel ao investigado.<\/p>\n\n\n\n<p>Fonte: Ag\u00eancia Brasil <\/p>\n","protected":false},"excerpt":{"rendered":"<p>Os ministros Andr\u00e9 Mendon\u00e7a e Luiz Fux, do Supremo Tribunal Federal (STF), votaram nesta sexta-feira (13) por&nbsp;manter a pris\u00e3o preventiva do banqueiro Daniel Vorcaro, dono do Banco Master, institui\u00e7\u00e3o que foi liq\u00fcidada pelo Banco Central por falta de dinheiro em caixa para honrar seus compromissos.&nbsp; Vorcaro foi preso em 4 de mar\u00e7o, na terceira fase [&hellip;]<\/p>\n","protected":false},"author":2,"featured_media":132954,"comment_status":"open","ping_status":"open","sticky":false,"template":"","format":"standard","meta":{"footnotes":""},"categories":[5],"tags":[24],"class_list":{"0":"post-132953","1":"post","2":"type-post","3":"status-publish","4":"format-standard","5":"has-post-thumbnail","7":"category-geral","8":"tag-manchete"},"_links":{"self":[{"href":"https:\/\/diariodoplaneta.com.br\/index.php?rest_route=\/wp\/v2\/posts\/132953","targetHints":{"allow":["GET"]}}],"collection":[{"href":"https:\/\/diariodoplaneta.com.br\/index.php?rest_route=\/wp\/v2\/posts"}],"about":[{"href":"https:\/\/diariodoplaneta.com.br\/index.php?rest_route=\/wp\/v2\/types\/post"}],"author":[{"embeddable":true,"href":"https:\/\/diariodoplaneta.com.br\/index.php?rest_route=\/wp\/v2\/users\/2"}],"replies":[{"embeddable":true,"href":"https:\/\/diariodoplaneta.com.br\/index.php?rest_route=%2Fwp%2Fv2%2Fcomments&post=132953"}],"version-history":[{"count":1,"href":"https:\/\/diariodoplaneta.com.br\/index.php?rest_route=\/wp\/v2\/posts\/132953\/revisions"}],"predecessor-version":[{"id":132955,"href":"https:\/\/diariodoplaneta.com.br\/index.php?rest_route=\/wp\/v2\/posts\/132953\/revisions\/132955"}],"wp:featuredmedia":[{"embeddable":true,"href":"https:\/\/diariodoplaneta.com.br\/index.php?rest_route=\/wp\/v2\/media\/132954"}],"wp:attachment":[{"href":"https:\/\/diariodoplaneta.com.br\/index.php?rest_route=%2Fwp%2Fv2%2Fmedia&parent=132953"}],"wp:term":[{"taxonomy":"category","embeddable":true,"href":"https:\/\/diariodoplaneta.com.br\/index.php?rest_route=%2Fwp%2Fv2%2Fcategories&post=132953"},{"taxonomy":"post_tag","embeddable":true,"href":"https:\/\/diariodoplaneta.com.br\/index.php?rest_route=%2Fwp%2Fv2%2Ftags&post=132953"}],"curies":[{"name":"wp","href":"https:\/\/api.w.org\/{rel}","templated":true}]}}