{"id":132950,"date":"2026-03-13T11:40:47","date_gmt":"2026-03-13T14:40:47","guid":{"rendered":"https:\/\/diariodoplaneta.com.br\/?p=132950"},"modified":"2026-03-13T11:40:48","modified_gmt":"2026-03-13T14:40:48","slug":"petrobras-aprova-adesao-ao-programa-do-governo-para-baratear-diesel","status":"publish","type":"post","link":"https:\/\/diariodoplaneta.com.br\/?p=132950","title":{"rendered":"Petrobras aprova ades\u00e3o ao programa do governo para baratear diesel"},"content":{"rendered":"\n<p>A Petrobras informou, na noite dessa&nbsp;quinta-feira (12), que o Conselho de Administra\u00e7\u00e3o da companhia aprovou a ades\u00e3o \u00e0 subven\u00e7\u00e3o econ\u00f4mica \u00e0 comercializa\u00e7\u00e3o de \u00f3leo diesel. Isso significa que a Petrobras pode se voluntariar a receber o desconto de R$ 0,32 por litro do combust\u00edvel, que ser\u00e1 pago pelo governo federal.<img decoding=\"async\" src=\"https:\/\/agenciabrasil.ebc.com.br\/ebc.png?id=1681815&amp;o=node\"><img decoding=\"async\" src=\"https:\/\/agenciabrasil.ebc.com.br\/ebc.gif?id=1681815&amp;o=node\"><\/p>\n\n\n\n<p><strong>A subven\u00e7\u00e3o econ\u00f4mica est\u00e1 expressa na&nbsp;<a href=\"https:\/\/legis.senado.leg.br\/sdleg-getter\/documento?dm=10178630&amp;ts=1773403518870&amp;disposition=inline\" target=\"_blank\" rel=\"noreferrer noopener\">Medida Provis\u00f3ria 1.340<\/a>, publicada pelo governo Lula tamb\u00e9m na quinta-feira. A iniciativa permite que o governo conceda essa ajuda aos produtores e importadores de diesel.<\/strong><\/p>\n\n\n\n<p>A iniciativa \u00e9 um enfrentamento \u00e0&nbsp;<a href=\"https:\/\/agenciabrasil.ebc.com.br\/economia\/noticia\/2026-03\/lula-zera-imposto-e-subsidia-diesel-para-conter-alta-do-petroleo\" target=\"_blank\" rel=\"noreferrer noopener\">alta do pre\u00e7o do petr\u00f3leo<\/a>&nbsp;no mercado internacional, causada pela guerra no Ir\u00e3.&nbsp;<\/p>\n\n\n\n<p><strong>A contrapartida da ades\u00e3o \u00e9 repassar o desconto, ou seja, fazer com que o pre\u00e7o ao consumidor tamb\u00e9m seja reduzido, chegando \u00e0s bombas.<\/strong><\/p>\n\n\n\n<p><a href=\"https:\/\/whatsapp.com\/channel\/0029VaoRTgrInlqYLSk59B2M\" target=\"_blank\" rel=\"noreferrer noopener\">&gt;&gt; Siga o canal da&nbsp;<strong>Ag\u00eancia Brasil&nbsp;<\/strong>no WhatsApp<\/a><\/p>\n\n\n\n<h2 class=\"wp-block-heading\">Interesse da Petrobras<\/h2>\n\n\n\n<p><strong>Em comunicado, a Petrobras informa&nbsp;que o programa tem car\u00e1ter facultativo e que a ades\u00e3o \u201c\u00e9 compat\u00edvel com o interesse da companhia\u201d.<\/strong><\/p>\n\n\n\n<p>A estatal condiciona a efetiva assinatura do termo de ades\u00e3o \u00e0 publica\u00e7\u00e3o e an\u00e1lise dos instrumentos regulat\u00f3rios pela Ag\u00eancia Nacional do Petr\u00f3leo, G\u00e1s Natural e Biocombust\u00edveis (ANP) relacionados ao pre\u00e7o de refer\u00eancia, necess\u00e1rios para a operacionaliza\u00e7\u00e3o da subven\u00e7\u00e3o econ\u00f4mica.<\/p>\n\n\n\n<p><strong>A ANP, ligada ao Minist\u00e9rio de Minas e Energia (MME), \u00e9 a ag\u00eancia reguladora da ind\u00fastria do petr\u00f3leo no pa\u00eds e determinar\u00e1 pre\u00e7os de refer\u00eancia, de forma que seja poss\u00edvel avaliar se os descontos est\u00e3o chegando ao consumidor.<\/strong><\/p>\n\n\n\n<p>No comunicado, a Petrobras refor\u00e7a que \u201cmant\u00e9m sua estrat\u00e9gia comercial, levando em considera\u00e7\u00e3o a participa\u00e7\u00e3o no mercado, a otimiza\u00e7\u00e3o dos ativos de refino e a rentabilidade de maneira sustent\u00e1vel, evitando o repasse para os pre\u00e7os internos da volatilidade conjuntural das cota\u00e7\u00f5es internacionais e da taxa de c\u00e2mbio\u201d.<\/p>\n\n\n\n<h2 class=\"wp-block-heading\">Tributos zerados<\/h2>\n\n\n\n<p><strong>Al\u00e9m da subven\u00e7\u00e3o econ\u00f4mica, o governo anunciou outra medida para conter a alta no pre\u00e7o do diesel: foram zeradas as al\u00edquotas dos dois tributos federais sobre a importa\u00e7\u00e3o e comercializa\u00e7\u00e3o do diesel, o PIS e a Cofins.<\/strong><\/p>\n\n\n\n<p>Nos c\u00e1lculos do Minist\u00e9rio da Fazenda, a subven\u00e7\u00e3o econ\u00f4mica e as al\u00edquotas zeradas t\u00eam potencial de baixar em R$ 0,64 o pre\u00e7o do litro do diesel. As medidas foram anunciadas em car\u00e1ter tempor\u00e1rio, at\u00e9 dia 31 de dezembro.<\/p>\n\n\n\n<h2 class=\"wp-block-heading\">Gargalo mar\u00edtimo<\/h2>\n\n\n\n<p><strong>A ofensiva dos Estados Unidos e de Israel contra o Ir\u00e3 completa duas semanas nesta sexta-feira. Uma das formas de retalia\u00e7\u00e3o do Ir\u00e3 \u00e9 o bloqueio do Estreito de Ormuz, liga\u00e7\u00e3o mar\u00edtima entre os golfos P\u00e9rsico e de Om\u00e3, ao sul do Ir\u00e3. Por l\u00e1, passam 20% da produ\u00e7\u00e3o mundial de petr\u00f3leo e g\u00e1s.<\/strong><\/p>\n\n\n\n<p>O gargalo na regi\u00e3o representa falta de oferta de petr\u00f3leo no mercado internacional, o que eleva a cota\u00e7\u00e3o dos pre\u00e7os. Nesta sexta-feira, o contrato futuro do barril de petr\u00f3leo Brent, pre\u00e7o de refer\u00eancia, est\u00e1 negociado perto de US$ 100 (equivalente a cerca de R$ 520).<\/p>\n\n\n\n<p>H\u00e1 duas semanas, a cota\u00e7\u00e3o beirava US$ 70, ou seja, em 15&nbsp;dias subiu cerca de 40%. O Ir\u00e3 tem se mostrado desafiador e chegou a alertar o&nbsp;mundo para se preparar para&nbsp;o&nbsp;<a href=\"https:\/\/agenciabrasil.ebc.com.br\/internacional\/noticia\/2026-03\/ira-diz-ao-mundo-para-se-preparar-para-petroleo-us-200-o-barril\" target=\"_blank\" rel=\"noreferrer noopener\">petr\u00f3leo a US$ 200<\/a>.<\/p>\n\n\n\n<p>Fonte: Ag\u00eancia Brasil <\/p>\n","protected":false},"excerpt":{"rendered":"<p>A Petrobras informou, na noite dessa&nbsp;quinta-feira (12), que o Conselho de Administra\u00e7\u00e3o da companhia aprovou a ades\u00e3o \u00e0 subven\u00e7\u00e3o econ\u00f4mica \u00e0 comercializa\u00e7\u00e3o de \u00f3leo diesel. Isso significa que a Petrobras pode se voluntariar a receber o desconto de R$ 0,32 por litro do combust\u00edvel, que ser\u00e1 pago pelo governo federal. A subven\u00e7\u00e3o econ\u00f4mica est\u00e1 expressa [&hellip;]<\/p>\n","protected":false},"author":2,"featured_media":132951,"comment_status":"open","ping_status":"open","sticky":false,"template":"","format":"standard","meta":{"footnotes":""},"categories":[20],"tags":[11],"class_list":{"0":"post-132950","1":"post","2":"type-post","3":"status-publish","4":"format-standard","5":"has-post-thumbnail","7":"category-economia","8":"tag-destaque"},"_links":{"self":[{"href":"https:\/\/diariodoplaneta.com.br\/index.php?rest_route=\/wp\/v2\/posts\/132950","targetHints":{"allow":["GET"]}}],"collection":[{"href":"https:\/\/diariodoplaneta.com.br\/index.php?rest_route=\/wp\/v2\/posts"}],"about":[{"href":"https:\/\/diariodoplaneta.com.br\/index.php?rest_route=\/wp\/v2\/types\/post"}],"author":[{"embeddable":true,"href":"https:\/\/diariodoplaneta.com.br\/index.php?rest_route=\/wp\/v2\/users\/2"}],"replies":[{"embeddable":true,"href":"https:\/\/diariodoplaneta.com.br\/index.php?rest_route=%2Fwp%2Fv2%2Fcomments&post=132950"}],"version-history":[{"count":1,"href":"https:\/\/diariodoplaneta.com.br\/index.php?rest_route=\/wp\/v2\/posts\/132950\/revisions"}],"predecessor-version":[{"id":132952,"href":"https:\/\/diariodoplaneta.com.br\/index.php?rest_route=\/wp\/v2\/posts\/132950\/revisions\/132952"}],"wp:featuredmedia":[{"embeddable":true,"href":"https:\/\/diariodoplaneta.com.br\/index.php?rest_route=\/wp\/v2\/media\/132951"}],"wp:attachment":[{"href":"https:\/\/diariodoplaneta.com.br\/index.php?rest_route=%2Fwp%2Fv2%2Fmedia&parent=132950"}],"wp:term":[{"taxonomy":"category","embeddable":true,"href":"https:\/\/diariodoplaneta.com.br\/index.php?rest_route=%2Fwp%2Fv2%2Fcategories&post=132950"},{"taxonomy":"post_tag","embeddable":true,"href":"https:\/\/diariodoplaneta.com.br\/index.php?rest_route=%2Fwp%2Fv2%2Ftags&post=132950"}],"curies":[{"name":"wp","href":"https:\/\/api.w.org\/{rel}","templated":true}]}}