{"id":132934,"date":"2026-03-11T10:02:53","date_gmt":"2026-03-11T13:02:53","guid":{"rendered":"https:\/\/diariodoplaneta.com.br\/?p=132934"},"modified":"2026-03-11T10:02:53","modified_gmt":"2026-03-11T13:02:53","slug":"pf-prende-policiais-militares-envolvidos-com-grupos-criminosos-no-rio","status":"publish","type":"post","link":"https:\/\/diariodoplaneta.com.br\/?p=132934","title":{"rendered":"PF prende policiais militares envolvidos com grupos criminosos no Rio"},"content":{"rendered":"\n<p><strong>A Pol\u00edcia Federal deflagrou a 3\u00aa fase da Opera\u00e7\u00e3o Anomalia, nesta quarta-feira (11), visando desmantelar um n\u00facleo composto por policiais militares do estado do Rio de Janeiro, envolvidos com fac\u00e7\u00f5es e mil\u00edcias. Desde as primeiras horas da manh\u00e3, os policiais federais cumprem mandados de pris\u00e3o dos investigados.<\/strong><img decoding=\"async\" src=\"https:\/\/agenciabrasil.ebc.com.br\/ebc.png?id=1681507&amp;o=node\"><img decoding=\"async\" src=\"https:\/\/agenciabrasil.ebc.com.br\/ebc.gif?id=1681507&amp;o=node\"><\/p>\n\n\n\n<p>Os sete PMs alvos da opera\u00e7\u00e3o foram presos e encaminhados \u00e0 unidade prisional da corpora\u00e7\u00e3o em Niter\u00f3i. Segundo a Pol\u00edcia Militar do Rio, eles ser\u00e3o submetidos a processos administrativos disciplinares.<\/p>\n\n\n\n<p>Na a\u00e7\u00e3o de hoje, os agentes tamb\u00e9m cumprem sete mandados de busca e apreens\u00e3o nas cidades do Rio de Janeiro, nos bairros Taquara, Freguesia, Campo Grande e Santa Cruz; e de Nova Igua\u00e7u e Nil\u00f3polis, na Baixada Fluminense.<\/p>\n\n\n\n<p>O Supremo Tribunal Federal (STF) tamb\u00e9m determinou o imediato afastamento das fun\u00e7\u00f5es p\u00fablicas de todos os investigados, bem como a quebra do sigilo de dados dos equipamentos eletr\u00f4nicos apreendidos. O cumprimento das ordens judiciais contou com o apoio da Corregedoria da Pol\u00edcia Militar do Rio.<\/p>\n\n\n\n<h2 class=\"wp-block-heading\">Modus Operandi<\/h2>\n\n\n\n<p>As apura\u00e7\u00f5es d\u00e3o conta que os \u201cpoliciais militares alvos da opera\u00e7\u00e3o se utilizavam das prerrogativas da farda e da fun\u00e7\u00e3o p\u00fablica para atuar em benef\u00edcio do crime organizado. A investiga\u00e7\u00e3o evidenciou uma estrutura voltada n\u00e3o apenas \u00e0 facilita\u00e7\u00e3o log\u00edstica para o tr\u00e1fico e mil\u00edcias, mas tamb\u00e9m \u00e0 blindagem de criminosos e \u00e0 oculta\u00e7\u00e3o do proveito econ\u00f4mico il\u00edcito\u201d.<\/p>\n\n\n\n<p>De acordo com a PF, os investigados responder\u00e3o pelos crimes de organiza\u00e7\u00e3o criminosa, corrup\u00e7\u00e3o ativa e passiva, al\u00e9m de lavagem de capitais. O material apreendido durante as buscas ser\u00e1 submetido \u00e0 an\u00e1lise, para a identifica\u00e7\u00e3o de poss\u00edveis outros agentes envolvidos no esquema.<\/p>\n\n\n\n<p>A opera\u00e7\u00e3o \u00e9 fruto das apura\u00e7\u00f5es conduzidas pela For\u00e7a-Tarefa Miss\u00e3o Redentor II, que consolida as diretrizes do STF em cumprimento ao Ac\u00f3rd\u00e3o da ADPF 635. A a\u00e7\u00e3o que estabelece a atua\u00e7\u00e3o uniforme da PF na produ\u00e7\u00e3o de intelig\u00eancia para desmantelar fac\u00e7\u00f5es ligadas ao tr\u00e1fico de drogas e armas, promovendo a asfixia financeira de tais organiza\u00e7\u00f5es e o corte sum\u00e1rio de suas conex\u00f5es com agentes do Estado\u201d, diz a nota da PF.<\/p>\n\n\n\n<h2 class=\"wp-block-heading\">Delegado preso<\/h2>\n\n\n\n<p>Nesta ter\u00e7a-feira (10), os policiais federais prenderam tr\u00eas policiais civis do Rio de Janeiro,&nbsp;<a href=\"https:\/\/agenciabrasil.ebc.com.br\/geral\/noticia\/2026-03\/pf-prende-policiais-civis-do-rio-que-extorquiam-integrantes-do-cv\" target=\"_blank\" rel=\"noreferrer noopener\">entre eles o delegado titular de uma delegacia da capital<\/a>.&nbsp;<\/p>\n\n\n\n<p>O grupo \u00e9 investigado por utilizar a estrutura do Estado para extorquir integrantes da maior fac\u00e7\u00e3o criminosa do Rio de Janeiro, o Comando Vermelho, al\u00e9m de praticar corrup\u00e7\u00e3o e lavagem de dinheiro.<\/p>\n\n\n\n<p>Fonte: Ag\u00eancia Brasil <\/p>\n","protected":false},"excerpt":{"rendered":"<p>A Pol\u00edcia Federal deflagrou a 3\u00aa fase da Opera\u00e7\u00e3o Anomalia, nesta quarta-feira (11), visando desmantelar um n\u00facleo composto por policiais militares do estado do Rio de Janeiro, envolvidos com fac\u00e7\u00f5es e mil\u00edcias. Desde as primeiras horas da manh\u00e3, os policiais federais cumprem mandados de pris\u00e3o dos investigados. Os sete PMs alvos da opera\u00e7\u00e3o foram presos [&hellip;]<\/p>\n","protected":false},"author":2,"featured_media":132935,"comment_status":"open","ping_status":"open","sticky":false,"template":"","format":"standard","meta":{"footnotes":""},"categories":[5],"tags":[11],"class_list":{"0":"post-132934","1":"post","2":"type-post","3":"status-publish","4":"format-standard","5":"has-post-thumbnail","7":"category-geral","8":"tag-destaque"},"_links":{"self":[{"href":"https:\/\/diariodoplaneta.com.br\/index.php?rest_route=\/wp\/v2\/posts\/132934","targetHints":{"allow":["GET"]}}],"collection":[{"href":"https:\/\/diariodoplaneta.com.br\/index.php?rest_route=\/wp\/v2\/posts"}],"about":[{"href":"https:\/\/diariodoplaneta.com.br\/index.php?rest_route=\/wp\/v2\/types\/post"}],"author":[{"embeddable":true,"href":"https:\/\/diariodoplaneta.com.br\/index.php?rest_route=\/wp\/v2\/users\/2"}],"replies":[{"embeddable":true,"href":"https:\/\/diariodoplaneta.com.br\/index.php?rest_route=%2Fwp%2Fv2%2Fcomments&post=132934"}],"version-history":[{"count":1,"href":"https:\/\/diariodoplaneta.com.br\/index.php?rest_route=\/wp\/v2\/posts\/132934\/revisions"}],"predecessor-version":[{"id":132936,"href":"https:\/\/diariodoplaneta.com.br\/index.php?rest_route=\/wp\/v2\/posts\/132934\/revisions\/132936"}],"wp:featuredmedia":[{"embeddable":true,"href":"https:\/\/diariodoplaneta.com.br\/index.php?rest_route=\/wp\/v2\/media\/132935"}],"wp:attachment":[{"href":"https:\/\/diariodoplaneta.com.br\/index.php?rest_route=%2Fwp%2Fv2%2Fmedia&parent=132934"}],"wp:term":[{"taxonomy":"category","embeddable":true,"href":"https:\/\/diariodoplaneta.com.br\/index.php?rest_route=%2Fwp%2Fv2%2Fcategories&post=132934"},{"taxonomy":"post_tag","embeddable":true,"href":"https:\/\/diariodoplaneta.com.br\/index.php?rest_route=%2Fwp%2Fv2%2Ftags&post=132934"}],"curies":[{"name":"wp","href":"https:\/\/api.w.org\/{rel}","templated":true}]}}