{"id":132931,"date":"2026-03-11T10:01:33","date_gmt":"2026-03-11T13:01:33","guid":{"rendered":"https:\/\/diariodoplaneta.com.br\/?p=132931"},"modified":"2026-03-11T10:01:33","modified_gmt":"2026-03-11T13:01:33","slug":"vereador-do-rio-e-preso-suspeito-de-ligacao-com-o-comando-vermelho","status":"publish","type":"post","link":"https:\/\/diariodoplaneta.com.br\/?p=132931","title":{"rendered":"Vereador do Rio \u00e9 preso suspeito de liga\u00e7\u00e3o com o Comando Vermelho"},"content":{"rendered":"\n<p>O vereador do Rio de Janeiro Salvino Oliveira Barbosa (PSD), ex-secret\u00e1rio municipal da Juventude, foi preso nesta quarta-feira (11) pela Pol\u00edcia Civil por suspeita de liga\u00e7\u00e3o com o Comando Vermelho, a maior fac\u00e7\u00e3o criminosa do estado.<img decoding=\"async\" src=\"https:\/\/agenciabrasil.ebc.com.br\/ebc.png?id=1681505&amp;o=node\"><img decoding=\"async\" src=\"https:\/\/agenciabrasil.ebc.com.br\/ebc.gif?id=1681505&amp;o=node\"><\/p>\n\n\n\n<p><strong>A opera\u00e7\u00e3o revelou tentativas de interfer\u00eancia pol\u00edtica em \u00e1reas dominadas pelo tr\u00e1fico, com o objetivo de transformar esses territ\u00f3rios em bases eleitorais<\/strong>. Segundo a investiga\u00e7\u00e3o, o vereador Salvino teria negociado diretamente com o traficante Edgar Alves de Andrade, o \u201cDoca\u201d, autoriza\u00e7\u00e3o para realizar campanha eleitoral na comunidade da Gard\u00eania Azul, \u00e1rea sob dom\u00ednio do Comando Vermelho.<\/p>\n\n\n\n<p>\u201cEm contrapartida, o parlamentar teria articulado benef\u00edcios ao grupo criminoso, apresentados publicamente como a\u00e7\u00f5es voltadas \u00e0 popula\u00e7\u00e3o local. Um dos exemplos investigados envolve a instala\u00e7\u00e3o recente de quiosques na regi\u00e3o. Conforme apurado, a defini\u00e7\u00e3o de parte dos benefici\u00e1rios teria sido determinada diretamente por integrantes da fac\u00e7\u00e3o, sem processo p\u00fablico transparente\u201d, informou a pol\u00edcia.<\/p>\n\n\n\n<p>A assessoria do vereador disse que, at\u00e9 o momento, o gabinete n\u00e3o recebeu qualquer informa\u00e7\u00e3o oficial sobre o ocorrido. \u201cA assessoria jur\u00eddica j\u00e1 foi acionada e aguardamos esclarecimentos das autoridades competentes para compreender os fatos\u201d, diz a nota.<\/p>\n\n\n\n<h2 class=\"wp-block-heading\">Red Legacy<\/h2>\n\n\n\n<p><strong>Policiais da Delegacia de Combate ao Crime Organizado e \u00e0 Lavagem de Dinheiro deflagraram a Opera\u00e7\u00e3o Conten\u00e7\u00e3o Red Legacy, com o objetivo de desarticular a estrutura nacional do Comando Vermelho, identificada pela investiga\u00e7\u00e3o como organiza\u00e7\u00e3o criminosa com caracter\u00edsticas de cartel e atua\u00e7\u00e3o interestadual altamente estruturada.<\/strong><\/p>\n\n\n\n<blockquote class=\"wp-block-quote is-layout-flow wp-block-quote-is-layout-flow\">\n<p>\u201cAs investiga\u00e7\u00f5es reuniram um conjunto robusto de provas que revelam o funcionamento interno da fac\u00e7\u00e3o, demonstrando a exist\u00eancia de uma cadeia de comando organizada, divis\u00e3o territorial e articula\u00e7\u00e3o entre integrantes em diferentes estados do pa\u00eds, informou a corpora\u00e7\u00e3o.<\/p>\n<\/blockquote>\n\n\n\n<p><strong>At\u00e9 o momento, seis criminosos foram presos, incluindo um vereador do munic\u00edpio do Rio de Janeiro\u201d, acrescentou.<\/strong><\/p>\n\n\n\n<h2 class=\"wp-block-heading\">Marcinho VP<\/h2>\n\n\n\n<p><strong>As apura\u00e7\u00f5es tamb\u00e9m identificaram a participa\u00e7\u00e3o direta de familiares de um dos principais l\u00edderes hist\u00f3ricos da fac\u00e7\u00e3o, M\u00e1rcio dos Santos Nepomuceno, o \u201cMarcinho VP\u201d, no funcionamento dessa organiza\u00e7\u00e3o criminosa.<\/strong>Segundo a investiga\u00e7\u00e3o, M\u00e1rcia Gama, esposa de Marcinho VP, atua na intermedia\u00e7\u00e3o de interesses do grupo fora do sistema prisional, participando da circula\u00e7\u00e3o de informa\u00e7\u00f5es entre integrantes e de articula\u00e7\u00f5es envolvendo operadores da organiza\u00e7\u00e3o e agentes externos.<\/p>\n\n\n\n<p><strong>Outro investigado apontado como pe\u00e7a relevante na estrutura \u00e9 Landerson, sobrinho de Marcinho VP<\/strong>. De acordo com a investiga\u00e7\u00e3o, ele exerce papel de elo entre lideran\u00e7as da fac\u00e7\u00e3o, integrantes que atuam em comunidades dominadas pelo grupo e pessoas envolvidas em atividades econ\u00f4micas exploradas pela organiza\u00e7\u00e3o criminosa, como servi\u00e7os, im\u00f3veis e outros neg\u00f3cios utilizados para gera\u00e7\u00e3o de recursos e expans\u00e3o do poder do grupo.<\/p>\n\n\n\n<p>M\u00e1rcia e Landerson n\u00e3o foram localizados em seus endere\u00e7os e s\u00e3o considerados foragidos da Justi\u00e7a.<\/p>\n\n\n\n<p>Durante as investiga\u00e7\u00f5es, tamb\u00e9m foram identificados casos de criminosos que se passavam por policiais militares para obter vantagens il\u00edcitas, incluindo vazamento de informa\u00e7\u00f5es e simula\u00e7\u00e3o de opera\u00e7\u00f5es.<\/p>\n\n\n\n<blockquote class=\"wp-block-quote is-layout-flow wp-block-quote-is-layout-flow\">\n<p>\u201cA Pol\u00edcia Civil ressalta que essas&nbsp;condutas representam trai\u00e7\u00e3o \u00e0 institui\u00e7\u00e3o e n\u00e3o refletem a atua\u00e7\u00e3o da grande maioria dos profissionais da seguran\u00e7a p\u00fablica, que desempenha&nbsp;seu trabalho com dedica\u00e7\u00e3o e compromisso com a sociedade\u201d, afirma a corpora\u00e7\u00e3o.<\/p>\n<\/blockquote>\n\n\n\n<p><strong>O trabalho investigativo aponta ainda uma estrutura criminosa de grande complexidade, com conselho nacional, conselhos regionais e articula\u00e7\u00e3o entre organiza\u00e7\u00f5es criminosas de diferentes estados, inclusive com ind\u00edcios de coopera\u00e7\u00e3o entre o Comando Vermelho e o Primeiro Comando da Capital (PCC).<\/strong><\/p>\n\n\n\n<p>Mesmo ap\u00f3s quase tr\u00eas d\u00e9cadas no sistema prisional, as investiga\u00e7\u00f5es indicam que Marcinho VP continua exercendo papel central na estrutura de comando da fac\u00e7\u00e3o, apontado como lideran\u00e7a do chamado conselho federal permanente do grupo.<\/p>\n\n\n\n<p>A apura\u00e7\u00e3o tamb\u00e9m identificou outros integrantes com fun\u00e7\u00f5es estrat\u00e9gicas dentro da organiza\u00e7\u00e3o, entre eles o traficante Doca, apontado como principal lideran\u00e7a nas ruas; Luciano Martiniano da Silva, o \u201cPez\u00e3o\u201d, respons\u00e1vel pela gest\u00e3o financeira do grupo; e Carlos da Costa Neves, o \u201cGardenal\u201d, encarregado de operacionalizar determina\u00e7\u00f5es da lideran\u00e7a.<\/p>\n\n\n\n<p>As investiga\u00e7\u00f5es seguem em andamento para aprofundar a responsabiliza\u00e7\u00e3o penal de todos os envolvidos e ampliar o combate \u00e0s estruturas financeiras, operacionais e institucionais utilizadas pela organiza\u00e7\u00e3o criminosa.<\/p>\n\n\n\n<p>Fonte: Ag\u00eancia Brasil <\/p>\n","protected":false},"excerpt":{"rendered":"<p>O vereador do Rio de Janeiro Salvino Oliveira Barbosa (PSD), ex-secret\u00e1rio municipal da Juventude, foi preso nesta quarta-feira (11) pela Pol\u00edcia Civil por suspeita de liga\u00e7\u00e3o com o Comando Vermelho, a maior fac\u00e7\u00e3o criminosa do estado. A opera\u00e7\u00e3o revelou tentativas de interfer\u00eancia pol\u00edtica em \u00e1reas dominadas pelo tr\u00e1fico, com o objetivo de transformar esses territ\u00f3rios [&hellip;]<\/p>\n","protected":false},"author":2,"featured_media":132932,"comment_status":"open","ping_status":"open","sticky":false,"template":"","format":"standard","meta":{"footnotes":""},"categories":[25,27],"tags":[],"class_list":{"0":"post-132931","1":"post","2":"type-post","3":"status-publish","4":"format-standard","5":"has-post-thumbnail","7":"category-regional","8":"category-sudeste"},"_links":{"self":[{"href":"https:\/\/diariodoplaneta.com.br\/index.php?rest_route=\/wp\/v2\/posts\/132931","targetHints":{"allow":["GET"]}}],"collection":[{"href":"https:\/\/diariodoplaneta.com.br\/index.php?rest_route=\/wp\/v2\/posts"}],"about":[{"href":"https:\/\/diariodoplaneta.com.br\/index.php?rest_route=\/wp\/v2\/types\/post"}],"author":[{"embeddable":true,"href":"https:\/\/diariodoplaneta.com.br\/index.php?rest_route=\/wp\/v2\/users\/2"}],"replies":[{"embeddable":true,"href":"https:\/\/diariodoplaneta.com.br\/index.php?rest_route=%2Fwp%2Fv2%2Fcomments&post=132931"}],"version-history":[{"count":1,"href":"https:\/\/diariodoplaneta.com.br\/index.php?rest_route=\/wp\/v2\/posts\/132931\/revisions"}],"predecessor-version":[{"id":132933,"href":"https:\/\/diariodoplaneta.com.br\/index.php?rest_route=\/wp\/v2\/posts\/132931\/revisions\/132933"}],"wp:featuredmedia":[{"embeddable":true,"href":"https:\/\/diariodoplaneta.com.br\/index.php?rest_route=\/wp\/v2\/media\/132932"}],"wp:attachment":[{"href":"https:\/\/diariodoplaneta.com.br\/index.php?rest_route=%2Fwp%2Fv2%2Fmedia&parent=132931"}],"wp:term":[{"taxonomy":"category","embeddable":true,"href":"https:\/\/diariodoplaneta.com.br\/index.php?rest_route=%2Fwp%2Fv2%2Fcategories&post=132931"},{"taxonomy":"post_tag","embeddable":true,"href":"https:\/\/diariodoplaneta.com.br\/index.php?rest_route=%2Fwp%2Fv2%2Ftags&post=132931"}],"curies":[{"name":"wp","href":"https:\/\/api.w.org\/{rel}","templated":true}]}}