{"id":132925,"date":"2026-03-11T09:58:01","date_gmt":"2026-03-11T12:58:01","guid":{"rendered":"https:\/\/diariodoplaneta.com.br\/?p=132925"},"modified":"2026-03-11T09:58:01","modified_gmt":"2026-03-11T12:58:01","slug":"alckmin-defende-apuracao-rigorosa-no-caso-master","status":"publish","type":"post","link":"https:\/\/diariodoplaneta.com.br\/?p=132925","title":{"rendered":"Alckmin defende apura\u00e7\u00e3o rigorosa no caso Master"},"content":{"rendered":"\n<p><strong>O vice-presidente e ministro do Desenvolvimento, Ind\u00fastria e Com\u00e9rcio, Geraldo Alckmin, defendeu apura\u00e7\u00e3o rigorosa e puni\u00e7\u00e3o a todos os envolvidos no esc\u00e2ndalo do Banco Master, que gerou preju\u00edzos bilion\u00e1rios a investidores e entidades p\u00fablicas e privadas, segundo o Banco Central (BC).&nbsp;<\/strong><img decoding=\"async\" src=\"https:\/\/agenciabrasil.ebc.com.br\/ebc.png?id=1681485&amp;o=node\"><img decoding=\"async\" src=\"https:\/\/agenciabrasil.ebc.com.br\/ebc.gif?id=1681485&amp;o=node\"><\/p>\n\n\n\n<p><strong>A declara\u00e7\u00e3o foi dada ao jornalista Jos\u00e9 Luiz Datena, na estreia do programa&nbsp;<em>Na Mesa com Datena<\/em>, exibido na noite desta ter\u00e7a-feira (10) na<\/strong>&nbsp;<strong>TV Brasil<\/strong>. &nbsp;<\/p>\n\n\n\n<blockquote class=\"wp-block-quote is-layout-flow wp-block-quote-is-layout-flow\">\n<p>&#8220;Voc\u00ea n\u00e3o tem um desfalque, uma fraude, do ponto de vista banc\u00e1rio, que come\u00e7ou ontem. Isso vem l\u00e1 de tr\u00e1s. Agora, est\u00e1 ficando claro&nbsp;que tinham pessoas dentro do Banco Central, que \u00e9 o \u00f3rg\u00e3o respons\u00e1vel pela fiscaliza\u00e7\u00e3o e pelo acompanhamento do sistema financeiro, que tinham envolvimentos. J\u00e1 ficou clar\u00edssimo isso. Tem que ser feita apura\u00e7\u00e3o rigorosa, puni\u00e7\u00e3o rigorosa&#8221;, disse Alckmin.<\/p>\n<\/blockquote>\n\n\n\n<p>O vice-presidente tamb\u00e9m comentou sobre a posi\u00e7\u00e3o do governo e do presidente Lula em rela\u00e7\u00e3o ao epis\u00f3dio, e assegurou a total liberdade investigativa da&nbsp;Pol\u00edcia Federal.<\/p>\n\n\n\n<blockquote class=\"wp-block-quote is-layout-flow wp-block-quote-is-layout-flow\">\n<p>&#8220;O presidente Lula tem sido claro. Ningu\u00e9m no governo limita investiga\u00e7\u00e3o. Nenhuma. \u00c9 investiga\u00e7\u00e3o rigorosa.&nbsp;Pol\u00edcia Federal tem liberdade, o Minist\u00e9rio P\u00fablico, Poder Judici\u00e1rio. \u00c9 apurar e fazer justi\u00e7a, \u00e9 isso que se deseja. E, de outro lado, responsabilizar e aprimorar os instrumentos de controle. Isso j\u00e1 poderia ter sido pego l\u00e1 para tr\u00e1s&#8221;, observou.<\/p>\n<\/blockquote>\n\n\n\n<p>Al\u00e9m de investigar e punir os respons\u00e1veis, Alckmin defendeu o fortalecimento das institui\u00e7\u00f5es, incluindo o BC e outros \u00f3rg\u00e3os de controle. &#8220;Esse \u00e9 um processo permanente de voc\u00ea melhorar as institui\u00e7\u00f5es, aprimorar as institui\u00e7\u00f5es. Na democracia, tem que ter transpar\u00eancia, tem que ter clareza&#8221;.<\/p>\n\n\n\n<p>Na semana passada, o financista Daniel Vorcaro foi preso novamente pela PF, na terceira fase da Opera\u00e7\u00e3o Compliance Zero. No ano passado, o empres\u00e1rio tamb\u00e9m foi alvo de um mandado de pris\u00e3o da opera\u00e7\u00e3o, mas ganhou direito \u00e0 liberdade provis\u00f3ria, mediante uso de tornozeleira eletr\u00f4nica.<\/p>\n\n\n\n<p>A nova pris\u00e3o foi fundamentada em mensagens encontradas no celular do banqueiro, apreendido na primeira fase da opera\u00e7\u00e3o. Nas mensagens,&nbsp;<a href=\"https:\/\/agenciabrasil.ebc.com.br\/justica\/noticia\/2026-03\/vorcaro-mantinha-estrutura-de-intimidacao-de-pessoas-cita-ministro\" target=\"_blank\" rel=\"noreferrer noopener\">Vorcaro amea\u00e7a jornalistas e pessoas que teriam contrariado seus interesses<\/a>..<\/p>\n\n\n\n<p>A Compliance Zero apura fraudes bilion\u00e1rias no Banco Master, que causaram um rombo de at\u00e9 R$ 47 bilh\u00f5es ao Fundo Garantidor de Cr\u00e9ditos para o ressarcimento a investidores.<\/p>\n\n\n\n<h2 class=\"wp-block-heading\">Sa\u00edda do MDIC<\/h2>\n\n\n\n<p>Na entrevista a Datena, Alckmin confirmou que deixar\u00e1 o cargo de ministro do Desenvolvimento, Ind\u00fastria e Com\u00e9rcio no dia 2 de abril, uma exig\u00eancia da legisla\u00e7\u00e3o eleitoral para que ele possa disputar cargos p\u00fablicos nas elei\u00e7\u00f5es de outubro.<\/p>\n\n\n\n<p>Pela lei, a desincompatibiliza\u00e7\u00e3o de cargos executivos deve ser feita at\u00e9 seis meses antes do pleito, e a data limite \u00e9 4 de abril. O vice-presidente evitou antecipar seu futuro pol\u00edtico e continuar\u00e1 exercendo a vice-presid\u00eancia enquanto as tratativas eleitorais se definem.<\/p>\n\n\n\n<p>&#8220;Olha, Datena, vice-presidente n\u00e3o precisa deixar a vice-presid\u00eancia, voc\u00ea continua na vice-presid\u00eancia. Agora, minist\u00e9rio, para qualquer cargo que voc\u00ea for disputar, voc\u00ea tem que se afastar. Ent\u00e3o, no dia 2 de abril, cumprindo rigorosamente a lei, n\u00f3s vamos nos afastar&#8221;, garantiu.<\/p>\n\n\n\n<p><a href=\"https:\/\/agenciabrasil.ebc.com.br\/politica\/noticia\/2026-03\/alckmin-deixara-ministerio-em-abril-mas-seguira-como-vice\" target=\"_blank\" rel=\"noreferrer noopener\">A informa\u00e7\u00e3o j\u00e1 havia sido antecipada<\/a>&nbsp;a jornalistas na semana passada, durante uma coletiva de imprensa no MDIC, para anunciar os resultados da balan\u00e7a comercial.<\/p>\n\n\n\n<h2 class=\"wp-block-heading\">Guerra no Ir\u00e3<\/h2>\n\n\n\n<p>Alckmin tamb\u00e9m comentou os efeitos econ\u00f4micos da guerra dos Estados Unidos&nbsp;e Israel contra o Ir\u00e3, e previu que o&nbsp;<strong>Brasil n\u00e3o dever\u00e1 ser t\u00e3o atingido pelo fato de depender mais do com\u00e9rcio internacional com China, Uni\u00e3o Europeia, Argentina e os pr\u00f3prios EUA, zonas distantes do conflito.<\/strong><\/p>\n\n\n\n<blockquote class=\"wp-block-quote is-layout-flow wp-block-quote-is-layout-flow\">\n<p>&#8220;Todos os pa\u00edses saem prejudicados, mas o Brasil \u00e9 o menos prejudicado, porque nossos grandes compradores, parceiros comerciais&nbsp;s\u00e3o China, Uni\u00e3o Europeia, Argentina, Estados Unidos. Agora, j\u00e1 encareceu o petr\u00f3leo, ent\u00e3o claro que afeta gasolina e diesel&#8221;, disse.<\/p>\n<\/blockquote>\n\n\n\n<h2 class=\"wp-block-heading\">Elei\u00e7\u00f5es<\/h2>\n\n\n\n<p>Sobre elei\u00e7\u00f5es, Alckmin afirmou que, no mundo inteiro, o cen\u00e1rio eleitoral est\u00e1 marcado pela polariza\u00e7\u00e3o. Mesmo assim, ele se disse otimista com a percep\u00e7\u00e3o da sociedade sobre o bom momento econ\u00f4mico do pa\u00eds.<\/p>\n\n\n\n<p>&#8220;No mundo inteiro, voc\u00ea tem elei\u00e7\u00f5es bastante polarizadas. Elei\u00e7\u00e3o \u00e9 compara\u00e7\u00e3o, voc\u00ea faz uma compara\u00e7\u00e3o. N\u00e3o tem elei\u00e7\u00e3o f\u00e1cil, mas acredito que as coisas tendem a melhorar&#8221;, afirmou.<\/p>\n\n\n\n<p>&#8220;O desemprego \u00e9 o menor da s\u00e9rie hist\u00f3rica e a infla\u00e7\u00e3o \u00e9 4,2%, a menor tamb\u00e9m. Ent\u00e3o, voc\u00ea tem um ganho de renda da popula\u00e7\u00e3o. Sal\u00e1rio m\u00ednimo com ganho real. Vamos lembrar que 60% dos aposentados e pensionistas vivem com um sal\u00e1rio m\u00ednimo no Brasil&#8221;, acrescentou.<\/p>\n\n\n\n<h2 class=\"wp-block-heading\">PEC da Seguran\u00e7a<\/h2>\n\n\n\n<p>Ao ser questionado por Datena sobre os desafios do combate ao crime no pa\u00eds, Alckmin destacou a aprova\u00e7\u00e3o recente da Proposta de Emenda Constitucional (PEC) da Seguran\u00e7a P\u00fablica,&nbsp;<a href=\"https:\/\/agenciabrasil.ebc.com.br\/radioagencia-nacional\/politica\/audio\/2026-03\/sem-maioridade-penal-camara-aprova-pec-da-seguranca-publica\" target=\"_blank\" rel=\"noreferrer noopener\">aprovada na semana passada pela C\u00e2mara dos Deputados, e que agora est\u00e1 em an\u00e1lise no Senado.<\/a><\/p>\n\n\n\n<p>A proposta original foi apresentada pelo governo e cria o Sistema \u00danico de Seguran\u00e7a P\u00fablica, uma tentativa de melhorar a integra\u00e7\u00e3o entre as for\u00e7as de seguran\u00e7a no pa\u00eds.<\/p>\n\n\n\n<p>Para o vice-presidente, um dos destaques da proposta \u00e9 o fortalecimento das pol\u00edcias municipais. &nbsp;<\/p>\n\n\n\n<blockquote class=\"wp-block-quote is-layout-flow wp-block-quote-is-layout-flow\">\n<p>&#8220;Essa PEC d\u00e1 mais espa\u00e7o para a a\u00e7\u00e3o local. N\u00e3o vai trocar as pol\u00edcias, mas vai trazer mais um. A mudan\u00e7a da PEC dando mais poder \u00e0 pol\u00edcia municipal vai fazer a diferen\u00e7a, porque voc\u00ea est\u00e1 muito mais pr\u00f3ximo da popula\u00e7\u00e3o local&#8221;.<\/p>\n<\/blockquote>\n\n\n\n<p>A proposta aprovada pelos deputados tamb\u00e9m atribui de forma expressa \u00e0 Pol\u00edcia Federal o combate a crimes cometidos por organiza\u00e7\u00f5es e mil\u00edcias privadas com repercuss\u00e3o interestadual ou internacional.<\/p>\n\n\n\n<p>A Pol\u00edcia Rodovi\u00e1ria Federal mant\u00e9m o mesmo nome, mas vai cuidar tamb\u00e9m das ferrovias e hidrovias federais.<\/p>\n\n\n\n<p>Alckmin tamb\u00e9m defendeu aumento de pena contra o crime organizado e a necessidade de pris\u00e3o dos cabe\u00e7as do crime.<\/p>\n\n\n\n<p>Fonte: Ag\u00eancia Brasil <\/p>\n","protected":false},"excerpt":{"rendered":"<p>O vice-presidente e ministro do Desenvolvimento, Ind\u00fastria e Com\u00e9rcio, Geraldo Alckmin, defendeu apura\u00e7\u00e3o rigorosa e puni\u00e7\u00e3o a todos os envolvidos no esc\u00e2ndalo do Banco Master, que gerou preju\u00edzos bilion\u00e1rios a investidores e entidades p\u00fablicas e privadas, segundo o Banco Central (BC).&nbsp; A declara\u00e7\u00e3o foi dada ao jornalista Jos\u00e9 Luiz Datena, na estreia do programa&nbsp;Na Mesa [&hellip;]<\/p>\n","protected":false},"author":2,"featured_media":132926,"comment_status":"open","ping_status":"open","sticky":false,"template":"","format":"standard","meta":{"footnotes":""},"categories":[5],"tags":[11],"class_list":{"0":"post-132925","1":"post","2":"type-post","3":"status-publish","4":"format-standard","5":"has-post-thumbnail","7":"category-geral","8":"tag-destaque"},"_links":{"self":[{"href":"https:\/\/diariodoplaneta.com.br\/index.php?rest_route=\/wp\/v2\/posts\/132925","targetHints":{"allow":["GET"]}}],"collection":[{"href":"https:\/\/diariodoplaneta.com.br\/index.php?rest_route=\/wp\/v2\/posts"}],"about":[{"href":"https:\/\/diariodoplaneta.com.br\/index.php?rest_route=\/wp\/v2\/types\/post"}],"author":[{"embeddable":true,"href":"https:\/\/diariodoplaneta.com.br\/index.php?rest_route=\/wp\/v2\/users\/2"}],"replies":[{"embeddable":true,"href":"https:\/\/diariodoplaneta.com.br\/index.php?rest_route=%2Fwp%2Fv2%2Fcomments&post=132925"}],"version-history":[{"count":1,"href":"https:\/\/diariodoplaneta.com.br\/index.php?rest_route=\/wp\/v2\/posts\/132925\/revisions"}],"predecessor-version":[{"id":132927,"href":"https:\/\/diariodoplaneta.com.br\/index.php?rest_route=\/wp\/v2\/posts\/132925\/revisions\/132927"}],"wp:featuredmedia":[{"embeddable":true,"href":"https:\/\/diariodoplaneta.com.br\/index.php?rest_route=\/wp\/v2\/media\/132926"}],"wp:attachment":[{"href":"https:\/\/diariodoplaneta.com.br\/index.php?rest_route=%2Fwp%2Fv2%2Fmedia&parent=132925"}],"wp:term":[{"taxonomy":"category","embeddable":true,"href":"https:\/\/diariodoplaneta.com.br\/index.php?rest_route=%2Fwp%2Fv2%2Fcategories&post=132925"},{"taxonomy":"post_tag","embeddable":true,"href":"https:\/\/diariodoplaneta.com.br\/index.php?rest_route=%2Fwp%2Fv2%2Ftags&post=132925"}],"curies":[{"name":"wp","href":"https:\/\/api.w.org\/{rel}","templated":true}]}}