{"id":132240,"date":"2025-09-10T15:17:11","date_gmt":"2025-09-10T18:17:11","guid":{"rendered":"https:\/\/diariodoplaneta.com.br\/?p=132240"},"modified":"2025-09-10T15:17:20","modified_gmt":"2025-09-10T18:17:20","slug":"casos-de-hepatite-a-aumentam-50-na-cidade-do-rio","status":"publish","type":"post","link":"https:\/\/diariodoplaneta.com.br\/?p=132240","title":{"rendered":"Casos de hepatite A aumentam 50% na cidade do Rio"},"content":{"rendered":"\n<p>O secret\u00e1rio municipal de Sa\u00fade do Rio de Janeiro, Daniel Soranz, disse nesta quarta-feira (10) que os casos de hepatite A aumentaram 50% em rela\u00e7\u00e3o ao ano anterior.&nbsp;<strong>S\u00e3o quase 500 casos da doen\u00e7a na cidade do Rio s\u00f3 neste ano<\/strong>. A informa\u00e7\u00e3o foi dada pelo secret\u00e1rio durante o&nbsp;Semin\u00e1rio de Sa\u00fade Suplementar, promovido pela Funda\u00e7\u00e3o Getulio Vargas (FGV), que debate perspectivas para 2030.<img decoding=\"async\" src=\"https:\/\/agenciabrasil.ebc.com.br\/ebc.png?id=1658102&amp;o=node\"><img decoding=\"async\" src=\"https:\/\/agenciabrasil.ebc.com.br\/ebc.gif?id=1658102&amp;o=node\"><\/p>\n\n\n\n<blockquote class=\"wp-block-quote is-layout-flow wp-block-quote-is-layout-flow\">\n<p>\u201c\u00c9 uma doen\u00e7a imunopreven\u00edvel. A recomenda\u00e7\u00e3o \u00e9 que as pessoas procurem as unidades de sa\u00fade para se vacinar, lembrando que n\u00e3o s\u00e3o todos os grupos que podem fazer a vacina da hepatite A. A gente n\u00e3o consegue precisar por que est\u00e1 aumentando.&nbsp;Mas \u00e9 bastante preocupante, inclusive com aumento de interna\u00e7\u00f5es\u201d afirmou Soranz.<\/p>\n<\/blockquote>\n\n\n\n<p>O secret\u00e1rio informou que a doen\u00e7a pode ser transmitida por alimentos, \u00e1gua contaminada ou rela\u00e7\u00f5es sexuais.&nbsp;<strong>\u201cA gente est\u00e1 percebendo esse aumento&nbsp;principalmente em pessoas jovens, com vida sexual ativa. O n\u00famero de casos est\u00e1 aumentando numa velocidade muito grande no Brasil, e aqui no Rio de Janeiro n\u00e3o \u00e9 diferente.&#8221;<\/strong><\/p>\n\n\n\n<p>Segundo o Minist\u00e9rio da Sa\u00fade, o v\u00edrus da hepatite A tem como&nbsp;<strong>principal forma de transmiss\u00e3o o contato oral-fecal<\/strong>. A transmiss\u00e3o est\u00e1 ligada a condi\u00e7\u00f5es inadequadas de saneamento b\u00e1sico, higiene pessoal e consumo de \u00e1gua e alimentos contaminados.&nbsp;<strong>As transmiss\u00f5es por via percut\u00e2nea (perfura\u00e7\u00e3o da pele de forma acidental) ou parental (por meio de transfus\u00e3o ou contato com sangue) do v\u00edrus A s\u00e3o muito raras.<\/strong>&nbsp;Pode ocorrer por contato pessoal pr\u00f3ximo, como entre pessoas que vivem na mesma resid\u00eancia, em institui\u00e7\u00f5es de longa perman\u00eancia e crian\u00e7as em creches.<\/p>\n\n\n\n<p>\u201cAl\u00e9m disso, h\u00e1 tamb\u00e9m relatos de casos e surtos que ocorrem em popula\u00e7\u00f5es com pr\u00e1ticas sexuais anal e oroanal ou outras formas de exposi\u00e7\u00e3o a res\u00edduos fecais que podem aumentar o risco de transmiss\u00e3o como, por exemplo, acess\u00f3rios sexuais. Geralmente, a infec\u00e7\u00e3o tem curso previs\u00edvel e limitado em crian\u00e7as, sendo mais grave em adultos.&nbsp;<strong>Contudo, podem ocorrer formas fulminantes da doen\u00e7a, capazes de causar morte ou desencadear doen\u00e7a autoimune grave<\/strong>\u201d, informa o minist\u00e9rio.<\/p>\n\n\n\n<p><a href=\"http:\/\/facebook.com\/agenciabrasil.ebc\/\" target=\"_blank\" rel=\"noreferrer noopener\">&gt;&gt; Siga o perfil da&nbsp;<strong>Ag\u00eancia Brasil<\/strong>&nbsp;no Facebook&nbsp;<\/a><\/p>\n\n\n\n<h2 class=\"wp-block-heading\">Planos de sa\u00fade<\/h2>\n\n\n\n<p>Sobre a reclama\u00e7\u00e3o de usu\u00e1rios de planos de sa\u00fade com os reajustes altos, a diretora de Normas e Habilita\u00e7\u00e3o de Produtos da Ag\u00eancia Nacional de Sa\u00fade Suplementar (ANS), Lenise Secchin, disse que o importante \u00e9 promover a sa\u00fade pensando em uma&nbsp;coordena\u00e7\u00e3o do cuidado e verificar a forma como fazer uso dos procedimentos, pois isso \u201cimpacta no bolso do cidad\u00e3o\u201d.<\/p>\n\n\n\n<blockquote class=\"wp-block-quote is-layout-flow wp-block-quote-is-layout-flow\">\n<p>\u201cSe voc\u00ea tem uma utiliza\u00e7\u00e3o sem cuidado e descoordenada, isso aumenta custos, que no ano seguinte v\u00e3o virar&nbsp;reajuste\u201d, afirmou Lenise, no evento da FGV. \u201cRedu\u00e7\u00e3o de custos \u00e9 o esfor\u00e7o de todo mundo. Cada incorpora\u00e7\u00e3o de tecnologia representa um custo adicional. A sa\u00fade n\u00e3o tem pre\u00e7o, mas a medicina tem custo\u201d.<\/p>\n<\/blockquote>\n\n\n\n<p>Ela acrescentou que \u00e9 positivo o aumento da expectativa vida no Brasil, mas isso traz desafios. \u201cEm 2030, segundo o IBGE,&nbsp;<strong>teremos uma paridade entre pessoas idosas e pessoas jovens<\/strong>.&nbsp; Isso, no setor de sa\u00fade suplementar, quando a gente tem um mutualismo, um grupo de pessoas pagam para que outro possa fazer a utiliza\u00e7\u00e3o, tem&nbsp;impacto. Ou seja, voc\u00ea est\u00e1 deixando de ter um grupo que ajuda os mais idosos a terem seu plano de sa\u00fade. Nesse sentido \u00e9 que estamos fazendo grupos de trabalho e discuss\u00f5es com a sociedade e com as operadoras para ver a forma lidar com esse desafio ,que n\u00e3o \u00e9 s\u00f3 da sa\u00fade\u201d, disse a diretora.<\/p>\n\n\n\n<p>Fonte: Ag\u00eancia Brasil <\/p>\n","protected":false},"excerpt":{"rendered":"<p>O secret\u00e1rio municipal de Sa\u00fade do Rio de Janeiro, Daniel Soranz, disse nesta quarta-feira (10) que os casos de hepatite A aumentaram 50% em rela\u00e7\u00e3o ao ano anterior.&nbsp;S\u00e3o quase 500 casos da doen\u00e7a na cidade do Rio s\u00f3 neste ano. A informa\u00e7\u00e3o foi dada pelo secret\u00e1rio durante o&nbsp;Semin\u00e1rio de Sa\u00fade Suplementar, promovido pela Funda\u00e7\u00e3o Getulio [&hellip;]<\/p>\n","protected":false},"author":2,"featured_media":132241,"comment_status":"open","ping_status":"open","sticky":false,"template":"","format":"standard","meta":{"footnotes":""},"categories":[25,32,27],"tags":[],"class_list":{"0":"post-132240","1":"post","2":"type-post","3":"status-publish","4":"format-standard","5":"has-post-thumbnail","7":"category-regional","8":"category-saude","9":"category-sudeste"},"_links":{"self":[{"href":"https:\/\/diariodoplaneta.com.br\/index.php?rest_route=\/wp\/v2\/posts\/132240","targetHints":{"allow":["GET"]}}],"collection":[{"href":"https:\/\/diariodoplaneta.com.br\/index.php?rest_route=\/wp\/v2\/posts"}],"about":[{"href":"https:\/\/diariodoplaneta.com.br\/index.php?rest_route=\/wp\/v2\/types\/post"}],"author":[{"embeddable":true,"href":"https:\/\/diariodoplaneta.com.br\/index.php?rest_route=\/wp\/v2\/users\/2"}],"replies":[{"embeddable":true,"href":"https:\/\/diariodoplaneta.com.br\/index.php?rest_route=%2Fwp%2Fv2%2Fcomments&post=132240"}],"version-history":[{"count":1,"href":"https:\/\/diariodoplaneta.com.br\/index.php?rest_route=\/wp\/v2\/posts\/132240\/revisions"}],"predecessor-version":[{"id":132242,"href":"https:\/\/diariodoplaneta.com.br\/index.php?rest_route=\/wp\/v2\/posts\/132240\/revisions\/132242"}],"wp:featuredmedia":[{"embeddable":true,"href":"https:\/\/diariodoplaneta.com.br\/index.php?rest_route=\/wp\/v2\/media\/132241"}],"wp:attachment":[{"href":"https:\/\/diariodoplaneta.com.br\/index.php?rest_route=%2Fwp%2Fv2%2Fmedia&parent=132240"}],"wp:term":[{"taxonomy":"category","embeddable":true,"href":"https:\/\/diariodoplaneta.com.br\/index.php?rest_route=%2Fwp%2Fv2%2Fcategories&post=132240"},{"taxonomy":"post_tag","embeddable":true,"href":"https:\/\/diariodoplaneta.com.br\/index.php?rest_route=%2Fwp%2Fv2%2Ftags&post=132240"}],"curies":[{"name":"wp","href":"https:\/\/api.w.org\/{rel}","templated":true}]}}