{"id":132217,"date":"2025-09-10T15:04:03","date_gmt":"2025-09-10T18:04:03","guid":{"rendered":"https:\/\/diariodoplaneta.com.br\/?p=132217"},"modified":"2025-09-10T15:04:04","modified_gmt":"2025-09-10T18:04:04","slug":"inflacao-oficial-recua-011-em-agosto-menor-resultado-desde-2022","status":"publish","type":"post","link":"https:\/\/diariodoplaneta.com.br\/?p=132217","title":{"rendered":"Infla\u00e7\u00e3o oficial recua 0,11% em agosto, menor resultado desde 2022"},"content":{"rendered":"\n<p>A infla\u00e7\u00e3o oficial ficou negativa no m\u00eas de agosto, ou seja, os pre\u00e7os ficaram mais baratos em m\u00e9dia. O&nbsp;<strong>\u00cdndice Nacional de Pre\u00e7os ao Consumidor Amplo (IPCA) fechou o m\u00eas em -0,11%<\/strong>.&nbsp;Os dados foram divulgados nesta quarta-feira (10) pelo Instituto Brasileiro de Geografia e Estat\u00edstica (IBGE).<img decoding=\"async\" src=\"https:\/\/agenciabrasil.ebc.com.br\/ebc.png?id=1658006&amp;o=node\"><img decoding=\"async\" src=\"https:\/\/agenciabrasil.ebc.com.br\/ebc.gif?id=1658006&amp;o=node\"><\/p>\n\n\n\n<p><strong>Em julho, o \u00edndice tinha ficado em 0,26%. Essa defla\u00e7\u00e3o (infla\u00e7\u00e3o negativa) \u00e9 a primeira desde agosto de 2024 (-0,02%) e a mais intensa desde setembro de 2022 (-0,29%).<\/strong><\/p>\n\n\n\n<p>Com o resultado de agosto de 2025, o acumulado de 12 meses chega a 5,13%, abaixo dos 5,23% dos 12 meses terminados em julho, mas ainda acima da meta do governo, de at\u00e9 4,5%.<\/p>\n\n\n\n<p>A conta de luz recuou 4,21% no m\u00eas, representando impacto negativo de 0,17 ponto percentual (p.p.), figurando como o subitem que mais puxou a infla\u00e7\u00e3o para baixo. Com isso, o grupo habita\u00e7\u00e3o recuou 0,90%.&nbsp;<strong>Esse recuo nesse conjunto de pre\u00e7os foi o maior para um m\u00eas de agosto desde o in\u00edcio do Plano Real, em 1994.<\/strong><\/p>\n\n\n\n<p><a href=\"https:\/\/www.whatsapp.com\/channel\/0029VaoRTgrInlqYLSk59B2M\" target=\"_blank\" rel=\"noreferrer noopener\">&gt;&gt; Siga o canal da<strong>&nbsp;Ag\u00eancia Brasil&nbsp;<\/strong>no WhatsApp<\/a><\/p>\n\n\n\n<p>A explica\u00e7\u00e3o est\u00e1 no chamado B\u00f4nus de Itaipu, desconto na conta que beneficiou 80,8 milh\u00f5es de consumidores. Conforme adiantou a<strong>&nbsp;Ag\u00eancia Brasil<\/strong>,&nbsp;<strong>a&nbsp;<a href=\"https:\/\/agenciabrasil.ebc.com.br\/economia\/noticia\/2025-07\/bonus-itaipu-dara-desconto-medio-de-r-1159-na-conta-de-luz-de-agosto\" target=\"_blank\" rel=\"noreferrer noopener\">bonifica\u00e7\u00e3o<\/a>&nbsp;compensou a bandeira tarif\u00e1ria vermelha 2, que adiciona R$ 7,87 na conta e luz a cada 100 Kwh consumidos.<\/strong><\/p>\n\n\n\n<p>No entanto, o gerente da pesquisa, Fernando Gon\u00e7alves, antecipou que haver\u00e1 \u201cdevolu\u00e7\u00e3o\u201d dessa defla\u00e7\u00e3o na conta de luz em setembro, uma vez que as faturas n\u00e3o ter\u00e3o mais o desconto. \u201cNo m\u00eas que vem ter\u00e1 varia\u00e7\u00e3o mais alta&#8221;.<\/p>\n\n\n\n<p>O&nbsp;<strong>grupo alimenta\u00e7\u00e3o e bebidas (-0,46%) caiu pelo terceiro m\u00eas seguido. O de transportes (-0,27%) tamb\u00e9m ajudou a deixar o IPCA negativo IPCA.&nbsp;<\/strong>Nesses tr\u00eas meses, os alimentos acumularam queda de -0,91%. O de transportes (-0,27%) tamb\u00e9m ajudou a deixar o IPCA negativo.<\/p>\n\n\n\n<p>Fernando Gon\u00e7alves calcula que os grupos habita\u00e7\u00e3o, alimenta\u00e7\u00e3o e transportes somados representam -0,30 p.p. na infla\u00e7\u00e3o. \u201cSem eles, o resultado do IPCA de agosto ficaria em 0,43%\u201d, diz.<\/p>\n\n\n\n<h2 class=\"wp-block-heading\">Outros grupos<\/h2>\n\n\n\n<p>Os&nbsp;<strong>grupos comunica\u00e7\u00e3o e artigos de resid\u00eancia tamb\u00e9m tiveram defla\u00e7\u00e3o, os dois com&nbsp;-0,09% de varia\u00e7\u00e3o e impacto nulo (0 p.p.) no \u00edndice.<\/strong><\/p>\n\n\n\n<p>Nos demais grupos, os pre\u00e7os subiram em m\u00e9dia: educa\u00e7\u00e3o (0,75%), sa\u00fade e cuidados pessoais (0,54%), vestu\u00e1rio (0,72%) e despesas pessoais (0,40%).<\/p>\n\n\n\n<p>O \u00edndice de difus\u00e3o, ou seja, o percentual dos 377 subitens que tiveram alta de pre\u00e7o ficou em 57% em agosto. Em julho, o \u00edndice tinha sido de 50%. Mas observados apenas os \u00edndices aliment\u00edcios, o \u00edndice de difus\u00e3o caiu de 50% para 47% na passagem de julho para agosto.<\/p>\n\n\n\n<h2 class=\"wp-block-heading\">Alimentos<\/h2>\n\n\n\n<p>A t<strong>erceira queda seguida no grupo alimenta\u00e7\u00e3o foi influenciada pela alimenta\u00e7\u00e3o dentro de casa, que recuou 0,83%<\/strong>. O IBGE explica que a maior disponibilidade de produtos provocou queda de pre\u00e7os, com destaque para tomate (-13,39%), manga (-18,40%), arroz (-2,61%), caf\u00e9 mo\u00eddo (-2,17%), mam\u00e3o (-10,9%), batata-inglesa (-8,59%) e cebola (-8,69%).<\/p>\n\n\n\n<p>Segundo Gon\u00e7alves, n\u00e3o \u00e9 poss\u00edvel calcular se o&nbsp;<a href=\"https:\/\/agenciabrasil.ebc.com.br\/tags\/tarifaco\" target=\"_blank\" rel=\"noreferrer noopener\">tarifa\u00e7o americano, iniciado em agosto<\/a>, ajudou na derrubada desses pre\u00e7os. O menor envio de frutas brasileiras para os Estados Unidos pode ter contribu\u00eddo para oferta maior desses alimentos aqui no Brasil, ajudando a baixar pre\u00e7os.<\/p>\n\n\n\n<p>J\u00e1 a<strong>&nbsp;alimenta\u00e7\u00e3o fora do domic\u00edlio, que tinha subido 0,87% em julho, desacelerou para 0,50% em agosto.<\/strong><\/p>\n\n\n\n<h2 class=\"wp-block-heading\">Transportes<\/h2>\n\n\n\n<p>A&nbsp;<strong>defla\u00e7\u00e3o no grupo transporte (-0,27%) \u00e9 explicada pelo pre\u00e7o das passagens a\u00e9reas, que ficaram 2,44% mais baratas em agosto<\/strong>, m\u00eas seguinte ao julho de f\u00e9rias escolares, quando a alta demanda joga os pre\u00e7os para cima.<\/p>\n\n\n\n<p>Os&nbsp;<strong>combust\u00edveis tamb\u00e9m recuaram (-0,89%).<\/strong>&nbsp;A gasolina, item com maior peso na cesta de produtos e servi\u00e7os pesquisada pelo IBGE, baixou 0,94% em m\u00e9dia, figurando como segundo subitem de maior impacto negativo (-0,05 p.p.) no IPCA.<\/p>\n\n\n\n<p>O&nbsp;<strong>etanol (-0,82%) e o g\u00e1s veicular (-1,27%) tamb\u00e9m ca\u00edram, enquanto o \u00f3leo diesel subiu 0,16%.<\/strong><\/p>\n\n\n\n<p>O gerente da pesquisa, Fernando Gon\u00e7alves, explica que a queda no pre\u00e7o da gasolina pode ser explicada pela nova determina\u00e7\u00e3o de mistura do etanol na gasolina, que subiu de 27% para 30% do&nbsp;<a href=\"https:\/\/agenciabrasil.ebc.com.br\/economia\/noticia\/2025-06\/governo-aumento-mistura-do-etanol-na-gasolina-para-30\" target=\"_blank\" rel=\"noreferrer noopener\">produto final a partir de agosto<\/a>.&nbsp;<\/p>\n\n\n\n<h2 class=\"wp-block-heading\">Educa\u00e7\u00e3o<\/h2>\n\n\n\n<p>A&nbsp;<strong>alta de 0,75% do grupo educa\u00e7\u00e3o em agosto \u00e9 a maior para o m\u00eas desde 2016 (0,99%)<\/strong>. A explica\u00e7\u00e3o est\u00e1 no reajuste de mensalidades nos cursos regulares (0,80%), principalmente por conta do ensino superior (1,26%) e ensino fundamental (0,65%). A&nbsp;<strong>alta dos cursos diversos (0,91%) foi influenciada pelos cursos de idiomas (1,87%).&nbsp;<\/strong><\/p>\n\n\n\n<p>Gon\u00e7alves explicou que \u00e9 comum alta nesse grupo em agosto, assim como acontece nos meses de fevereiro, tamb\u00e9m marcado por reajustes anuais.&nbsp;<strong>Em fevereiro de 2025, o encarecimento foi 4,7%.<\/strong><\/p>\n\n\n\n<h2 class=\"wp-block-heading\">Servi\u00e7os e pre\u00e7os controlados<\/h2>\n\n\n\n<p>O IBGE separa os pre\u00e7os em dois grupos: servi\u00e7os e pre\u00e7os monitorados. Os servi\u00e7os s\u00e3o ligados a pre\u00e7os que acompanham a din\u00e2mica da economia. Nesse grupo, o&nbsp;<strong>IPCA desacelerou de 0,59% para na passagem de julho para agosto.<\/strong><\/p>\n\n\n\n<p>Nos pre\u00e7os monitorados, que costumam ter os reajustes controlados pelo governo ou por contratos e n\u00e3o refletem diretamente o aquecimento ou esfriamento da economia, a&nbsp;<strong>infla\u00e7\u00e3o passou de 0,67% para 0,61%.<\/strong><\/p>\n\n\n\n<h2 class=\"wp-block-heading\">Infla\u00e7\u00e3o oficial<\/h2>\n\n\n\n<p>O&nbsp;<strong>IPCA apura o custo de vida para fam\u00edlias com rendimentos entre um e 40 sal\u00e1rios m\u00ednimos. Atualmente o valor do m\u00ednimo \u00e9 R$ 1.518.<\/strong><\/p>\n\n\n\n<p>A coleta de pre\u00e7os do IPCA \u00e9 feita em dez regi\u00f5es metropolitanas &#8211; Bel\u00e9m, Fortaleza, Recife, Salvador, Belo Horizonte, Vit\u00f3ria, Rio de Janeiro, S\u00e3o Paulo, Curitiba, Porto Alegre &#8211; al\u00e9m de Bras\u00edlia e nas capitais Goi\u00e2nia, Campo Grande, Rio Branco, S\u00e3o Lu\u00eds e Aracaju.<\/p>\n\n\n\n<p>&gt;&gt;&nbsp;<a href=\"https:\/\/agenciabrasil.ebc.com.br\/economia\/noticia\/2024-06\/entenda-como-funciona-o-calculo-das-taxas-de-inflacao\" target=\"_blank\" rel=\"noreferrer noopener\"><strong>Entenda os diferentes \u00edndices de infla\u00e7\u00e3o<\/strong><\/a>&nbsp;<\/p>\n\n\n\n<p>O \u00edndice \u00e9 a principal m\u00e9trica para acompanhamento da pol\u00edtica de metas de infla\u00e7\u00e3o.&nbsp;<strong>A meta atual estipulada pelo Conselho Monet\u00e1rio Nacional (CMN) \u00e9 de 3%, com toler\u00e2ncia de 1,5 ponto percentual para mais ou para menos, ou seja, um intervalo de 1,5% a 4,5%.&nbsp;<\/strong><\/p>\n\n\n\n<p>Desde o in\u00edcio de 2025, o per\u00edodo de avalia\u00e7\u00e3o da meta \u00e9 referente aos 12 meses imediatamente passados e n\u00e3o apenas o alcan\u00e7ado no fim do ano (dezembro). A meta s\u00f3 \u00e9 considerada descumprida se estourar o intervalo de toler\u00e2ncia por seis meses seguidos, o que aconteceu em\u00a0<a href=\"https:\/\/agenciabrasil.ebc.com.br\/economia\/noticia\/2025-07\/ipca-de-junho-faz-brasil-estourar-novo-modelo-de-metas-de-inflacao#\" target=\"_blank\" rel=\"noreferrer noopener\">junho<\/a>.\u00a0<\/p>\n\n\n\n<p><br>Fonte: Ag\u00eancia Brasil <\/p>\n","protected":false},"excerpt":{"rendered":"<p>A infla\u00e7\u00e3o oficial ficou negativa no m\u00eas de agosto, ou seja, os pre\u00e7os ficaram mais baratos em m\u00e9dia. O&nbsp;\u00cdndice Nacional de Pre\u00e7os ao Consumidor Amplo (IPCA) fechou o m\u00eas em -0,11%.&nbsp;Os dados foram divulgados nesta quarta-feira (10) pelo Instituto Brasileiro de Geografia e Estat\u00edstica (IBGE). Em julho, o \u00edndice tinha ficado em 0,26%. Essa defla\u00e7\u00e3o [&hellip;]<\/p>\n","protected":false},"author":2,"featured_media":132218,"comment_status":"open","ping_status":"open","sticky":false,"template":"","format":"standard","meta":{"footnotes":""},"categories":[20],"tags":[24],"class_list":{"0":"post-132217","1":"post","2":"type-post","3":"status-publish","4":"format-standard","5":"has-post-thumbnail","7":"category-economia","8":"tag-manchete"},"_links":{"self":[{"href":"https:\/\/diariodoplaneta.com.br\/index.php?rest_route=\/wp\/v2\/posts\/132217","targetHints":{"allow":["GET"]}}],"collection":[{"href":"https:\/\/diariodoplaneta.com.br\/index.php?rest_route=\/wp\/v2\/posts"}],"about":[{"href":"https:\/\/diariodoplaneta.com.br\/index.php?rest_route=\/wp\/v2\/types\/post"}],"author":[{"embeddable":true,"href":"https:\/\/diariodoplaneta.com.br\/index.php?rest_route=\/wp\/v2\/users\/2"}],"replies":[{"embeddable":true,"href":"https:\/\/diariodoplaneta.com.br\/index.php?rest_route=%2Fwp%2Fv2%2Fcomments&post=132217"}],"version-history":[{"count":1,"href":"https:\/\/diariodoplaneta.com.br\/index.php?rest_route=\/wp\/v2\/posts\/132217\/revisions"}],"predecessor-version":[{"id":132219,"href":"https:\/\/diariodoplaneta.com.br\/index.php?rest_route=\/wp\/v2\/posts\/132217\/revisions\/132219"}],"wp:featuredmedia":[{"embeddable":true,"href":"https:\/\/diariodoplaneta.com.br\/index.php?rest_route=\/wp\/v2\/media\/132218"}],"wp:attachment":[{"href":"https:\/\/diariodoplaneta.com.br\/index.php?rest_route=%2Fwp%2Fv2%2Fmedia&parent=132217"}],"wp:term":[{"taxonomy":"category","embeddable":true,"href":"https:\/\/diariodoplaneta.com.br\/index.php?rest_route=%2Fwp%2Fv2%2Fcategories&post=132217"},{"taxonomy":"post_tag","embeddable":true,"href":"https:\/\/diariodoplaneta.com.br\/index.php?rest_route=%2Fwp%2Fv2%2Ftags&post=132217"}],"curies":[{"name":"wp","href":"https:\/\/api.w.org\/{rel}","templated":true}]}}