{"id":131536,"date":"2025-05-06T10:35:22","date_gmt":"2025-05-06T13:35:22","guid":{"rendered":"https:\/\/diariodoplaneta.com.br\/?p=131536"},"modified":"2025-05-06T10:35:23","modified_gmt":"2025-05-06T13:35:23","slug":"cardeais-entram-em-reclusao-antes-do-conclave-para-eleger-novo-papa","status":"publish","type":"post","link":"https:\/\/diariodoplaneta.com.br\/?p=131536","title":{"rendered":"Cardeais entram em reclus\u00e3o antes do conclave para eleger novo papa"},"content":{"rendered":"\n<p>Os cardeais que participar\u00e3o do conclave para eleger um novo papa come\u00e7aram nesta ter\u00e7a-feira (6) a fazer o&nbsp;<em>check-in<\/em>&nbsp;em dois hot\u00e9is do Vaticano, onde ficar\u00e3o impedidos de ter contato com o mundo exterior enquanto decidem quem deve suceder o papa Francisco.<img decoding=\"async\" src=\"https:\/\/agenciabrasil.ebc.com.br\/ebc.png?id=1641561&amp;o=node\"><img decoding=\"async\" src=\"https:\/\/agenciabrasil.ebc.com.br\/ebc.gif?id=1641561&amp;o=node\"><\/p>\n\n\n\n<p>O&nbsp;<strong>conclave come\u00e7ar\u00e1 a portas fechadas na Capela Sistina na tarde de quarta-feira (7), com todos os cardeais com menos de 80 anos de idade podendo votar<\/strong>&nbsp;em quem deve ser o pr\u00f3ximo l\u00edder da Igreja, que congrega 1,4 bilh\u00e3o de membros em todo o mundo.<\/p>\n\n\n\n<p>A corrida para suceder Francisco,&nbsp;<a href=\"https:\/\/agenciabrasil.ebc.com.br\/internacional\/noticia\/2025-04\/papa-francisco-morre-aos-88-anos-conheca-trajetoria-pontifice\" target=\"_blank\" rel=\"noreferrer noopener\">que morreu no m\u00eas passado<\/a>, \u00e9 vista como muito aberta. Embora alguns nomes tenham sido citados como poss\u00edveis favoritos, v\u00e1rios dos 133 cardeais que dever\u00e3o votar no conclave disseram que n\u00e3o sabem quem ser\u00e1 o pr\u00f3ximo papa.<\/p>\n\n\n\n<p>&#8220;N\u00e3o tenho nenhum palpite&#8221;, disse o cardeal Robert McElroy durante uma visita a uma par\u00f3quia em Roma na noite de segunda-feira (5).<\/p>\n\n\n\n<p>O processo do conclave \u00e9 &#8220;profundo e misterioso&#8221;, afirmou McElroy, o arcebispo de Washington. &#8220;N\u00e3o posso lhe dar nenhuma ideia de quem est\u00e1 \u00e0 frente&#8221;, disse ele.<\/p>\n\n\n\n<p><strong>Alguns cardeais est\u00e3o procurando um novo papa que d\u00ea continuidade \u00e0 iniciativa de Francisco de criar uma Igreja mais transparente e acolhedora, enquanto outros est\u00e3o buscando um retorno \u00e0s ra\u00edzes mais tradicionais que valorizam a doutrina.<\/strong><\/p>\n\n\n\n<p>Os&nbsp;<a href=\"https:\/\/agenciabrasil.ebc.com.br\/internacional\/noticia\/2025-04\/conclave-comeca-no-dia-7-de-maio-entenda-como-vai-funcionar\" target=\"_blank\" rel=\"noreferrer noopener\">conclaves geralmente se estendem por v\u00e1rios dias<\/a>, com v\u00e1rias vota\u00e7\u00f5es realizadas antes que um candidato obtenha a maioria necess\u00e1ria de tr\u00eas quartos para se tornar papa.<\/p>\n\n\n\n<p><strong>Durante o per\u00edodo do conclave, os cardeais votantes ficar\u00e3o em duas hospedarias do Vaticano e far\u00e3o um juramento de n\u00e3o entrar em contato com ningu\u00e9m que n\u00e3o esteja participando da vota\u00e7\u00e3o secreta.<\/strong><\/p>\n\n\n\n<p>Francisco tinha como prioridade nomear cardeais de pa\u00edses que nunca os tiveram antes, como Haiti, Sud\u00e3o do Sul e Mianmar.<\/p>\n\n\n\n<p><strong>Esse conclave ser\u00e1 o mais diversificado geograficamente nos 2 mil anos de hist\u00f3ria da Igreja, com a participa\u00e7\u00e3o de cl\u00e9rigos de 70 pa\u00edses<\/strong>.<\/p>\n\n\n\n<p>O cardeal japon\u00eas Tarcisio Isao Kikuchi disse ao jornal&nbsp;<em>La Repubblica<\/em>&nbsp;que muitos dos 23 cardeais da \u00c1sia que votar\u00e3o no conclave planejam votar em bloco.<\/p>\n\n\n\n<p>Ele contrastou a estrat\u00e9gia deles com a dos 53 cardeais da Europa, que s\u00e3o conhecidos por votar em termos de pa\u00edses individuais ou outras prefer\u00eancias pessoais.<\/p>\n\n\n\n<blockquote class=\"wp-block-quote is-layout-flow wp-block-quote-is-layout-flow\">\n<p>&#8220;N\u00f3s, asi\u00e1ticos, provavelmente somos mais un\u00e2nimes em apoiar um ou dois candidatos&#8230; veremos qual nome sair\u00e1 como o principal candidato&#8221;, declarou Kikuchi.<\/p>\n<\/blockquote>\n\n\n\n<p>Fonte: Ag\u00eancia Brasil<\/p>\n","protected":false},"excerpt":{"rendered":"<p>Os cardeais que participar\u00e3o do conclave para eleger um novo papa come\u00e7aram nesta ter\u00e7a-feira (6) a fazer o&nbsp;check-in&nbsp;em dois hot\u00e9is do Vaticano, onde ficar\u00e3o impedidos de ter contato com o mundo exterior enquanto decidem quem deve suceder o papa Francisco. O&nbsp;conclave come\u00e7ar\u00e1 a portas fechadas na Capela Sistina na tarde de quarta-feira (7), com todos [&hellip;]<\/p>\n","protected":false},"author":2,"featured_media":131537,"comment_status":"open","ping_status":"open","sticky":false,"template":"","format":"standard","meta":{"footnotes":""},"categories":[5],"tags":[24],"class_list":{"0":"post-131536","1":"post","2":"type-post","3":"status-publish","4":"format-standard","5":"has-post-thumbnail","7":"category-geral","8":"tag-manchete"},"_links":{"self":[{"href":"https:\/\/diariodoplaneta.com.br\/index.php?rest_route=\/wp\/v2\/posts\/131536","targetHints":{"allow":["GET"]}}],"collection":[{"href":"https:\/\/diariodoplaneta.com.br\/index.php?rest_route=\/wp\/v2\/posts"}],"about":[{"href":"https:\/\/diariodoplaneta.com.br\/index.php?rest_route=\/wp\/v2\/types\/post"}],"author":[{"embeddable":true,"href":"https:\/\/diariodoplaneta.com.br\/index.php?rest_route=\/wp\/v2\/users\/2"}],"replies":[{"embeddable":true,"href":"https:\/\/diariodoplaneta.com.br\/index.php?rest_route=%2Fwp%2Fv2%2Fcomments&post=131536"}],"version-history":[{"count":1,"href":"https:\/\/diariodoplaneta.com.br\/index.php?rest_route=\/wp\/v2\/posts\/131536\/revisions"}],"predecessor-version":[{"id":131538,"href":"https:\/\/diariodoplaneta.com.br\/index.php?rest_route=\/wp\/v2\/posts\/131536\/revisions\/131538"}],"wp:featuredmedia":[{"embeddable":true,"href":"https:\/\/diariodoplaneta.com.br\/index.php?rest_route=\/wp\/v2\/media\/131537"}],"wp:attachment":[{"href":"https:\/\/diariodoplaneta.com.br\/index.php?rest_route=%2Fwp%2Fv2%2Fmedia&parent=131536"}],"wp:term":[{"taxonomy":"category","embeddable":true,"href":"https:\/\/diariodoplaneta.com.br\/index.php?rest_route=%2Fwp%2Fv2%2Fcategories&post=131536"},{"taxonomy":"post_tag","embeddable":true,"href":"https:\/\/diariodoplaneta.com.br\/index.php?rest_route=%2Fwp%2Fv2%2Ftags&post=131536"}],"curies":[{"name":"wp","href":"https:\/\/api.w.org\/{rel}","templated":true}]}}