{"id":131396,"date":"2025-04-11T15:44:26","date_gmt":"2025-04-11T18:44:26","guid":{"rendered":"https:\/\/diariodoplaneta.com.br\/?p=131396"},"modified":"2025-04-11T15:44:27","modified_gmt":"2025-04-11T18:44:27","slug":"stf-abre-acao-penal-contra-bolsonaro-e-mais-7-reus-por-trama-golpista","status":"publish","type":"post","link":"https:\/\/diariodoplaneta.com.br\/?p=131396","title":{"rendered":"STF abre a\u00e7\u00e3o penal contra Bolsonaro e mais 7 r\u00e9us por trama golpista"},"content":{"rendered":"\n<p>O Supremo Tribunal Federal (STF) abriu nesta sexta-feira (11) a a\u00e7\u00e3o penal contra o ex-presidente Jair Bolsonaro e mais sete acusados da trama golpista, que fazem parte do n\u00facleo 1 do inqu\u00e9rito. A a\u00e7\u00e3o vai tramitar com o n\u00famero 2.668.&nbsp;<img decoding=\"async\" src=\"https:\/\/agenciabrasil.ebc.com.br\/ebc.png?id=1638688&amp;o=node\"><img decoding=\"async\" src=\"https:\/\/agenciabrasil.ebc.com.br\/ebc.gif?id=1638688&amp;o=node\"><\/p>\n\n\n\n<p><strong>A medida \u00e9 uma formalidade para cumprir a decis\u00e3o da Primeira Turma da Corte<\/strong>, que aceitou a&nbsp;<a href=\"https:\/\/agenciabrasil.ebc.com.br\/justica\/noticia\/2025-02\/pgr-denuncia-bolsonaro-e-mais-33-por-tentativa-de-golpe-de-estado\" target=\"_blank\" rel=\"noreferrer noopener\">den\u00fancia da Procuradoria-Geral da Rep\u00fablica (PGR)<\/a>&nbsp;e transformou Bolsonaro, o general Braga Netto e outros acusados em r\u00e9us.&nbsp;<\/p>\n\n\n\n<p>Com a abertura do processo criminal, os acusados passam a responder pelos crimes de organiza\u00e7\u00e3o criminosa armada, tentativa de aboli\u00e7\u00e3o violenta do Estado Democr\u00e1tico de Direito, golpe de Estado, dano qualificado pela viol\u00eancia e grave amea\u00e7a e deteriora\u00e7\u00e3o de patrim\u00f4nio tombado.<\/p>\n\n\n\n<p>A a\u00e7\u00e3o penal tamb\u00e9m marca o in\u00edcio da instru\u00e7\u00e3o processual, fase na qual os advogados poder\u00e3o indicar testemunhas e pedir a produ\u00e7\u00e3o de novas provas para comprovar as teses de defesa.&nbsp;<strong>Os acusados tamb\u00e9m ser\u00e3o interrogados ao final dessa fase.<\/strong>&nbsp;Os trabalhos ser\u00e3o conduzidos pelo gabinete do ministro Alexandre de Moraes, relator do caso.<\/p>\n\n\n\n<p>Ap\u00f3s o fim da instru\u00e7\u00e3o, o julgamento ser\u00e1 marcado e os ministros v\u00e3o decidir se o ex-presidente e os demais acusados ser\u00e3o condenados \u00e0 pris\u00e3o ou absolvidos.&nbsp;<strong>N\u00e3o h\u00e1 data definida para o julgamento.<\/strong><\/p>\n\n\n\n<p><strong>Em caso de condena\u00e7\u00e3o, a soma das penas para os crimes passa de 30 anos de pris\u00e3o.<\/strong><\/p>\n\n\n\n<p>O&nbsp;<a href=\"https:\/\/portal.stf.jus.br\/processos\/downloadPeca.asp?id=15375738328&amp;ext=.pdf\" target=\"_blank\" rel=\"noreferrer noopener\">ac\u00f3rd\u00e3o do julgamento da Primeira Turma foi publicado pelo STF<\/a>&nbsp;nesta sexta-feira. O documento tem 500 p\u00e1ginas e resume a decis\u00e3o do colegiado.<\/p>\n\n\n\n<h2 class=\"wp-block-heading\">R\u00e9us<\/h2>\n\n\n\n<ul class=\"wp-block-list\">\n<li>ex-presidente da Rep\u00fablica Jair Bolsonaro;<\/li>\n\n\n\n<li>general de Ex\u00e9rcito, ex-ministro e vice de Bolsonaro na chapa das elei\u00e7\u00f5es de 2022 Walter Braga Netto;<\/li>\n\n\n\n<li>general Augusto Heleno, ex-ministro do Gabinete de Seguran\u00e7a Institucional;<\/li>\n\n\n\n<li>Alexandre Ramagem, ex-diretor da Ag\u00eancia Brasileira de Intelig\u00eancia;<\/li>\n\n\n\n<li>Anderson Torres, ex-ministro da Justi\u00e7a e ex-secret\u00e1rio de seguran\u00e7a do Distrito Federal;<\/li>\n\n\n\n<li>Almir Garnier, ex-comandante da Marinha;<\/li>\n\n\n\n<li>Paulo S\u00e9rgio Nogueira, general do Ex\u00e9rcito e ex-ministro da Defesa;<\/li>\n\n\n\n<li>Mauro Cid, delator e ex-ajudante de ordens de Bolsonaro.<\/li>\n<\/ul>\n\n\n\n<h2 class=\"wp-block-heading\">N\u00facleos<\/h2>\n\n\n\n<p><strong>At\u00e9 o momento, somente a den\u00fancia contra o n\u00facleo 1 foi julgada.<\/strong>&nbsp;Em mar\u00e7o, por unanimidade, o ex-presidente Jair Bolsonaro e mais sete acusados viraram r\u00e9us.<\/p>\n\n\n\n<p><a href=\"https:\/\/agenciabrasil.ebc.com.br\/justica\/noticia\/2025-04\/stf-remarca-para-22-de-abril-julgamento-do-nucleo-2-da-trama-golpista\" target=\"_blank\" rel=\"noreferrer noopener\">O n\u00facleo 2 ser\u00e1 julgado nos dias 22 e 23 de abril<\/a>. O grupo \u00e9 composto por seis denunciados, todos acusados de organizar a\u00e7\u00f5es para \u201csustentar a perman\u00eancia ileg\u00edtima\u201d de Bolsonaro no poder, em 2022.<\/p>\n\n\n\n<p><a href=\"https:\/\/agenciabrasil.ebc.com.br\/justica\/noticia\/2025-03\/stf-remarca-para-20-de-maio-julgamento-do-nucleo-3-da-trama-golpista\" target=\"_blank\" rel=\"noreferrer noopener\">A an\u00e1lise da den\u00fancia contra o n\u00facleo 3 ser\u00e1 nos dias 20 e 21 de maio<\/a>. Os denunciados desse n\u00facleo s\u00e3o acusados de planejarem &#8220;a\u00e7\u00f5es t\u00e1ticas&#8221; para efetivar o plano golpista. O grupo \u00e9 formado por 11 militares do Ex\u00e9rcito e um policial federal.\u00a0<br><\/p>\n\n\n\n<p>Fonte: Ag\u00eancia Brasil <\/p>\n","protected":false},"excerpt":{"rendered":"<p>O Supremo Tribunal Federal (STF) abriu nesta sexta-feira (11) a a\u00e7\u00e3o penal contra o ex-presidente Jair Bolsonaro e mais sete acusados da trama golpista, que fazem parte do n\u00facleo 1 do inqu\u00e9rito. A a\u00e7\u00e3o vai tramitar com o n\u00famero 2.668.&nbsp; A medida \u00e9 uma formalidade para cumprir a decis\u00e3o da Primeira Turma da Corte, que [&hellip;]<\/p>\n","protected":false},"author":2,"featured_media":131397,"comment_status":"open","ping_status":"open","sticky":false,"template":"","format":"standard","meta":{"footnotes":""},"categories":[5],"tags":[24],"class_list":{"0":"post-131396","1":"post","2":"type-post","3":"status-publish","4":"format-standard","5":"has-post-thumbnail","7":"category-geral","8":"tag-manchete"},"_links":{"self":[{"href":"https:\/\/diariodoplaneta.com.br\/index.php?rest_route=\/wp\/v2\/posts\/131396","targetHints":{"allow":["GET"]}}],"collection":[{"href":"https:\/\/diariodoplaneta.com.br\/index.php?rest_route=\/wp\/v2\/posts"}],"about":[{"href":"https:\/\/diariodoplaneta.com.br\/index.php?rest_route=\/wp\/v2\/types\/post"}],"author":[{"embeddable":true,"href":"https:\/\/diariodoplaneta.com.br\/index.php?rest_route=\/wp\/v2\/users\/2"}],"replies":[{"embeddable":true,"href":"https:\/\/diariodoplaneta.com.br\/index.php?rest_route=%2Fwp%2Fv2%2Fcomments&post=131396"}],"version-history":[{"count":1,"href":"https:\/\/diariodoplaneta.com.br\/index.php?rest_route=\/wp\/v2\/posts\/131396\/revisions"}],"predecessor-version":[{"id":131398,"href":"https:\/\/diariodoplaneta.com.br\/index.php?rest_route=\/wp\/v2\/posts\/131396\/revisions\/131398"}],"wp:featuredmedia":[{"embeddable":true,"href":"https:\/\/diariodoplaneta.com.br\/index.php?rest_route=\/wp\/v2\/media\/131397"}],"wp:attachment":[{"href":"https:\/\/diariodoplaneta.com.br\/index.php?rest_route=%2Fwp%2Fv2%2Fmedia&parent=131396"}],"wp:term":[{"taxonomy":"category","embeddable":true,"href":"https:\/\/diariodoplaneta.com.br\/index.php?rest_route=%2Fwp%2Fv2%2Fcategories&post=131396"},{"taxonomy":"post_tag","embeddable":true,"href":"https:\/\/diariodoplaneta.com.br\/index.php?rest_route=%2Fwp%2Fv2%2Ftags&post=131396"}],"curies":[{"name":"wp","href":"https:\/\/api.w.org\/{rel}","templated":true}]}}