{"id":131383,"date":"2025-04-11T15:37:38","date_gmt":"2025-04-11T18:37:38","guid":{"rendered":"https:\/\/diariodoplaneta.com.br\/?p=131383"},"modified":"2025-04-11T15:37:51","modified_gmt":"2025-04-11T18:37:51","slug":"inflacao-usada-para-corrigir-salarios-fecha-marco-em-051","status":"publish","type":"post","link":"https:\/\/diariodoplaneta.com.br\/?p=131383","title":{"rendered":"Infla\u00e7\u00e3o usada para corrigir sal\u00e1rios fecha mar\u00e7o em 0,51%"},"content":{"rendered":"\n<p><strong>A infla\u00e7\u00e3o apurada pelo \u00cdndice Nacional de Pre\u00e7os ao Consumidor (INPC) fechou mar\u00e7o em 0,51%, o que mostra perda de for\u00e7a, j\u00e1 que em fevereiro o \u00edndice tinha marcado 1,48%. Em 12 meses, o acumulado chega a 5,20%.<\/strong><img decoding=\"async\" src=\"https:\/\/agenciabrasil.ebc.com.br\/ebc.png?id=1638653&amp;o=node\"><img decoding=\"async\" src=\"https:\/\/agenciabrasil.ebc.com.br\/ebc.gif?id=1638653&amp;o=node\"><\/p>\n\n\n\n<p>Os dados foram divulgados nesta sexta-feira (11) pelo&nbsp;<a href=\"https:\/\/agenciabrasil.ebc.com.br\/tags\/ibge\">Instituto Brasileiro de Geografia e Estat\u00edstica<\/a>&nbsp;(IBGE). O \u00f3rg\u00e3o&nbsp;revelou ainda que a chamada infla\u00e7\u00e3o oficial, apurada pelo \u00cdndice Nacional de Pre\u00e7os ao Consumidor Amplo (IPCA), foi de 0,56% em mar\u00e7o.<\/p>\n\n\n\n<p><strong>A diferen\u00e7a entre os dois \u00edndices \u00e9 que o INPC apura a infla\u00e7\u00e3o para as fam\u00edlias com renda de at\u00e9 cinco sal\u00e1rios m\u00ednimos. J\u00e1 o IPCA, para lares com renda de at\u00e9 40 sal\u00e1rios m\u00ednimos. Atualmente o m\u00ednimo \u00e9 de R$ 1.518.<\/strong><\/p>\n\n\n\n<p>O IBGE confere pesos diferentes aos grupos de pre\u00e7os pesquisados. No INPC, por exemplo, os alimentos representam 25% do \u00edndice, mais que no IPCA (21,86%), pois as fam\u00edlias de menor renda gastam proporcionalmente mais com comida. Na \u00f3tica inversa, o pre\u00e7o de passagem de avi\u00e3o pesa menos no INPC do que no IPCA.<\/p>\n\n\n\n<h2 class=\"wp-block-heading\">Press\u00e3o de alimentos<\/h2>\n\n\n\n<p>No INPC de mar\u00e7o, os produtos aliment\u00edcios exerceram a maior press\u00e3o no bolso dos brasileiros, subindo 1,08%, o que representa impacto de 0,27 ponto percentual (p.p.), ou seja, mais da metade do \u00edndice.<\/p>\n\n\n\n<p><strong>Veja como se comportaram os grupos do INPC em mar\u00e7o:<\/strong><\/p>\n\n\n\n<ul class=\"wp-block-list\">\n<li>Alimenta\u00e7\u00e3o e bebidas: 1,08%<\/li>\n\n\n\n<li>Habita\u00e7\u00e3o: 0,21%<\/li>\n\n\n\n<li>Artigos de resid\u00eancia: 0,21%<\/li>\n\n\n\n<li>Vestu\u00e1rio: 0,46%<\/li>\n\n\n\n<li>Transportes: 0,26%<\/li>\n\n\n\n<li>Sa\u00fade e cuidados pessoais: 0,44%<\/li>\n\n\n\n<li>Despesas pessoais: 0,70%<\/li>\n\n\n\n<li>Educa\u00e7\u00e3o: 0,08%<\/li>\n\n\n\n<li>Comunica\u00e7\u00e3o: 0,19%<\/li>\n<\/ul>\n\n\n\n<p>A coleta de pre\u00e7os \u00e9 feita em dez regi\u00f5es metropolitanas &#8211; Bel\u00e9m, Fortaleza, Recife, Salvador, Belo Horizonte, Vit\u00f3ria, Rio de Janeiro, S\u00e3o Paulo, Curitiba, Porto Alegre &#8211; al\u00e9m de Bras\u00edlia e nas capitais Goi\u00e2nia, Campo Grande, Rio Branco, S\u00e3o Lu\u00eds e Aracaju.<\/p>\n\n\n\n<h2 class=\"wp-block-heading\">Reajuste de sal\u00e1rios<\/h2>\n\n\n\n<p><strong>O INPC influencia diretamente a vida de muitos brasileiros, uma vez que o acumulado m\u00f3vel de 12 meses costuma ser utilizado para c\u00e1lculo do reajuste de sal\u00e1rios de diversas categorias ao longo do ano<\/strong>.<\/p>\n\n\n\n<p>O sal\u00e1rio m\u00ednimo, por exemplo, leva o dado de novembro no seu c\u00e1lculo. O seguro-desemprego, o benef\u00edcio e o teto do INSS s\u00e3o reajustados com base no resultado de dezembro.<\/p>\n\n\n\n<p>De acordo com o IBGE, a apura\u00e7\u00e3o do INPC \u201ctem por objetivo a corre\u00e7\u00e3o do poder de compra dos sal\u00e1rios, por meio da mensura\u00e7\u00e3o das varia\u00e7\u00f5es de pre\u00e7os da cesta de consumo da popula\u00e7\u00e3o assalariada com mais baixo rendimento\u201d.<\/p>\n\n\n\n<p>Fonte: Ag\u00eancia Brasil <\/p>\n","protected":false},"excerpt":{"rendered":"<p>A infla\u00e7\u00e3o apurada pelo \u00cdndice Nacional de Pre\u00e7os ao Consumidor (INPC) fechou mar\u00e7o em 0,51%, o que mostra perda de for\u00e7a, j\u00e1 que em fevereiro o \u00edndice tinha marcado 1,48%. Em 12 meses, o acumulado chega a 5,20%. Os dados foram divulgados nesta sexta-feira (11) pelo&nbsp;Instituto Brasileiro de Geografia e Estat\u00edstica&nbsp;(IBGE). O \u00f3rg\u00e3o&nbsp;revelou ainda que [&hellip;]<\/p>\n","protected":false},"author":2,"featured_media":131384,"comment_status":"open","ping_status":"open","sticky":false,"template":"","format":"standard","meta":{"footnotes":""},"categories":[20],"tags":[24],"class_list":{"0":"post-131383","1":"post","2":"type-post","3":"status-publish","4":"format-standard","5":"has-post-thumbnail","7":"category-economia","8":"tag-manchete"},"_links":{"self":[{"href":"https:\/\/diariodoplaneta.com.br\/index.php?rest_route=\/wp\/v2\/posts\/131383","targetHints":{"allow":["GET"]}}],"collection":[{"href":"https:\/\/diariodoplaneta.com.br\/index.php?rest_route=\/wp\/v2\/posts"}],"about":[{"href":"https:\/\/diariodoplaneta.com.br\/index.php?rest_route=\/wp\/v2\/types\/post"}],"author":[{"embeddable":true,"href":"https:\/\/diariodoplaneta.com.br\/index.php?rest_route=\/wp\/v2\/users\/2"}],"replies":[{"embeddable":true,"href":"https:\/\/diariodoplaneta.com.br\/index.php?rest_route=%2Fwp%2Fv2%2Fcomments&post=131383"}],"version-history":[{"count":1,"href":"https:\/\/diariodoplaneta.com.br\/index.php?rest_route=\/wp\/v2\/posts\/131383\/revisions"}],"predecessor-version":[{"id":131385,"href":"https:\/\/diariodoplaneta.com.br\/index.php?rest_route=\/wp\/v2\/posts\/131383\/revisions\/131385"}],"wp:featuredmedia":[{"embeddable":true,"href":"https:\/\/diariodoplaneta.com.br\/index.php?rest_route=\/wp\/v2\/media\/131384"}],"wp:attachment":[{"href":"https:\/\/diariodoplaneta.com.br\/index.php?rest_route=%2Fwp%2Fv2%2Fmedia&parent=131383"}],"wp:term":[{"taxonomy":"category","embeddable":true,"href":"https:\/\/diariodoplaneta.com.br\/index.php?rest_route=%2Fwp%2Fv2%2Fcategories&post=131383"},{"taxonomy":"post_tag","embeddable":true,"href":"https:\/\/diariodoplaneta.com.br\/index.php?rest_route=%2Fwp%2Fv2%2Ftags&post=131383"}],"curies":[{"name":"wp","href":"https:\/\/api.w.org\/{rel}","templated":true}]}}