{"id":131334,"date":"2025-04-01T16:22:27","date_gmt":"2025-04-01T19:22:27","guid":{"rendered":"https:\/\/diariodoplaneta.com.br\/?p=131334"},"modified":"2025-04-01T16:22:28","modified_gmt":"2025-04-01T19:22:28","slug":"lava-jato-fachin-vota-pela-manutencao-dos-processos-contra-palocci","status":"publish","type":"post","link":"https:\/\/diariodoplaneta.com.br\/?p=131334","title":{"rendered":"Lava Jato: Fachin vota pela manuten\u00e7\u00e3o dos processos contra Palocci"},"content":{"rendered":"\n<p><strong>O ministro Edson Fachin, do Supremo Tribunal Federal (STF), votou nesta ter\u00e7a-feira (1\u00b0) para derrubar a decis\u00e3o que anulou os processos abertos contra o ex-ministro Antonio Palocci&nbsp;na Opera\u00e7\u00e3o Lava Jato.<\/strong><img decoding=\"async\" src=\"https:\/\/agenciabrasil.ebc.com.br\/ebc.png?id=1637048&amp;o=node\"><img decoding=\"async\" src=\"https:\/\/agenciabrasil.ebc.com.br\/ebc.gif?id=1637048&amp;o=node\"><\/p>\n\n\n\n<p>O voto de Fachin foi proferido durante julgamento virtual do recurso no qual a Procuradoria-Geral da Rep\u00fablica (PGR) pretende suspender a&nbsp;<a href=\"https:\/\/agenciabrasil.ebc.com.br\/justica\/noticia\/2025-03\/toffoli-mantem-voto-que-anulou-processos-contra-palocci\" target=\"_blank\" rel=\"noreferrer noopener\">decis\u00e3o de Dias Toffoli<\/a>, relator do caso.&nbsp;<\/p>\n\n\n\n<p>Em fevereiro deste ano, Toffoli atendeu ao pedido de anula\u00e7\u00e3o feito pelos advogados de Palocci&nbsp;e aplicou os precedentes da Corte que consideraram o ex-juiz Sergio Moro parcial para proferir as senten\u00e7as contra os r\u00e9us das investiga\u00e7\u00f5es da Lava Jato. Moro era o juiz titular da 13\u00aa Vara Federal em Curitiba.<\/p>\n\n\n\n<p><strong>Com a decis\u00e3o de Toffoli, todos os procedimentos assinados por Moro contra Palocci&nbsp;foram anulados.<\/strong>&nbsp;<strong>Em um dos processos, ele foi condenado a 12 anos de pris\u00e3o. Apesar da anula\u00e7\u00e3o, o acordo de dela\u00e7\u00e3o assinado por Palocci&nbsp;est\u00e1 mantido.<\/strong><\/p>\n\n\n\n<p>Em manifesta\u00e7\u00e3o,&nbsp;<strong>Edson Fachin disse que as decis\u00f5es tomadas na Opera\u00e7\u00e3o Lava Jato n\u00e3o podem ser estendidas para todos os r\u00e9us de forma \u201campla e gen\u00e9rica\u201d.<\/strong><\/p>\n\n\n\n<blockquote class=\"wp-block-quote is-layout-flow wp-block-quote-is-layout-flow\">\n<p>\u201cN\u00e3o se pode, a pretexto de pedidos de extens\u00e3o, examinar pedidos amplos e gen\u00e9ricos sobre as mais variadas investiga\u00e7\u00f5es decorrentes da Opera\u00e7\u00e3o Lava Jato, ainda que sob o manto de concess\u00e3o de&nbsp;<em>habeas corpus<\/em>&nbsp;de of\u00edcio, sob pena de viola\u00e7\u00e3o ao juiz natural e as regras de compet\u00eancia, transformando-se este Supremo Tribunal Federal em ju\u00edzo universal de conhecimento, quando a Constitui\u00e7\u00e3o Federal n\u00e3o o incumbiu dessa fun\u00e7\u00e3o\u201d, justificou o ministro. &nbsp;<\/p>\n<\/blockquote>\n\n\n\n<p>Com o voto de Fachin, o placar do julgamento est\u00e1 2 votos a 1 para manter a decis\u00e3o de Toffoli. Al\u00e9m do pr\u00f3prio relator, Gilmar Mendes tamb\u00e9m votou pela anula\u00e7\u00e3o.<\/p>\n\n\n\n<p>A vota\u00e7\u00e3o virtual ocorre na Segunda Turma da Corte e vai at\u00e9 o dia 4 de abril. Faltam os votos dos ministros Andr\u00e9 Mendon\u00e7a e Nunes Marques.\u00a0<br><\/p>\n\n\n\n<p>Fonte: Ag\u00eancia Brasil <\/p>\n","protected":false},"excerpt":{"rendered":"<p>O ministro Edson Fachin, do Supremo Tribunal Federal (STF), votou nesta ter\u00e7a-feira (1\u00b0) para derrubar a decis\u00e3o que anulou os processos abertos contra o ex-ministro Antonio Palocci&nbsp;na Opera\u00e7\u00e3o Lava Jato. O voto de Fachin foi proferido durante julgamento virtual do recurso no qual a Procuradoria-Geral da Rep\u00fablica (PGR) pretende suspender a&nbsp;decis\u00e3o de Dias Toffoli, relator [&hellip;]<\/p>\n","protected":false},"author":2,"featured_media":131335,"comment_status":"open","ping_status":"open","sticky":false,"template":"","format":"standard","meta":{"footnotes":""},"categories":[5],"tags":[24],"class_list":{"0":"post-131334","1":"post","2":"type-post","3":"status-publish","4":"format-standard","5":"has-post-thumbnail","7":"category-geral","8":"tag-manchete"},"_links":{"self":[{"href":"https:\/\/diariodoplaneta.com.br\/index.php?rest_route=\/wp\/v2\/posts\/131334","targetHints":{"allow":["GET"]}}],"collection":[{"href":"https:\/\/diariodoplaneta.com.br\/index.php?rest_route=\/wp\/v2\/posts"}],"about":[{"href":"https:\/\/diariodoplaneta.com.br\/index.php?rest_route=\/wp\/v2\/types\/post"}],"author":[{"embeddable":true,"href":"https:\/\/diariodoplaneta.com.br\/index.php?rest_route=\/wp\/v2\/users\/2"}],"replies":[{"embeddable":true,"href":"https:\/\/diariodoplaneta.com.br\/index.php?rest_route=%2Fwp%2Fv2%2Fcomments&post=131334"}],"version-history":[{"count":1,"href":"https:\/\/diariodoplaneta.com.br\/index.php?rest_route=\/wp\/v2\/posts\/131334\/revisions"}],"predecessor-version":[{"id":131336,"href":"https:\/\/diariodoplaneta.com.br\/index.php?rest_route=\/wp\/v2\/posts\/131334\/revisions\/131336"}],"wp:featuredmedia":[{"embeddable":true,"href":"https:\/\/diariodoplaneta.com.br\/index.php?rest_route=\/wp\/v2\/media\/131335"}],"wp:attachment":[{"href":"https:\/\/diariodoplaneta.com.br\/index.php?rest_route=%2Fwp%2Fv2%2Fmedia&parent=131334"}],"wp:term":[{"taxonomy":"category","embeddable":true,"href":"https:\/\/diariodoplaneta.com.br\/index.php?rest_route=%2Fwp%2Fv2%2Fcategories&post=131334"},{"taxonomy":"post_tag","embeddable":true,"href":"https:\/\/diariodoplaneta.com.br\/index.php?rest_route=%2Fwp%2Fv2%2Ftags&post=131334"}],"curies":[{"name":"wp","href":"https:\/\/api.w.org\/{rel}","templated":true}]}}