{"id":130868,"date":"2025-02-25T22:08:39","date_gmt":"2025-02-26T01:08:39","guid":{"rendered":"https:\/\/diariodoplaneta.com.br\/?p=130868"},"modified":"2025-02-25T22:08:40","modified_gmt":"2025-02-26T01:08:40","slug":"neurite-vestibular-entenda-a-causa-de-internacao-de-dilma-rousseff","status":"publish","type":"post","link":"https:\/\/diariodoplaneta.com.br\/?p=130868","title":{"rendered":"Neurite vestibular: entenda a causa de interna\u00e7\u00e3o de Dilma Rousseff"},"content":{"rendered":"\n<p><strong>Uma doen\u00e7a que n\u00e3o oferece risco \u00e0 vida, mas causa extremo desconforto.<\/strong>&nbsp;Assim \u00e9 a&nbsp;<strong>neurite vestibular<\/strong>,&nbsp;<strong>ou a inflama\u00e7\u00e3o do nervo do labirinto<\/strong>, doen\u00e7a que levou a ex-presidenta do Brasil e atual presidenta do banco do Brics,&nbsp;<a href=\"https:\/\/agenciabrasil.ebc.com.br\/saude\/noticia\/2025-02\/dilma-rousseff-e-internada-apos-quadro-de-neurite-vestibular\" target=\"_blank\" rel=\"noreferrer noopener\">Dilma Rousseff, a ser internada<\/a>&nbsp;em um hospital de Xangai, na China, onde&nbsp;ela mora.<img decoding=\"async\" src=\"https:\/\/agenciabrasil.ebc.com.br\/ebc.png?id=1631852&amp;o=node\"><img decoding=\"async\" src=\"https:\/\/agenciabrasil.ebc.com.br\/ebc.gif?id=1631852&amp;o=node\"><\/p>\n\n\n\n<p>O&nbsp;<strong>labirinto \u00e9 uma pequena estrutura que fica dentro dos nosso ouvidos, mas tem uma grande import\u00e2ncia,<\/strong>&nbsp;como explica a otoneurologista do Instituto Paranaense de Otorrinolaringologia, Lisandra Megumi:<\/p>\n\n\n\n<blockquote class=\"wp-block-quote is-layout-flow wp-block-quote-is-layout-flow\">\n<p>&#8220;Hoje a gente fala que o labirinto \u00e9 um sexto sentido, porque ele \u00e9 um sensor de movimento, ele percebe a acelera\u00e7\u00e3o da cabe\u00e7a. Associado \u00e0 vis\u00e3o e ao tato, ele faz parte de um sistema maior, que \u00e9 o equil\u00edbrio&#8221;.<\/p>\n<\/blockquote>\n\n\n\n<p>A m\u00e9dica conta que as pessoas t\u00eam um labirinto direito e um esquerdo e cada um&nbsp;tem dois nervos. &#8220;Qualquer um desses dois nervos pode ficar inflamado e perder sua fun\u00e7\u00e3o&#8221;. &nbsp;<\/p>\n\n\n\n<p>De acordo com o otoneurologista M\u00e1rcio Salmito,&nbsp;<strong>geralmente o paciente com neurite vestibular precisa de cuidados emergenciais porque fica temporariamente incapacitado pelos sintomas.<\/strong><\/p>\n\n\n\n<p>&#8220;Ele tem, de uma hora para outra, uma crise de vertigem, aquela sensa\u00e7\u00e3o de que est\u00e1 tudo girando, como se estivesse no liquidificador, de forma bem intensa. E isso vem junto com muito mal-estar. A maioria das pessoas que tem neurite vestibular fala&nbsp;que foi a pior coisa que j\u00e1 sentiu&nbsp;na vida&#8221;, relata o m\u00e9dico, que \u00e9 presidente da Academia Brasileira de Otoneurologia da Associa\u00e7\u00e3o Brasileira de Otorrinolaringologia.<\/p>\n\n\n\n<h2 class=\"wp-block-heading\">Causas e tratamento<\/h2>\n\n\n\n<p>M\u00e1rcio Salmito explica que o&nbsp;<strong>diagn\u00f3stico geralmente \u00e9 feito com base nos sintomas<\/strong>, j\u00e1 que somente em alguns casos \u00e9 poss\u00edvel verificar a inflama\u00e7\u00e3o em exames de resson\u00e2ncia magn\u00e9tica. A&nbsp;<strong>vertigem tamb\u00e9m \u00e9 acompanhada de acelera\u00e7\u00e3o dos batimentos card\u00edacos, palidez, suor frio e v\u00f4mitos frequentes, que podem causar desidrata\u00e7\u00e3o.<\/strong><\/p>\n\n\n\n<p>A<strong>&nbsp;inflama\u00e7\u00e3o geralmente ocorre por infec\u00e7\u00e3o viral,<\/strong>&nbsp;inclusive influenza e covid-19. Por isso, o&nbsp;<strong>tratamento tradicional \u00e9 feito com o controle dos sintomas e a administra\u00e7\u00e3o de anti-inflamat\u00f3rios a base de cortic\u00f3ides.<\/strong><\/p>\n\n\n\n<p><strong>Apesar de n\u00e3o oferecer risco \u00e0 vida, a doen\u00e7a pode deixar sequelas<\/strong>, de acordo com otoneurologia M\u00e1rcio Salmito: &#8220;Tem tr\u00eas possibilidades: o labirinto pode voltar ao normal, como se nada tivesse acontecido; a segunda possibilidade, que \u00e9 a mais comum, \u00e9 o labirinto n\u00e3o voltar mais ao normal, e no entanto, a pessoa conseguir, pelo mecanismo de compensa\u00e7\u00e3o vestibular, ficar totalmente sem sintomas; e a terceira possibilidade \u00e9 a pessoa n\u00e3o conseguir compensar e desenvolver um quadro de tontura cr\u00f4nica&#8221;<\/p>\n\n\n\n<p>Por causa da idade &#8211; 77 anos &#8211; Dilma tem mais chances de ficar com a fun\u00e7\u00e3o do labirinto prejudicada. Isso porque, de acordo com Salmito, o mecanismo de compensa\u00e7\u00e3o &#8211; que faz com que a estrutura do ouvido saud\u00e1vel assuma a fun\u00e7\u00e3o do ouvido atingido &#8211; piora com o passar dos anos.<\/p>\n\n\n\n<p>Mas, quando o paciente demora ou n\u00e3o consegue se recuperar, \u00e9 poss\u00edvel intervir com exerc\u00edcios de reabilita\u00e7\u00e3o vestibular ou medicamentos. Al\u00e9m disso, a otoneurologista Lisandra Megumi&nbsp;lembra que a vertigem pode ter consequ\u00eancias secund\u00e1rias, especialmente em idosos: &#8220;a habilidade de se movimentar pode cair um pouco, o que aumenta o risco de acidentes, quedas e fraturas&#8221;<\/p>\n\n\n\n<h2 class=\"wp-block-heading\">Outras doen\u00e7as<\/h2>\n\n\n\n<p>A m\u00e9dica do Instituto Paranaense de Otorrinolaringologia destaca ainda que a neurite vestibular&nbsp;<strong>causa sintomas t\u00e3o intensos que dificilmente a pessoa deixar\u00e1 de procurar atendimento m\u00e9dico<\/strong>, mas todas as tonturas e vertigens devem ser investigadas:<\/p>\n\n\n\n<p>&#8220;Muitos pacientes acabam tomando rem\u00e9dio para o labirinto, sem saber exatamente qual \u00e9 a doen\u00e7a que est\u00e1 por tr\u00e1s. Pode ser um AVC, que a gente tem que investigar a parte vascular, ou uma crise de migr\u00e2nea vestibular, que \u00e9 uma tontura associada com a enxaqueca.&#8221;<\/p>\n\n\n\n<blockquote class=\"wp-block-quote is-layout-flow wp-block-quote-is-layout-flow\">\n<p>&#8220;Algumas doen\u00e7as s\u00e3o mais arrastadas, a\u00ed o paciente consegue entender que aquele movimento n\u00e3o \u00e9 confort\u00e1vel, e passa a evitar o movimento que d\u00e1 tontura. Ent\u00e3o, no dia a dia, ele vai convivendo com a tontura, porque ele cria mecanismos para n\u00e3o ter aquele desconforto. Mas em alguns casos, quando a gente examina, consegue flagrar que existe uma tontura muito importante e que precisa de um tratamento espec\u00edfico.&#8221;, aconselha a especialista.<\/p>\n<\/blockquote>\n\n\n\n<p>Fonte: Ag\u00eancia Brasil<\/p>\n","protected":false},"excerpt":{"rendered":"<p>Uma doen\u00e7a que n\u00e3o oferece risco \u00e0 vida, mas causa extremo desconforto.&nbsp;Assim \u00e9 a&nbsp;neurite vestibular,&nbsp;ou a inflama\u00e7\u00e3o do nervo do labirinto, doen\u00e7a que levou a ex-presidenta do Brasil e atual presidenta do banco do Brics,&nbsp;Dilma Rousseff, a ser internada&nbsp;em um hospital de Xangai, na China, onde&nbsp;ela mora. O&nbsp;labirinto \u00e9 uma pequena estrutura que fica dentro [&hellip;]<\/p>\n","protected":false},"author":2,"featured_media":130895,"comment_status":"open","ping_status":"open","sticky":false,"template":"","format":"standard","meta":{"footnotes":""},"categories":[32],"tags":[11],"class_list":{"0":"post-130868","1":"post","2":"type-post","3":"status-publish","4":"format-standard","5":"has-post-thumbnail","7":"category-saude","8":"tag-destaque"},"_links":{"self":[{"href":"https:\/\/diariodoplaneta.com.br\/index.php?rest_route=\/wp\/v2\/posts\/130868","targetHints":{"allow":["GET"]}}],"collection":[{"href":"https:\/\/diariodoplaneta.com.br\/index.php?rest_route=\/wp\/v2\/posts"}],"about":[{"href":"https:\/\/diariodoplaneta.com.br\/index.php?rest_route=\/wp\/v2\/types\/post"}],"author":[{"embeddable":true,"href":"https:\/\/diariodoplaneta.com.br\/index.php?rest_route=\/wp\/v2\/users\/2"}],"replies":[{"embeddable":true,"href":"https:\/\/diariodoplaneta.com.br\/index.php?rest_route=%2Fwp%2Fv2%2Fcomments&post=130868"}],"version-history":[{"count":1,"href":"https:\/\/diariodoplaneta.com.br\/index.php?rest_route=\/wp\/v2\/posts\/130868\/revisions"}],"predecessor-version":[{"id":130896,"href":"https:\/\/diariodoplaneta.com.br\/index.php?rest_route=\/wp\/v2\/posts\/130868\/revisions\/130896"}],"wp:featuredmedia":[{"embeddable":true,"href":"https:\/\/diariodoplaneta.com.br\/index.php?rest_route=\/wp\/v2\/media\/130895"}],"wp:attachment":[{"href":"https:\/\/diariodoplaneta.com.br\/index.php?rest_route=%2Fwp%2Fv2%2Fmedia&parent=130868"}],"wp:term":[{"taxonomy":"category","embeddable":true,"href":"https:\/\/diariodoplaneta.com.br\/index.php?rest_route=%2Fwp%2Fv2%2Fcategories&post=130868"},{"taxonomy":"post_tag","embeddable":true,"href":"https:\/\/diariodoplaneta.com.br\/index.php?rest_route=%2Fwp%2Fv2%2Ftags&post=130868"}],"curies":[{"name":"wp","href":"https:\/\/api.w.org\/{rel}","templated":true}]}}