{"id":130759,"date":"2025-02-19T12:21:20","date_gmt":"2025-02-19T15:21:20","guid":{"rendered":"https:\/\/diariodoplaneta.com.br\/?p=130759"},"modified":"2025-02-19T12:21:21","modified_gmt":"2025-02-19T15:21:21","slug":"temporal-causa-mais-uma-vitima-em-sao-paulo","status":"publish","type":"post","link":"https:\/\/diariodoplaneta.com.br\/?p=130759","title":{"rendered":"Temporal causa mais uma v\u00edtima em S\u00e3o Paulo"},"content":{"rendered":"\n<p>O&nbsp;<a href=\"https:\/\/agenciabrasil.ebc.com.br\/geral\/noticia\/2025-02\/chuvas-fortes-voltam-atingir-sao-paulo-em-meio-onda-de-calor\" target=\"_blank\" rel=\"noreferrer noopener\">forte temporal que caiu na noite desta ter\u00e7a-feira (18) na cidade de S\u00e3o Paulo<\/a>&nbsp;causou a morte de uma mulher de 40 anos de idade, que ficou presa no carro, submerso pelo avan\u00e7o das \u00e1guas. O alagamento ocorreu na Freguesia do \u00d3, na zona norte da capital.<img decoding=\"async\" src=\"https:\/\/agenciabrasil.ebc.com.br\/ebc.png?id=1630965&amp;o=node\"><img decoding=\"async\" src=\"https:\/\/agenciabrasil.ebc.com.br\/ebc.gif?id=1630965&amp;o=node\"><\/p>\n\n\n\n<p>A Defesa Civil do estado informou que a mulher \u00e9 a 21\u00aa v\u00edtima das fortes chuvas, desde o in\u00edcio da Opera\u00e7\u00e3o Ver\u00e3o, programada para o per\u00edodo de 24 de dezembro a 30 de mar\u00e7o.&nbsp;<\/p>\n\n\n\n<p>Na tarde de ter\u00e7a-feira, o&nbsp;<a href=\"https:\/\/agenciabrasil.ebc.com.br\/geral\/noticia\/2025-02\/defesa-civil-alerta-para-chuva-severa-no-centro-e-na-zona-leste-de-sp\" target=\"_blank\" rel=\"noreferrer noopener\">\u00f3rg\u00e3o emitiu 16 alertas severos<\/a>&nbsp;de tempestades no estado, sendo dois para a capital.<\/p>\n\n\n\n<p>A mulher que morreu estava num ve\u00edculo Kwid, na avenida Edgar Fac\u00f3, que ficou tomada pelas \u00e1guas com o transbordamento do Ribeir\u00e3o Verde. A v\u00edtima chegou a ser socorrida pelo Corpo de Bombeiros, mas n\u00e3o resistiu.<\/p>\n\n\n\n<p>Balan\u00e7o da Defesa Civil aponta que, at\u00e9 o momento, sete pessoas morreram por causa de deslizamentos causados pelas chuvas, 11 foram levados pelas enxurradas, duas arrastadas pelos vendavais e uma pessoa morreu atingida por um raio.<\/p>\n\n\n\n<p>Fonte: Ag\u00eancia Brasil <\/p>\n","protected":false},"excerpt":{"rendered":"<p>O&nbsp;forte temporal que caiu na noite desta ter\u00e7a-feira (18) na cidade de S\u00e3o Paulo&nbsp;causou a morte de uma mulher de 40 anos de idade, que ficou presa no carro, submerso pelo avan\u00e7o das \u00e1guas. O alagamento ocorreu na Freguesia do \u00d3, na zona norte da capital. A Defesa Civil do estado informou que a mulher [&hellip;]<\/p>\n","protected":false},"author":2,"featured_media":130760,"comment_status":"open","ping_status":"open","sticky":false,"template":"","format":"standard","meta":{"footnotes":""},"categories":[25,29],"tags":[11],"class_list":{"0":"post-130759","1":"post","2":"type-post","3":"status-publish","4":"format-standard","5":"has-post-thumbnail","7":"category-regional","8":"category-sudeste-regional","9":"tag-destaque"},"_links":{"self":[{"href":"https:\/\/diariodoplaneta.com.br\/index.php?rest_route=\/wp\/v2\/posts\/130759","targetHints":{"allow":["GET"]}}],"collection":[{"href":"https:\/\/diariodoplaneta.com.br\/index.php?rest_route=\/wp\/v2\/posts"}],"about":[{"href":"https:\/\/diariodoplaneta.com.br\/index.php?rest_route=\/wp\/v2\/types\/post"}],"author":[{"embeddable":true,"href":"https:\/\/diariodoplaneta.com.br\/index.php?rest_route=\/wp\/v2\/users\/2"}],"replies":[{"embeddable":true,"href":"https:\/\/diariodoplaneta.com.br\/index.php?rest_route=%2Fwp%2Fv2%2Fcomments&post=130759"}],"version-history":[{"count":1,"href":"https:\/\/diariodoplaneta.com.br\/index.php?rest_route=\/wp\/v2\/posts\/130759\/revisions"}],"predecessor-version":[{"id":130761,"href":"https:\/\/diariodoplaneta.com.br\/index.php?rest_route=\/wp\/v2\/posts\/130759\/revisions\/130761"}],"wp:featuredmedia":[{"embeddable":true,"href":"https:\/\/diariodoplaneta.com.br\/index.php?rest_route=\/wp\/v2\/media\/130760"}],"wp:attachment":[{"href":"https:\/\/diariodoplaneta.com.br\/index.php?rest_route=%2Fwp%2Fv2%2Fmedia&parent=130759"}],"wp:term":[{"taxonomy":"category","embeddable":true,"href":"https:\/\/diariodoplaneta.com.br\/index.php?rest_route=%2Fwp%2Fv2%2Fcategories&post=130759"},{"taxonomy":"post_tag","embeddable":true,"href":"https:\/\/diariodoplaneta.com.br\/index.php?rest_route=%2Fwp%2Fv2%2Ftags&post=130759"}],"curies":[{"name":"wp","href":"https:\/\/api.w.org\/{rel}","templated":true}]}}