{"id":130659,"date":"2025-02-12T10:33:47","date_gmt":"2025-02-12T13:33:47","guid":{"rendered":"https:\/\/diariodoplaneta.com.br\/?p=130659"},"modified":"2025-02-12T10:33:48","modified_gmt":"2025-02-12T13:33:48","slug":"incendio-atinge-fabrica-de-roupas-no-rio-de-janeiro","status":"publish","type":"post","link":"https:\/\/diariodoplaneta.com.br\/?p=130659","title":{"rendered":"Inc\u00eandio atinge f\u00e1brica de roupas no Rio de Janeiro"},"content":{"rendered":"\n<p>Um inc\u00eandio atinge, neste momento, uma f\u00e1brica de roupas para o carnaval no bairro de Ramos, na zona norte do Rio de Janeiro.&nbsp;<img decoding=\"async\" src=\"https:\/\/agenciabrasil.ebc.com.br\/ebc.png?id=1629968&amp;o=node\"><img decoding=\"async\" src=\"https:\/\/agenciabrasil.ebc.com.br\/ebc.gif?id=1629968&amp;o=node\"><\/p>\n\n\n\n<p>Os bombeiros est\u00e3o tentando retirar pessoas que est\u00e3o presas dentro do edif\u00edcio.<\/p>\n\n\n\n<p>Algumas delas chegaram a ficar retidas no pr\u00e9dio, mas foram resgatadas.<\/p>\n\n\n\n<p>Outras conseguiram sair e est\u00e3o recebendo atendimento m\u00e9dico do Corpo de Bombeiros.<\/p>\n\n\n\n<p>Fonte: Ag\u00eancia Brasil<\/p>\n","protected":false},"excerpt":{"rendered":"<p>Um inc\u00eandio atinge, neste momento, uma f\u00e1brica de roupas para o carnaval no bairro de Ramos, na zona norte do Rio de Janeiro.&nbsp; Os bombeiros est\u00e3o tentando retirar pessoas que est\u00e3o presas dentro do edif\u00edcio. Algumas delas chegaram a ficar retidas no pr\u00e9dio, mas foram resgatadas. Outras conseguiram sair e est\u00e3o recebendo atendimento m\u00e9dico do [&hellip;]<\/p>\n","protected":false},"author":2,"featured_media":130660,"comment_status":"open","ping_status":"open","sticky":false,"template":"","format":"standard","meta":{"footnotes":""},"categories":[25,29],"tags":[],"class_list":{"0":"post-130659","1":"post","2":"type-post","3":"status-publish","4":"format-standard","5":"has-post-thumbnail","7":"category-regional","8":"category-sudeste-regional"},"_links":{"self":[{"href":"https:\/\/diariodoplaneta.com.br\/index.php?rest_route=\/wp\/v2\/posts\/130659","targetHints":{"allow":["GET"]}}],"collection":[{"href":"https:\/\/diariodoplaneta.com.br\/index.php?rest_route=\/wp\/v2\/posts"}],"about":[{"href":"https:\/\/diariodoplaneta.com.br\/index.php?rest_route=\/wp\/v2\/types\/post"}],"author":[{"embeddable":true,"href":"https:\/\/diariodoplaneta.com.br\/index.php?rest_route=\/wp\/v2\/users\/2"}],"replies":[{"embeddable":true,"href":"https:\/\/diariodoplaneta.com.br\/index.php?rest_route=%2Fwp%2Fv2%2Fcomments&post=130659"}],"version-history":[{"count":1,"href":"https:\/\/diariodoplaneta.com.br\/index.php?rest_route=\/wp\/v2\/posts\/130659\/revisions"}],"predecessor-version":[{"id":130661,"href":"https:\/\/diariodoplaneta.com.br\/index.php?rest_route=\/wp\/v2\/posts\/130659\/revisions\/130661"}],"wp:featuredmedia":[{"embeddable":true,"href":"https:\/\/diariodoplaneta.com.br\/index.php?rest_route=\/wp\/v2\/media\/130660"}],"wp:attachment":[{"href":"https:\/\/diariodoplaneta.com.br\/index.php?rest_route=%2Fwp%2Fv2%2Fmedia&parent=130659"}],"wp:term":[{"taxonomy":"category","embeddable":true,"href":"https:\/\/diariodoplaneta.com.br\/index.php?rest_route=%2Fwp%2Fv2%2Fcategories&post=130659"},{"taxonomy":"post_tag","embeddable":true,"href":"https:\/\/diariodoplaneta.com.br\/index.php?rest_route=%2Fwp%2Fv2%2Ftags&post=130659"}],"curies":[{"name":"wp","href":"https:\/\/api.w.org\/{rel}","templated":true}]}}