{"id":130382,"date":"2025-01-17T13:38:06","date_gmt":"2025-01-17T16:38:06","guid":{"rendered":"https:\/\/diariodoplaneta.com.br\/?p=129697"},"modified":"2025-01-17T13:38:06","modified_gmt":"2025-01-17T16:38:06","slug":"acao-em-sp-orienta-populacao-a-agir-em-eventos-climaticos-extremos","status":"publish","type":"post","link":"https:\/\/diariodoplaneta.com.br\/?p=130382","title":{"rendered":"A\u00e7\u00e3o em SP orienta popula\u00e7\u00e3o a agir em eventos clim\u00e1ticos extremos"},"content":{"rendered":"\n<p>A Defesa Civil do Estado de S\u00e3o Paulo iniciou hoje (17)&nbsp;<a href=\"https:\/\/www.spalerta.sp.gov.br\/\" target=\"_blank\" rel=\"noreferrer noopener\">a\u00e7\u00f5es para alertar e orientar a popula\u00e7\u00e3o&nbsp;<\/a>a se proteger de eventos clim\u00e1ticos intensos, como temporais, vendavais e inunda\u00e7\u00f5es. A distribui\u00e7\u00e3o de panfletos come\u00e7ou pela esta\u00e7\u00e3o Pinheiros, um dos pontos da rota da linha 4 &#8211; Amarela do Metr\u00f4, por onde passam 800 mil passageiros por dia \u00fatil, em m\u00e9dia.&nbsp;<img decoding=\"async\" src=\"https:\/\/agenciabrasil.ebc.com.br\/ebc.png?id=1627133&amp;o=node\"><img decoding=\"async\" src=\"https:\/\/agenciabrasil.ebc.com.br\/ebc.gif?id=1627133&amp;o=node\"><\/p>\n\n\n\n<p>A campanha continuar\u00e1 durante todo o ver\u00e3o. Al\u00e9m da linha amarela, da concession\u00e1ria ViaQuatro, a esta\u00e7\u00e3o serve de conex\u00e3o com a linha 9 &#8211; Esmeralda de trem, administrada pela ViaMobilidade. Ao lado da esta\u00e7\u00e3o,&nbsp;h\u00e1 um terminal de \u00f4nibus, o que aumenta as chances de difus\u00e3o do material educativo.<\/p>\n\n\n\n<figure class=\"wp-block-image\"><img decoding=\"async\" src=\"https:\/\/imagens.ebc.com.br\/gED4h8DJNDmFfu7K9cAC1cVTSs4=\/463x0\/smart\/https:\/\/agenciabrasil.ebc.com.br\/sites\/default\/files\/thumbnails\/image\/2025\/01\/17\/whatsapp-image-2025-01-17-at-08.43.43-1024x683.jpeg?itok=lAkrXdjj\" alt=\"S\u00e3o Paulo (SP), 17\/01\/2024 - Agente da Defesa Civil do Estado faz a\u00e7\u00e3o de conscientiza\u00e7\u00e3o sobre riscos causados por temporais em esta\u00e7\u00e3o de metr\u00f4 de SP. Foto:  Pablo Jacob\/Governo de SP\" title=\"Pablo Jacob\/Governo de SP\"\/><\/figure>\n\n\n\n<h6 class=\"wp-block-heading\">Agentes da Defesa Civil do Estado em a\u00e7\u00e3o de conscientiza\u00e7\u00e3o sobre riscos causados por temporais em esta\u00e7\u00e3o de metr\u00f4 de SP. Foto:&nbsp;<strong>Pablo Jacob\/Governo de SP<\/strong><\/h6>\n\n\n\n<p>As instru\u00e7\u00f5es contidas no material impresso ser\u00e3o veiculadas tamb\u00e9m nos monitores que ficam dentro dos vag\u00f5es do metr\u00f4. V\u00eddeos ser\u00e3o transmitidos nos trens das linhas 1 &#8211; Azul, 2 &#8211; Verde e 3 &#8211; Vermelha do Metr\u00f4, al\u00e9m das linhas 4 &#8211; Amarela e 5 &#8211; Lil\u00e1s, da ViaQuatro. As equipes escaladas para a a\u00e7\u00e3o&nbsp;esclarecem eventuais d\u00favidas dos passageiros.<\/p>\n\n\n\n<p>Segundo o porta-voz da Defesa Civil estadual,&nbsp;Maxwel Souza, o objetivo \u00e9 evitar mortes e acidentes. Al\u00e9m de contratar,&nbsp;treinar agentes e modernizar equipamentos&nbsp;como radares&nbsp;e viaturas, o \u00f3rg\u00e3o tem realizado treinamentos em escolas e de l\u00edderes de comunidades.<\/p>\n\n\n\n<h2 class=\"wp-block-heading\">N\u00facleos comunit\u00e1rios<\/h2>\n\n\n\n<p>&#8220;S\u00e3o muitas as a\u00e7\u00f5es de preven\u00e7\u00e3o. Educa\u00e7\u00e3o nas escolas, nas \u00e1reas de risco, com treinamentos simulados, com a cria\u00e7\u00e3o de n\u00facleos comunit\u00e1rios&#8221;, afirmou Souza. Ele disse que, embora haja esfor\u00e7o&nbsp;por parte da gest\u00e3o estadual, o d\u00e9ficit e a precariedade de moradias n\u00e3o ser\u00e3o&nbsp;resolvidos em um mandato.&nbsp;<\/p>\n\n\n\n<p>&#8220;O objetivo \u00e9 que a popula\u00e7\u00e3o esteja informada, para que a gente tenha uma mudan\u00e7a de comportamento&#8221;, argumentou, citando casos em que pessoas se arriscam&nbsp;ao decidir se deslocar em meio a deslizamentos e alagamentos.<\/p>\n\n\n\n<p>Questionado sobre a din\u00e2mica nas comunidades, o porta-voz explicou&nbsp;que o papel das lideran\u00e7as dos grupos \u00e9 fundamental, por conhecer&nbsp;os moradores e saber identificar a&nbsp;casa&nbsp;de pessoas que precisam de&nbsp;ajuda para serem retiradas do local. A agilidade nesta etapa pode&nbsp;salvar a vida de crian\u00e7as, pessoas com defici\u00eancia ou dificuldade de locomo\u00e7\u00e3o, idosos e animais de estima\u00e7\u00e3o.<\/p>\n\n\n\n<h2 class=\"wp-block-heading\">Alertas meteorol\u00f3gicos<\/h2>\n\n\n\n<p>O Instituto Nacional de Meteorologia (Inmet) emitiu um alerta que indica, para o per\u00edodo entre a manh\u00e3 de hoje e a de amanh\u00e3 (18), forte possibilidade de&nbsp;chuva entre 20 e 30 mm\/h ou at\u00e9 50 mm\/dia, ventos intensos (40-60 km\/h) na regi\u00e3o metropolitana de S\u00e3o Paulo. O risco de corte de energia el\u00e9trica, queda de galhos de \u00e1rvores, alagamentos e de descargas el\u00e9tricas \u00e9 considerado baixo para esta sexta-feira.<\/p>\n\n\n\n<p>Para munic\u00edpios do interior do estado, contudo, deve chover mais. O volume previsto \u00e9 de uma faixa entre 30 e 60 mm\/h ou 50 e 100 mm\/dia, com ventos ainda mais intensos (60-100 km\/h) e significativo risco de corte de energia el\u00e9trica, queda de galhos de \u00e1rvores, enchentes e de descargas el\u00e9tricas.<\/p>\n\n\n\n<p>Nos pr\u00f3ximos dias, n\u00e3o deve haver muita varia\u00e7\u00e3o. A temperatura ficar\u00e1 entre 19\u00ba e 30\u00ba, com m pancadas de chuva e trovoadas isoladas.<\/p>\n\n\n\n<p>Fonte: Ag\u00eancia Brasil<\/p>\n","protected":false},"excerpt":{"rendered":"<p>A Defesa Civil do Estado de S\u00e3o Paulo iniciou hoje (17)&nbsp;a\u00e7\u00f5es para alertar e orientar a popula\u00e7\u00e3o&nbsp;a se proteger de eventos clim\u00e1ticos intensos, como temporais, vendavais e inunda\u00e7\u00f5es. A distribui\u00e7\u00e3o de panfletos come\u00e7ou pela esta\u00e7\u00e3o Pinheiros, um dos pontos da rota da linha 4 &#8211; Amarela do Metr\u00f4, por onde passam 800 mil passageiros por [&hellip;]<\/p>\n","protected":false},"author":2,"featured_media":130458,"comment_status":"open","ping_status":"open","sticky":false,"template":"","format":"standard","meta":{"footnotes":""},"categories":[25,29],"tags":[],"class_list":{"0":"post-130382","1":"post","2":"type-post","3":"status-publish","4":"format-standard","5":"has-post-thumbnail","7":"category-regional","8":"category-sudeste-regional"},"_links":{"self":[{"href":"https:\/\/diariodoplaneta.com.br\/index.php?rest_route=\/wp\/v2\/posts\/130382","targetHints":{"allow":["GET"]}}],"collection":[{"href":"https:\/\/diariodoplaneta.com.br\/index.php?rest_route=\/wp\/v2\/posts"}],"about":[{"href":"https:\/\/diariodoplaneta.com.br\/index.php?rest_route=\/wp\/v2\/types\/post"}],"author":[{"embeddable":true,"href":"https:\/\/diariodoplaneta.com.br\/index.php?rest_route=\/wp\/v2\/users\/2"}],"replies":[{"embeddable":true,"href":"https:\/\/diariodoplaneta.com.br\/index.php?rest_route=%2Fwp%2Fv2%2Fcomments&post=130382"}],"version-history":[{"count":0,"href":"https:\/\/diariodoplaneta.com.br\/index.php?rest_route=\/wp\/v2\/posts\/130382\/revisions"}],"wp:featuredmedia":[{"embeddable":true,"href":"https:\/\/diariodoplaneta.com.br\/index.php?rest_route=\/wp\/v2\/media\/130458"}],"wp:attachment":[{"href":"https:\/\/diariodoplaneta.com.br\/index.php?rest_route=%2Fwp%2Fv2%2Fmedia&parent=130382"}],"wp:term":[{"taxonomy":"category","embeddable":true,"href":"https:\/\/diariodoplaneta.com.br\/index.php?rest_route=%2Fwp%2Fv2%2Fcategories&post=130382"},{"taxonomy":"post_tag","embeddable":true,"href":"https:\/\/diariodoplaneta.com.br\/index.php?rest_route=%2Fwp%2Fv2%2Ftags&post=130382"}],"curies":[{"name":"wp","href":"https:\/\/api.w.org\/{rel}","templated":true}]}}