{"id":130357,"date":"2025-01-15T15:07:34","date_gmt":"2025-01-15T18:07:34","guid":{"rendered":"https:\/\/diariodoplaneta.com.br\/?p=129655"},"modified":"2025-01-15T15:07:34","modified_gmt":"2025-01-15T18:07:34","slug":"estado-do-rio-tem-810-casos-de-dengue-nas-primeiras-semanas-do-ano","status":"publish","type":"post","link":"https:\/\/diariodoplaneta.com.br\/?p=130357","title":{"rendered":"Estado do Rio tem 810 casos de dengue nas primeiras semanas do ano"},"content":{"rendered":"\n<p>Em todo o estado do Rio de Janeiro, nas primeiras semanas de 2025 foram anotados 810 casos prov\u00e1veis de dengue. Houve 50 interna\u00e7\u00f5es e n\u00e3o h\u00e1 mortes confirmadas. As 810 ocorr\u00eancias correspondem ao per\u00edodo de 29\/12\/2024 a 14\/01\/2024. Os dados s\u00e3o inseridos no sistema pelos munic\u00edpios e atualizados diariamente no Monitora RJ, ferramenta digital da Secretaria de Estado de Sa\u00fade.&nbsp;<img decoding=\"async\" src=\"https:\/\/agenciabrasil.ebc.com.br\/ebc.png?id=1626887&amp;o=node\"><img decoding=\"async\" src=\"https:\/\/agenciabrasil.ebc.com.br\/ebc.gif?id=1626887&amp;o=node\"><\/p>\n\n\n\n<p>Em 2024, ao longo do ano, houve 302.316 casos prov\u00e1veis, 9.703 interna\u00e7\u00f5es e 232 \u00f3bitos por dengue em todo o estado. Nas tr\u00eas primeiras semanas epidemiol\u00f3gicas de 2024 (31\/12\/2023 a 20\/01\/2024) foram registrados 16.011 casos.&nbsp;<\/p>\n\n\n\n<p>\u201cNo ano passado vivemos uma grande epidemia de dengue, que j\u00e1 come\u00e7ou no in\u00edcio do ano, portanto, o ano de 2024 foi considerado at\u00edpico. Analisando a s\u00e9rie hist\u00f3rica, temos 2023,&nbsp;ano sem epidemia e quando registramos 694 casos prov\u00e1veis nas tr\u00eas primeiras semanas epidemiol\u00f3gicas do ano. Em 2025, j\u00e1 tivemos um aumento de&nbsp;16,72%&nbsp;de casos em compara\u00e7\u00e3o com 2023. Isso nos acende um alerta para a import\u00e2ncia da preven\u00e7\u00e3o contra a doen\u00e7a\u201d, disse a secret\u00e1ria estadual de Sa\u00fade, Claudia Mello.<\/p>\n\n\n\n<h2 class=\"wp-block-heading\">V\u00edtima tem 60 anos<\/h2>\n\n\n\n<p>Na \u00faltima quinta-feira (9), a secretaria confirmou o primeiro caso de dengue tipo 3 deste ano. A notifica\u00e7\u00e3o \u00e9 do munic\u00edpio do Rio de Janeiro e a confirma\u00e7\u00e3o foi feita pelo Laborat\u00f3rio Central de Sa\u00fade P\u00fablica Noel Nutels (Lacen-RJ). A doen\u00e7a atingiu uma mulher de 60 anos.&nbsp;<\/p>\n\n\n\n<p>Nos anos de 2023 e 2024, os sorotipos predominantes de dengue no pa\u00eds&nbsp;e no estado do Rio foram os sorotipos 1 e o 2. O sorotipo 3 n\u00e3o circula no estado desde 2007. Por\u00e9m, no ano passado, houve dois casos isolados, um em Paraty, na regi\u00e3o da Costa Verde, e outro em Maric\u00e1, na regi\u00e3o metropolitana.<\/p>\n\n\n\n<p>Apesar da notifica\u00e7\u00e3o do primeiro caso em 2025, o sorotipo 3 n\u00e3o circula de forma predominante no estado desde 2007, ou seja, existe uma grande parcela da popula\u00e7\u00e3o que nunca teve contato com este tipo da doen\u00e7a.<\/p>\n\n\n\n<p>Os sintomas da dengue tipo 3 s\u00e3o os mesmos dos tipos 1, 2 e 4, sendo os principais febre alta (maior que 38\u00b0C); dor no corpo e articula\u00e7\u00f5es; n\u00e1useas e v\u00f4mitos, dor atr\u00e1s dos olhos; mal-estar; falta de apetite; dor de cabe\u00e7a e manchas vermelhas no corpo.<\/p>\n\n\n\n<h2 class=\"wp-block-heading\">Combate priorit\u00e1rio<\/h2>\n\n\n\n<p>Para a Secretaria de Sa\u00fade, o combate aos focos do mosquito&nbsp;<em>Aedes aegypti<\/em>&nbsp;\u00e9 a\u00e7\u00e3o priorit\u00e1ria. Ser\u00e3o mantidos o monitoramento de casos e a campanha&nbsp;\u201cContra a dengue todo dia\u201d, prevista no Plano de Conting\u00eancia para Enfrentamento \u00e0s&nbsp;<em>Arboviroses<\/em>, em apoio aos 92 munic\u00edpios com alertas e orienta\u00e7\u00f5es sobre a doen\u00e7a.<\/p>\n\n\n\n<p>Al\u00e9m disso, a secretaria refor\u00e7a informa\u00e7\u00f5es \u00e0 sociedade sobre preven\u00e7\u00e3o, destacando a import\u00e2ncia da vistoria semanal para evitar \u00e1gua parada em latas, garrafas vazias, pneus, calhas, caixas d&#8217;\u00e1gua descobertas e pratos sob vasos de plantas.<\/p>\n\n\n\n<p>Fonte: Ag\u00eancia Brasil <\/p>\n","protected":false},"excerpt":{"rendered":"<p>Em todo o estado do Rio de Janeiro, nas primeiras semanas de 2025 foram anotados 810 casos prov\u00e1veis de dengue. Houve 50 interna\u00e7\u00f5es e n\u00e3o h\u00e1 mortes confirmadas. As 810 ocorr\u00eancias correspondem ao per\u00edodo de 29\/12\/2024 a 14\/01\/2024. Os dados s\u00e3o inseridos no sistema pelos munic\u00edpios e atualizados diariamente no Monitora RJ, ferramenta digital da [&hellip;]<\/p>\n","protected":false},"author":2,"featured_media":130444,"comment_status":"open","ping_status":"open","sticky":false,"template":"","format":"standard","meta":{"footnotes":""},"categories":[25,29],"tags":[11],"class_list":{"0":"post-130357","1":"post","2":"type-post","3":"status-publish","4":"format-standard","5":"has-post-thumbnail","7":"category-regional","8":"category-sudeste-regional","9":"tag-destaque"},"_links":{"self":[{"href":"https:\/\/diariodoplaneta.com.br\/index.php?rest_route=\/wp\/v2\/posts\/130357","targetHints":{"allow":["GET"]}}],"collection":[{"href":"https:\/\/diariodoplaneta.com.br\/index.php?rest_route=\/wp\/v2\/posts"}],"about":[{"href":"https:\/\/diariodoplaneta.com.br\/index.php?rest_route=\/wp\/v2\/types\/post"}],"author":[{"embeddable":true,"href":"https:\/\/diariodoplaneta.com.br\/index.php?rest_route=\/wp\/v2\/users\/2"}],"replies":[{"embeddable":true,"href":"https:\/\/diariodoplaneta.com.br\/index.php?rest_route=%2Fwp%2Fv2%2Fcomments&post=130357"}],"version-history":[{"count":0,"href":"https:\/\/diariodoplaneta.com.br\/index.php?rest_route=\/wp\/v2\/posts\/130357\/revisions"}],"wp:featuredmedia":[{"embeddable":true,"href":"https:\/\/diariodoplaneta.com.br\/index.php?rest_route=\/wp\/v2\/media\/130444"}],"wp:attachment":[{"href":"https:\/\/diariodoplaneta.com.br\/index.php?rest_route=%2Fwp%2Fv2%2Fmedia&parent=130357"}],"wp:term":[{"taxonomy":"category","embeddable":true,"href":"https:\/\/diariodoplaneta.com.br\/index.php?rest_route=%2Fwp%2Fv2%2Fcategories&post=130357"},{"taxonomy":"post_tag","embeddable":true,"href":"https:\/\/diariodoplaneta.com.br\/index.php?rest_route=%2Fwp%2Fv2%2Ftags&post=130357"}],"curies":[{"name":"wp","href":"https:\/\/api.w.org\/{rel}","templated":true}]}}