{"id":130325,"date":"2025-01-07T17:08:33","date_gmt":"2025-01-07T20:08:33","guid":{"rendered":"https:\/\/diariodoplaneta.com.br\/?p=129548"},"modified":"2025-01-07T17:08:33","modified_gmt":"2025-01-07T20:08:33","slug":"policia-civil-pede-prisao-de-pm-que-matou-estudante-de-medicina-em-sp","status":"publish","type":"post","link":"https:\/\/diariodoplaneta.com.br\/?p=130325","title":{"rendered":"Pol\u00edcia Civil pede pris\u00e3o de PM que matou estudante de medicina em SP"},"content":{"rendered":"\n<p>A Pol\u00edcia Civil de S\u00e3o Paulo concluiu, na \u00faltima sexta-feira (3), o inqu\u00e9rito que apurava a morte do estudante de medicina Marco Aur\u00e9lio Cardenas Acosta durante abordagem policial. O procedimento foi relatado \u00e0 Justi\u00e7a com pedido de pris\u00e3o preventiva do policial militar Guilherme Augusto Macedo, autor do disparo, por homic\u00eddio doloso eventual.<img decoding=\"async\" src=\"https:\/\/agenciabrasil.ebc.com.br\/ebc.png?id=1626018&amp;o=node\"><img decoding=\"async\" src=\"https:\/\/agenciabrasil.ebc.com.br\/ebc.gif?id=1626018&amp;o=node\"><\/p>\n\n\n\n<p>A&nbsp;<a href=\"https:\/\/agenciabrasil.ebc.com.br\/geral\/noticia\/2024-11\/morte-de-jovem-estudante-e-tragedia-anunciada-diz-ouvidor-da-policia\" target=\"_blank\" rel=\"noreferrer noopener\">ocorr\u00eancia<\/a>&nbsp;que levou \u00e0 morte do estudante se deu por volta das 2h50 do dia 20 de novembro, na escadaria de um hotel na Rua Cubat\u00e3o, na Vila Mariana, zona sul da capital paulista. Ele foi morto com um tiro \u00e0 queima-roupa disparado pelo policial, por volta das 2h50, na escadaria de um hotel na Rua Cubat\u00e3o, na Vila Mariana, zona sul da cidade.<\/p>\n\n\n\n<p>O policial j\u00e1 havia sido\u00a0<a href=\"https:\/\/agenciabrasil.ebc.com.br\/geral\/noticia\/2024-11\/pm-que-atirou-em-aluno-de-medicina-e-indiciado-por-homicidio-doloso\" target=\"_blank\" rel=\"noreferrer noopener\">indiciado<\/a>\u00a0no inqu\u00e9rito policial militar (IPM) por homic\u00eddio doloso e permanece afastado das atividades, assim como o PM que o acompanhava no dia do ocorrido, informou a Secretaria da Seguran\u00e7a P\u00fablica de S\u00e3o Paulo. Segundo a pasta, a autoridade policial aguarda a manifesta\u00e7\u00e3o do Poder Judici\u00e1rio.\u00a0<br><\/p>\n\n\n\n<p>Fonte: Ag\u00eancia Brasil <\/p>\n","protected":false},"excerpt":{"rendered":"<p>A Pol\u00edcia Civil de S\u00e3o Paulo concluiu, na \u00faltima sexta-feira (3), o inqu\u00e9rito que apurava a morte do estudante de medicina Marco Aur\u00e9lio Cardenas Acosta durante abordagem policial. O procedimento foi relatado \u00e0 Justi\u00e7a com pedido de pris\u00e3o preventiva do policial militar Guilherme Augusto Macedo, autor do disparo, por homic\u00eddio doloso eventual. A&nbsp;ocorr\u00eancia&nbsp;que levou \u00e0 [&hellip;]<\/p>\n","protected":false},"author":2,"featured_media":130413,"comment_status":"open","ping_status":"open","sticky":false,"template":"","format":"standard","meta":{"footnotes":""},"categories":[25,29],"tags":[],"class_list":{"0":"post-130325","1":"post","2":"type-post","3":"status-publish","4":"format-standard","5":"has-post-thumbnail","7":"category-regional","8":"category-sudeste-regional"},"_links":{"self":[{"href":"https:\/\/diariodoplaneta.com.br\/index.php?rest_route=\/wp\/v2\/posts\/130325","targetHints":{"allow":["GET"]}}],"collection":[{"href":"https:\/\/diariodoplaneta.com.br\/index.php?rest_route=\/wp\/v2\/posts"}],"about":[{"href":"https:\/\/diariodoplaneta.com.br\/index.php?rest_route=\/wp\/v2\/types\/post"}],"author":[{"embeddable":true,"href":"https:\/\/diariodoplaneta.com.br\/index.php?rest_route=\/wp\/v2\/users\/2"}],"replies":[{"embeddable":true,"href":"https:\/\/diariodoplaneta.com.br\/index.php?rest_route=%2Fwp%2Fv2%2Fcomments&post=130325"}],"version-history":[{"count":0,"href":"https:\/\/diariodoplaneta.com.br\/index.php?rest_route=\/wp\/v2\/posts\/130325\/revisions"}],"wp:featuredmedia":[{"embeddable":true,"href":"https:\/\/diariodoplaneta.com.br\/index.php?rest_route=\/wp\/v2\/media\/130413"}],"wp:attachment":[{"href":"https:\/\/diariodoplaneta.com.br\/index.php?rest_route=%2Fwp%2Fv2%2Fmedia&parent=130325"}],"wp:term":[{"taxonomy":"category","embeddable":true,"href":"https:\/\/diariodoplaneta.com.br\/index.php?rest_route=%2Fwp%2Fv2%2Fcategories&post=130325"},{"taxonomy":"post_tag","embeddable":true,"href":"https:\/\/diariodoplaneta.com.br\/index.php?rest_route=%2Fwp%2Fv2%2Ftags&post=130325"}],"curies":[{"name":"wp","href":"https:\/\/api.w.org\/{rel}","templated":true}]}}