{"id":130303,"date":"2025-01-03T16:13:57","date_gmt":"2025-01-03T19:13:57","guid":{"rendered":"https:\/\/diariodoplaneta.com.br\/?p=129481"},"modified":"2025-01-03T16:13:57","modified_gmt":"2025-01-03T19:13:57","slug":"stf-autoriza-chiquinho-brazao-a-deixar-prisao-para-exame-cardiaco","status":"publish","type":"post","link":"https:\/\/diariodoplaneta.com.br\/?p=130303","title":{"rendered":"STF autoriza Chiquinho Braz\u00e3o a deixar pris\u00e3o para exame card\u00edaco"},"content":{"rendered":"\n<p>O ministro Alexandre de Moraes, do Supremo Tribunal Federal,&nbsp;autorizou nessa quinta-feira (2)&nbsp;o deputado federal do Rio de Janeiro Chiquinho Braz\u00e3o, sem partido, a sair da pris\u00e3o para fazer um exame card\u00edaco.<img decoding=\"async\" src=\"https:\/\/agenciabrasil.ebc.com.br\/ebc.png?id=1625743&amp;o=node\"><img decoding=\"async\" src=\"https:\/\/agenciabrasil.ebc.com.br\/ebc.gif?id=1625743&amp;o=node\"><\/p>\n\n\n\n<p>&nbsp;Acusado de ser o mandante da morte da vereadora Marielle Franco e do motorista Anderson Gomes,&nbsp;Braz\u00e3o poder\u00e1 fazer o&nbsp;exame&nbsp;em Campo Grande, no Mato Grosso do Sul. Ele est\u00e1 preso na Penitenci\u00e1ria Estadual da cidade.&nbsp;O cardiologista dever\u00e1 ser indicado pelo deputado.<\/p>\n\n\n\n<p>Pela decis\u00e3o de Moraes, a defesa dever\u00e1 informar data, hora e local do exame com cinco dias de anteced\u00eancia para que a escolta, que ser\u00e1 feita pela Pol\u00edcia Federal, possa ser organizada.&nbsp;<\/p>\n\n\n\n<p>Em dezembro, a defesa pediu que Chiquinho Braz\u00e3o fosse colocado em&nbsp;<a href=\"https:\/\/agenciabrasil.ebc.com.br\/justica\/noticia\/2024-12\/caso-marielle-moraes-mantem-prisao-dos-irmaos-brazao\" target=\"_blank\" rel=\"noreferrer noopener\">pris\u00e3o domiciliar<\/a>, mas a Procuradoria-Geral da Rep\u00fablica discordou.<\/p>\n\n\n\n<p>Acusados como mandantes dos assassinatos de Marielle e Anderson, os irm\u00e3os Chiquinho e Domingos Braz\u00e3o, que \u00e9 conselheiro do Tribunal de Contas do Rio de Janeiro,&nbsp;s\u00e3o r\u00e9us em uma&nbsp;a\u00e7\u00e3o penal que corre&nbsp;no Supremo Tribunal Federal por causa do foro privilegiado de Chiquinho.<\/p>\n\n\n\n<p>Na C\u00e2mara dos Deputados,&nbsp;um processo que pede a cassa\u00e7\u00e3o do mandato de Chiquinho Braz\u00e3o teve decis\u00e3o favor\u00e1vel do Conselho de \u00c9tica; e aguarda vota\u00e7\u00e3o no plen\u00e1rio da casa.<\/p>\n\n\n\n<p>J\u00e1 os ex-sargentos da Pol\u00edcia Militar do Rio de Janeiro Ronnie Lessa e \u00c9lcio de Queiroz, acusados pelos assassinatos da vereadora e do motorista, j\u00e1 foram&nbsp;<a href=\"https:\/\/agenciabrasil.ebc.com.br\/justica\/noticia\/2024-10\/ronnie-e-elcio-sao-condenados-por-assassinar-marielle-e-anderson\" target=\"_blank\" rel=\"noreferrer noopener\">julgados e condenados<\/a>.<\/p>\n\n\n\n<p>Fonte: Ag\u00eancia Brasil <\/p>\n","protected":false},"excerpt":{"rendered":"<p>O ministro Alexandre de Moraes, do Supremo Tribunal Federal,&nbsp;autorizou nessa quinta-feira (2)&nbsp;o deputado federal do Rio de Janeiro Chiquinho Braz\u00e3o, sem partido, a sair da pris\u00e3o para fazer um exame card\u00edaco. &nbsp;Acusado de ser o mandante da morte da vereadora Marielle Franco e do motorista Anderson Gomes,&nbsp;Braz\u00e3o poder\u00e1 fazer o&nbsp;exame&nbsp;em Campo Grande, no Mato Grosso [&hellip;]<\/p>\n","protected":false},"author":2,"featured_media":130391,"comment_status":"open","ping_status":"open","sticky":false,"template":"","format":"standard","meta":{"footnotes":""},"categories":[13],"tags":[24],"class_list":{"0":"post-130303","1":"post","2":"type-post","3":"status-publish","4":"format-standard","5":"has-post-thumbnail","7":"category-politica","8":"tag-manchete"},"_links":{"self":[{"href":"https:\/\/diariodoplaneta.com.br\/index.php?rest_route=\/wp\/v2\/posts\/130303","targetHints":{"allow":["GET"]}}],"collection":[{"href":"https:\/\/diariodoplaneta.com.br\/index.php?rest_route=\/wp\/v2\/posts"}],"about":[{"href":"https:\/\/diariodoplaneta.com.br\/index.php?rest_route=\/wp\/v2\/types\/post"}],"author":[{"embeddable":true,"href":"https:\/\/diariodoplaneta.com.br\/index.php?rest_route=\/wp\/v2\/users\/2"}],"replies":[{"embeddable":true,"href":"https:\/\/diariodoplaneta.com.br\/index.php?rest_route=%2Fwp%2Fv2%2Fcomments&post=130303"}],"version-history":[{"count":0,"href":"https:\/\/diariodoplaneta.com.br\/index.php?rest_route=\/wp\/v2\/posts\/130303\/revisions"}],"wp:featuredmedia":[{"embeddable":true,"href":"https:\/\/diariodoplaneta.com.br\/index.php?rest_route=\/wp\/v2\/media\/130391"}],"wp:attachment":[{"href":"https:\/\/diariodoplaneta.com.br\/index.php?rest_route=%2Fwp%2Fv2%2Fmedia&parent=130303"}],"wp:term":[{"taxonomy":"category","embeddable":true,"href":"https:\/\/diariodoplaneta.com.br\/index.php?rest_route=%2Fwp%2Fv2%2Fcategories&post=130303"},{"taxonomy":"post_tag","embeddable":true,"href":"https:\/\/diariodoplaneta.com.br\/index.php?rest_route=%2Fwp%2Fv2%2Ftags&post=130303"}],"curies":[{"name":"wp","href":"https:\/\/api.w.org\/{rel}","templated":true}]}}