{"id":129830,"date":"2024-11-21T23:46:22","date_gmt":"2024-11-22T02:46:22","guid":{"rendered":"https:\/\/diariodoplaneta.com.br\/?p=128956"},"modified":"2024-11-21T23:46:22","modified_gmt":"2024-11-22T02:46:22","slug":"julgamento-de-bolsonaro-e-demais-indiciados-pode-ocorrer-em-2025","status":"publish","type":"post","link":"https:\/\/diariodoplaneta.com.br\/?p=129830","title":{"rendered":"Julgamento de Bolsonaro e demais indiciados pode ocorrer em 2025"},"content":{"rendered":"\n<p>O inqu\u00e9rito da Pol\u00edcia Federal (PF) que&nbsp;<a href=\"https:\/\/agenciabrasil.ebc.com.br\/justica\/noticia\/2024-11\/pf-conclui-inquerito-sobre-tentativa-de-golpe-e-indicia-37-pessoas\" target=\"_blank\" rel=\"noreferrer noopener\">indiciou o ex-presidente Jair Bolsonaro e mais 36 acusados<\/a>&nbsp;por golpe de Estado e aboli\u00e7\u00e3o violenta do Estado Democr\u00e1tico de Direito ser\u00e1 enviado \u00e0 Procuradoria-Geral da Rep\u00fablica (PGR) nos pr\u00f3ximos dias.<img decoding=\"async\" src=\"https:\/\/agenciabrasil.ebc.com.br\/ebc.png?id=1620898&amp;o=node\"><img decoding=\"async\" src=\"https:\/\/agenciabrasil.ebc.com.br\/ebc.gif?id=1620898&amp;o=node\"><\/p>\n\n\n\n<p>Esse o primeiro passo que o inqu\u00e9rito vai seguir ap\u00f3s chegar ao gabinete do ministro do Supremo Tribunal Federal (STF) Alexandre de Moraes, relator da investiga\u00e7\u00e3o.<\/p>\n\n\n\n<p>Caber\u00e1 ao procurador-geral da Rep\u00fablica, Paulo Gonet, no prazo de 15 dias, decidir se Bolsonaro e os demais indiciados ser\u00e3o denunciados ao Supremo pelas acusa\u00e7\u00f5es. As defesas dos investigados tamb\u00e9m dever\u00e3o se manifestar.<\/p>\n\n\n\n<p>Devido ao recesso de fim de ano na Corte, que come\u00e7a no dia 19 de dezembro e termina em 1\u00b0 de fevereiro de 2025, a expectativa \u00e9 a de que o julgamento da eventual den\u00fancia da procuradoria ocorra somente no ano que vem.<\/p>\n\n\n\n<h2 class=\"wp-block-heading\">Novas acusa\u00e7\u00f5es<\/h2>\n\n\n\n<p>Mais cedo, o tenente-coronel do Ex\u00e9rcito Mauro Cid, ex-ajudante de ordens de Jair Bolsonaro, prestou depoimento ao Supremo sobre omiss\u00f5es e contradi\u00e7\u00f5es apontadas pela Pol\u00edcia Federal (PF) na oitiva realizada na ter\u00e7a-feira (19).<\/p>\n\n\n\n<p>Ap\u00f3s o depoimento, Alexandre de Moraes decidiu&nbsp;<a href=\"https:\/\/agenciabrasil.ebc.com.br\/justica\/noticia\/2024-11\/stf-mantem-acordo-de-delacao-premiada-de-mauro-cid\" target=\"_blank\" rel=\"noreferrer noopener\">manter o acordo e os benef\u00edcios de dela\u00e7\u00e3o premiada<\/a>&nbsp;de Cid. O ministro entendeu que Mauro Cid esclareceu as omiss\u00f5es e contradi\u00e7\u00f5es apontadas pela PF.<\/p>\n\n\n\n<p>O novo depoimento foi enviado pelo ministro de volta \u00e0 PF para complementa\u00e7\u00e3o das investiga\u00e7\u00f5es.<\/p>\n\n\n\n<p>Na oitiva da PF, Mauro Cid negou ter conhecimento sobre o plano golpista para matar o presidente Luiz In\u00e1cio Lula da Silva, o vice-presidente&nbsp;Geraldo Alckmin, e Moraes.<\/p>\n\n\n\n<p>Contudo, de acordo com as investiga\u00e7\u00f5es da Opera\u00e7\u00e3o Contragolpe, uma das reuni\u00f5es da trama golpista foi realizada na casa do general Braga Netto, em Bras\u00edlia, no dia 12 de novembro de 2022, e teve a participa\u00e7\u00e3o do ex-ajudante de ordens.<\/p>\n\n\n\n<p>No ano passado, Cid assinou acordo de dela\u00e7\u00e3o premiada com a PF e se comprometeu a revelar os fatos de que teve conhecimento durante o governo de Bolsonaro, como o caso das vendas de joias sauditas e da fraude nos cart\u00f5es de vacina do ex-presidente.&nbsp;<\/p>\n\n\n\n<p>Fonte: Ag\u00eancia Brasil<\/p>\n","protected":false},"excerpt":{"rendered":"<p>O inqu\u00e9rito da Pol\u00edcia Federal (PF) que&nbsp;indiciou o ex-presidente Jair Bolsonaro e mais 36 acusados&nbsp;por golpe de Estado e aboli\u00e7\u00e3o violenta do Estado Democr\u00e1tico de Direito ser\u00e1 enviado \u00e0 Procuradoria-Geral da Rep\u00fablica (PGR) nos pr\u00f3ximos dias. Esse o primeiro passo que o inqu\u00e9rito vai seguir ap\u00f3s chegar ao gabinete do ministro do Supremo Tribunal Federal [&hellip;]<\/p>\n","protected":false},"author":2,"featured_media":130072,"comment_status":"open","ping_status":"open","sticky":false,"template":"","format":"standard","meta":{"footnotes":""},"categories":[5],"tags":[24],"class_list":{"0":"post-129830","1":"post","2":"type-post","3":"status-publish","4":"format-standard","5":"has-post-thumbnail","7":"category-geral","8":"tag-manchete"},"_links":{"self":[{"href":"https:\/\/diariodoplaneta.com.br\/index.php?rest_route=\/wp\/v2\/posts\/129830","targetHints":{"allow":["GET"]}}],"collection":[{"href":"https:\/\/diariodoplaneta.com.br\/index.php?rest_route=\/wp\/v2\/posts"}],"about":[{"href":"https:\/\/diariodoplaneta.com.br\/index.php?rest_route=\/wp\/v2\/types\/post"}],"author":[{"embeddable":true,"href":"https:\/\/diariodoplaneta.com.br\/index.php?rest_route=\/wp\/v2\/users\/2"}],"replies":[{"embeddable":true,"href":"https:\/\/diariodoplaneta.com.br\/index.php?rest_route=%2Fwp%2Fv2%2Fcomments&post=129830"}],"version-history":[{"count":0,"href":"https:\/\/diariodoplaneta.com.br\/index.php?rest_route=\/wp\/v2\/posts\/129830\/revisions"}],"wp:featuredmedia":[{"embeddable":true,"href":"https:\/\/diariodoplaneta.com.br\/index.php?rest_route=\/wp\/v2\/media\/130072"}],"wp:attachment":[{"href":"https:\/\/diariodoplaneta.com.br\/index.php?rest_route=%2Fwp%2Fv2%2Fmedia&parent=129830"}],"wp:term":[{"taxonomy":"category","embeddable":true,"href":"https:\/\/diariodoplaneta.com.br\/index.php?rest_route=%2Fwp%2Fv2%2Fcategories&post=129830"},{"taxonomy":"post_tag","embeddable":true,"href":"https:\/\/diariodoplaneta.com.br\/index.php?rest_route=%2Fwp%2Fv2%2Ftags&post=129830"}],"curies":[{"name":"wp","href":"https:\/\/api.w.org\/{rel}","templated":true}]}}