{"id":129770,"date":"2024-11-14T22:40:06","date_gmt":"2024-11-15T01:40:06","guid":{"rendered":"https:\/\/diariodoplaneta.com.br\/?p=128806"},"modified":"2024-11-14T22:40:06","modified_gmt":"2024-11-15T01:40:06","slug":"dino-se-solidariza-com-moraes-alvo-de-autor-de-atentado-ao-stf","status":"publish","type":"post","link":"https:\/\/diariodoplaneta.com.br\/?p=129770","title":{"rendered":"Dino se solidariza com Moraes, alvo de autor de atentado ao STF"},"content":{"rendered":"\n<p>O ministro Fl\u00e1vio Dino, do Supremo Tribunal Federal (STF), prestou solidariedade ao ministro Alexandre de Moraes, alvo do chaveiro Francisco Wanderley Luiz, que&nbsp;<a href=\"https:\/\/agenciabrasil.ebc.com.br\/geral\/noticia\/2024-11\/policia-federal-investiga-explosoes-em-brasilia-como-ato-terrorista\" target=\"_blank\" rel=\"noreferrer noopener\">lan\u00e7ou bombas no pr\u00e9dio da Corte<\/a>.<img decoding=\"async\" src=\"https:\/\/agenciabrasil.ebc.com.br\/ebc.png?id=1619644&amp;o=node\"><img decoding=\"async\" src=\"https:\/\/agenciabrasil.ebc.com.br\/ebc.gif?id=1619644&amp;o=node\"><\/p>\n\n\n\n<p>O autor do atentado a bomba \u00e0 sede do Supremo, segundo investiga\u00e7\u00f5es, tinha como alvo Alexandre de Moraes, relator dos inqu\u00e9ritos sobre os atos golpistas de 8 de janeiro.<\/p>\n\n\n\n<p>Durante a sess\u00e3o desta quinta-feira (14), Dino comentou as explos\u00f5es ocorridas na frente da sede do tribunal. &#8220;Infelizmente, h\u00e1 uma personaliza\u00e7\u00e3o de certas decis\u00f5es do tribunal, que levam a \u00f3dios especialmente concentrados. Quero consignar minha solidariedade ao ministro Alexandre de Moraes e sua fam\u00edlia, uma vez que foram localizados documentos em que h\u00e1 uma destina\u00e7\u00e3o especial ao ministro&#8221;, afirmou.<\/p>\n\n\n\n<p>Fl\u00e1vio Dino classificou como &#8220;lenda&#8221; acreditar que Moraes decide, individualmente, os casos que relata, sem o aval dos demais ministros.<\/p>\n\n\n\n<p>&#8220;O ministro Alexandre de Moraes decide junto com o colegiado. \u00c9 v\u00e3 a ideia de que algu\u00e9m, monocraticamente, decide os rumos do tribunal. N\u00e3o existe essa pessoa. Moraes decide com o colegiado. Isso entrou no rol da mitologia negativa do discurso pol\u00edtico no Brasil. Isso \u00e9 uma lenda&#8221;, disse.<\/p>\n\n\n\n<p>Dino tamb\u00e9m garantiu que o Supremo n\u00e3o vai ser emparedado por gritos e xingamentos.<\/p>\n\n\n\n<p>&#8220;Al\u00e9m de ser in\u00fatil, \u00e9 algo que acaba estimulando que pessoas desatinadas acabem se agregando na internet para perpetra\u00e7\u00e3o de crimes. Por isso mesmo, aqueles que t\u00eam mais poder jur\u00eddico t\u00eam mais responsabilidade com os destinos do debate p\u00fablico no Brasil&#8221;, completou.<\/p>\n\n\n\n<h2 class=\"wp-block-heading\">Inqu\u00e9rito<\/h2>\n\n\n\n<p><a href=\"https:\/\/agenciabrasil.ebc.com.br\/justica\/noticia\/2024-11\/moraes-critica-banalizacao-de-ataques-contra-o-stf-e-defende-punicao\" target=\"_blank\" rel=\"noreferrer noopener\">Alexandre de Moraes foi escolhido pelo presidente do STF<\/a>, Lu\u00eds Roberto Barroso, para ser o relator do inqu\u00e9rito que vai apurar as explos\u00f5es ocorridas na frente da sede do tribunal.<\/p>\n\n\n\n<p>A escolha foi feita com base na regra de preven\u00e7\u00e3o. Moraes j\u00e1 atua no comando das investiga\u00e7\u00f5es sobre os atos golpistas de 8 de janeiro de 2023.<\/p>\n\n\n\n<p>Ap\u00f3s as explos\u00f5es, a Pol\u00edcia Federal abriu a investiga\u00e7\u00e3o para apurar a motiva\u00e7\u00e3o do atentado.<\/p>\n\n\n\n<p>Fonte: Ag\u00eancia Brasil<\/p>\n","protected":false},"excerpt":{"rendered":"<p>O ministro Fl\u00e1vio Dino, do Supremo Tribunal Federal (STF), prestou solidariedade ao ministro Alexandre de Moraes, alvo do chaveiro Francisco Wanderley Luiz, que&nbsp;lan\u00e7ou bombas no pr\u00e9dio da Corte. O autor do atentado a bomba \u00e0 sede do Supremo, segundo investiga\u00e7\u00f5es, tinha como alvo Alexandre de Moraes, relator dos inqu\u00e9ritos sobre os atos golpistas de 8 [&hellip;]<\/p>\n","protected":false},"author":2,"featured_media":130012,"comment_status":"open","ping_status":"open","sticky":false,"template":"","format":"standard","meta":{"footnotes":""},"categories":[5],"tags":[11],"class_list":{"0":"post-129770","1":"post","2":"type-post","3":"status-publish","4":"format-standard","5":"has-post-thumbnail","7":"category-geral","8":"tag-destaque"},"_links":{"self":[{"href":"https:\/\/diariodoplaneta.com.br\/index.php?rest_route=\/wp\/v2\/posts\/129770","targetHints":{"allow":["GET"]}}],"collection":[{"href":"https:\/\/diariodoplaneta.com.br\/index.php?rest_route=\/wp\/v2\/posts"}],"about":[{"href":"https:\/\/diariodoplaneta.com.br\/index.php?rest_route=\/wp\/v2\/types\/post"}],"author":[{"embeddable":true,"href":"https:\/\/diariodoplaneta.com.br\/index.php?rest_route=\/wp\/v2\/users\/2"}],"replies":[{"embeddable":true,"href":"https:\/\/diariodoplaneta.com.br\/index.php?rest_route=%2Fwp%2Fv2%2Fcomments&post=129770"}],"version-history":[{"count":0,"href":"https:\/\/diariodoplaneta.com.br\/index.php?rest_route=\/wp\/v2\/posts\/129770\/revisions"}],"wp:featuredmedia":[{"embeddable":true,"href":"https:\/\/diariodoplaneta.com.br\/index.php?rest_route=\/wp\/v2\/media\/130012"}],"wp:attachment":[{"href":"https:\/\/diariodoplaneta.com.br\/index.php?rest_route=%2Fwp%2Fv2%2Fmedia&parent=129770"}],"wp:term":[{"taxonomy":"category","embeddable":true,"href":"https:\/\/diariodoplaneta.com.br\/index.php?rest_route=%2Fwp%2Fv2%2Fcategories&post=129770"},{"taxonomy":"post_tag","embeddable":true,"href":"https:\/\/diariodoplaneta.com.br\/index.php?rest_route=%2Fwp%2Fv2%2Ftags&post=129770"}],"curies":[{"name":"wp","href":"https:\/\/api.w.org\/{rel}","templated":true}]}}