{"id":129716,"date":"2024-11-06T23:08:47","date_gmt":"2024-11-07T02:08:47","guid":{"rendered":"https:\/\/diariodoplaneta.com.br\/?p=128619"},"modified":"2024-11-06T23:08:47","modified_gmt":"2024-11-07T02:08:47","slug":"entidades-criticam-elevacao-dos-juros-basicos-da-economia","status":"publish","type":"post","link":"https:\/\/diariodoplaneta.com.br\/?p=129716","title":{"rendered":"Entidades criticam eleva\u00e7\u00e3o dos juros b\u00e1sicos da economia"},"content":{"rendered":"\n<p>A decis\u00e3o do Comit\u00ea de Pol\u00edtica Monet\u00e1ria (Copom) de acelerar o aumento da Taxa Selic, juros b\u00e1sicos da economia, recebeu cr\u00edticas do setor produtivo. Na avalia\u00e7\u00e3o deles, a&nbsp;<a href=\"https:\/\/agenciabrasil.ebc.com.br\/economia\/noticia\/2024-11\/copom-eleva-juros-basicos-da-economia-para-1125-ao-ano\" target=\"_blank\" rel=\"noreferrer noopener\">eleva\u00e7\u00e3o da taxa para 11,25% ao ano<\/a>&nbsp;amea\u00e7a a recupera\u00e7\u00e3o da economia, especialmente quando os Estados Unidos come\u00e7aram a cortar os juros.<img decoding=\"async\" src=\"https:\/\/agenciabrasil.ebc.com.br\/ebc.png?id=1618590&amp;o=node\"><img decoding=\"async\" src=\"https:\/\/agenciabrasil.ebc.com.br\/ebc.gif?id=1618590&amp;o=node\"><\/p>\n\n\n\n<p>Em nota, a Confedera\u00e7\u00e3o Nacional da Ind\u00fastria (CNI) informou que recebeu \u201ccom indigna\u00e7\u00e3o\u201d a decis\u00e3o do Copom. Segundo a entidade, a Selic est\u00e1 em n\u00edvel excessivo e incompat\u00edvel. Para a entidade, o aumento dos juros s\u00f3 vai impor restri\u00e7\u00f5es adicionais \u00e0 atividade econ\u00f4mica, com reflexos negativos sobre o emprego e a renda, e atrapalhar o equil\u00edbrio das contas p\u00fablicas.<\/p>\n\n\n\n<p>\u201cA CNI estima que a taxa b\u00e1sica de juros de equil\u00edbrio deveria estar em 8,4% ao ano, considerando a infla\u00e7\u00e3o acumulada nos \u00faltimos 12 meses. Mesmo ao considerar a expectativa de infla\u00e7\u00e3o, a taxa de juros de equil\u00edbrio \u00e9 estimada em 9,3% ao ano\u201d, criticou a confedera\u00e7\u00e3o.<\/p>\n\n\n\n<p>A Associa\u00e7\u00e3o Paulista de Supermercados (Apas) considera que o choque de juros adotado pelo Banco Central tende a prejudicar a atividade econ\u00f4mica e desestimular os investimentos. A entidade pede que o governo avance no pacote de corte de gastos obrigat\u00f3rios para que os juros possam cair no futuro.<\/p>\n\n\n\n<p>\u201cA Apas entende ainda que \u00e9 fundamental que o conjunto da pol\u00edtica macroecon\u00f4mica avance de modo conjunto e coordenado e, neste sentido, a pol\u00edtica fiscal possui um papel importante tanto na ancoragem das expectativas quanto no desenvolvimento consistente e sustent\u00e1vel da economia brasileira\u201d, destacou em nota o economista-chefe da associa\u00e7\u00e3o, Felipe Queiroz.<\/p>\n\n\n\n<h2 class=\"wp-block-heading\">Centrais sindicais<\/h2>\n\n\n\n<p>O aumento dos juros b\u00e1sicos tamb\u00e9m recebeu cr\u00edticas das centrais sindicais. Para a Central \u00danica dos Trabalhadores (CUT), a medida aumenta o aperto financeiro \u00e0 popula\u00e7\u00e3o e \u00e0s empresas. A entidade lembrou que o Brasil est\u00e1 entre os maiores pagadores de taxa b\u00e1sica real (juros acima da infla\u00e7\u00e3o) do mundo, enquanto o pa\u00eds bate recorde em empresas com pedido de recupera\u00e7\u00e3o judicial.<\/p>\n\n\n\n<p>\u201cAs consequ\u00eancias dessa pol\u00edtica monet\u00e1ria, que vem sendo praticada pelo Banco Central nos \u00faltimos anos, s\u00e3o danos irrepar\u00e1veis ao desenvolvimento do Brasil, porque trava toda a economia. Tem impactos nas taxas de juros de todo o sistema financeiro, ou seja, aumenta o custo do dinheiro para as fam\u00edlias e empresas, aumentando tamb\u00e9m o endividamento de quem precisa de empr\u00e9stimos, mas n\u00e3o consegue mais pagar\u201d, destacou a presidenta da Confedera\u00e7\u00e3o Nacional dos Trabalhadores do Ramo Financeiro (Contraf-CUT) e vice-presidenta da CUT, Juvandia Moreira.<\/p>\n\n\n\n<p>A CUT citou um estudo do Departamento Intersindical de Estat\u00edstica e Estudos Socioecon\u00f4micos (Dieese), segundo o qual a eleva\u00e7\u00e3o de 0,5 ponto na Selic aumentar\u00e1 em R$ 26 bilh\u00f5es os gastos da Uni\u00e3o com os juros dos t\u00edtulos p\u00fablicos. O impacto \u00e9 apenas da alta da \u00faltima reuni\u00e3o, desconsiderando novos aumentos nos pr\u00f3ximos meses. Cada 1 ponto percentual de aumento na Selic, informou o estudo, eleva em R$ 40 bilh\u00f5es os custos com os t\u00edtulos.<\/p>\n\n\n\n<p>A For\u00e7a Sindical classificou a decis\u00e3o de \u201cirracional, nefasta e desastrosa\u201d. Em nota, o presidente da entidade, Miguel Torres, disse que o Banco Central vai na contram\u00e3o do desenvolvimento do pa\u00eds.<\/p>\n\n\n\n<p>\u201cAumentar a taxa \u00e9 uma irracionalidade. O aumento \u00e9 mais uma forma de asfixiar os trabalhadores. Sem cortes relevantes, h\u00e1 redu\u00e7\u00e3o dos investimentos e das chances de crescimento. \u00c9 importante ressaltar que juros em patamares proibitivos sangram as divisas do Pa\u00eds e inviabilizam o desenvolvimento e o investim<\/p>\n\n\n\n<p>Fonte: Ag\u00eancia Brasil<\/p>\n","protected":false},"excerpt":{"rendered":"<p>A decis\u00e3o do Comit\u00ea de Pol\u00edtica Monet\u00e1ria (Copom) de acelerar o aumento da Taxa Selic, juros b\u00e1sicos da economia, recebeu cr\u00edticas do setor produtivo. Na avalia\u00e7\u00e3o deles, a&nbsp;eleva\u00e7\u00e3o da taxa para 11,25% ao ano&nbsp;amea\u00e7a a recupera\u00e7\u00e3o da economia, especialmente quando os Estados Unidos come\u00e7aram a cortar os juros. Em nota, a Confedera\u00e7\u00e3o Nacional da Ind\u00fastria [&hellip;]<\/p>\n","protected":false},"author":2,"featured_media":129953,"comment_status":"open","ping_status":"open","sticky":false,"template":"","format":"standard","meta":{"footnotes":""},"categories":[20],"tags":[24],"class_list":{"0":"post-129716","1":"post","2":"type-post","3":"status-publish","4":"format-standard","5":"has-post-thumbnail","7":"category-economia","8":"tag-manchete"},"_links":{"self":[{"href":"https:\/\/diariodoplaneta.com.br\/index.php?rest_route=\/wp\/v2\/posts\/129716","targetHints":{"allow":["GET"]}}],"collection":[{"href":"https:\/\/diariodoplaneta.com.br\/index.php?rest_route=\/wp\/v2\/posts"}],"about":[{"href":"https:\/\/diariodoplaneta.com.br\/index.php?rest_route=\/wp\/v2\/types\/post"}],"author":[{"embeddable":true,"href":"https:\/\/diariodoplaneta.com.br\/index.php?rest_route=\/wp\/v2\/users\/2"}],"replies":[{"embeddable":true,"href":"https:\/\/diariodoplaneta.com.br\/index.php?rest_route=%2Fwp%2Fv2%2Fcomments&post=129716"}],"version-history":[{"count":0,"href":"https:\/\/diariodoplaneta.com.br\/index.php?rest_route=\/wp\/v2\/posts\/129716\/revisions"}],"wp:featuredmedia":[{"embeddable":true,"href":"https:\/\/diariodoplaneta.com.br\/index.php?rest_route=\/wp\/v2\/media\/129953"}],"wp:attachment":[{"href":"https:\/\/diariodoplaneta.com.br\/index.php?rest_route=%2Fwp%2Fv2%2Fmedia&parent=129716"}],"wp:term":[{"taxonomy":"category","embeddable":true,"href":"https:\/\/diariodoplaneta.com.br\/index.php?rest_route=%2Fwp%2Fv2%2Fcategories&post=129716"},{"taxonomy":"post_tag","embeddable":true,"href":"https:\/\/diariodoplaneta.com.br\/index.php?rest_route=%2Fwp%2Fv2%2Ftags&post=129716"}],"curies":[{"name":"wp","href":"https:\/\/api.w.org\/{rel}","templated":true}]}}