{"id":129695,"date":"2024-11-05T19:25:55","date_gmt":"2024-11-05T22:25:55","guid":{"rendered":"https:\/\/diariodoplaneta.com.br\/?p=128560"},"modified":"2024-11-05T19:25:55","modified_gmt":"2024-11-05T22:25:55","slug":"funarte-voltara-a-funcionar-no-palacio-capanema-ate-o-fim-do-mes","status":"publish","type":"post","link":"https:\/\/diariodoplaneta.com.br\/?p=129695","title":{"rendered":"Funarte voltar\u00e1 a funcionar no Pal\u00e1cio Capanema at\u00e9 o fim do m\u00eas"},"content":{"rendered":"\n<p>A presidenta da Funda\u00e7\u00e3o Nacional de Artes (Funarte), Maria Marighella, anunciou nesta ter\u00e7a-feira (5) que a sede da institui\u00e7\u00e3o vai voltar a funcionar no Pal\u00e1cio Gustavo Capanema, no Rio de Janeiro, na segunda quinzena deste m\u00eas. A data foi confirmada durante evento do G20 em Salvador, na Bahia.<img decoding=\"async\" src=\"https:\/\/agenciabrasil.ebc.com.br\/ebc.png?id=1618447&amp;o=node\"><img decoding=\"async\" src=\"https:\/\/agenciabrasil.ebc.com.br\/ebc.gif?id=1618447&amp;o=node\"><\/p>\n\n\n\n<p>A Funarte ser\u00e1 a primeira institui\u00e7\u00e3o do Minist\u00e9rio da Cultura a ocupar novamente o edif\u00edcio hist\u00f3rico, ap\u00f3s as obras coordenadas pelo Instituto do Patrim\u00f4nio Hist\u00f3rico e Art\u00edstico Nacional (Iphan).&nbsp;<\/p>\n\n\n\n<p>\u201cCom essa entrega que o Iphan faz ao povo brasileiro, a Funarte retorna \u00e0 sua sede \u00e0s v\u00e9speras de seu cinquenten\u00e1rio, comprometida com a Pol\u00edtica Nacional das Artes\u201d, disse a presidenta. Ela lembrou que a Funarte completar\u00e1 50 anos em 2025 e que o objetivo \u00e9 manter a miss\u00e3o institucional de construir pol\u00edticas p\u00fablicas para as artes.<\/p>\n\n\n\n<p>\u201cNeste Minist\u00e9rio da Cultura renascido, nossa miss\u00e3o \u00e9 apresentar \u00e0 sociedade a sua Pol\u00edtica Nacional das Artes, um conjunto de pol\u00edticas que v\u00e3o promover, garantir e proteger as artes brasileiras, ap\u00f3s o recente per\u00edodo que vivemos de constantes ataques\u201d, disse Marighella. \u201cVale dizer que 70% dos investimentos em Cultura da Lei Rouanet s\u00e3o destinados \u00e0s artes. Portanto, estamos falando de uma pol\u00edtica para as artes a partir dessa integra\u00e7\u00e3o com todo o sistema do MinC\u201d.<\/p>\n\n\n\n<h2 class=\"wp-block-heading\">Projetos&nbsp;<\/h2>\n\n\n\n<p>Tamb\u00e9m foi destacado durante o evento o retorno do Projeto Pixinguinha, depois de 16 anos de interrup\u00e7\u00e3o. Criado em 1977, o projeto foi respons\u00e1vel por revelar diversos artistas, entre eles a atual ministra Margareth Menezes, que participou da edi\u00e7\u00e3o de 1986.&nbsp;<a href=\"https:\/\/agenciabrasil.ebc.com.br\/cultura\/noticia\/2024-10\/concerto-com-alaide-costa-abre-nova-temporada-do-projeto-pixinguinha\">Lan\u00e7ado recentemente em Bras\u00edlia<\/a>, o projeto volta como Circuito Pixinguinha de M\u00fasica, com a proposta de promover 44 circuitos pelo pa\u00eds.<\/p>\n\n\n\n<p>Em dezembro, acontecer\u00e1 ainda o retorno da Rede M\u00fasica Brasil durante a Feira de M\u00fasica do Cear\u00e1. A iniciativa pretende fortalecer a m\u00fasica brasileira por meio de uma plataforma que conectar\u00e1 artistas, coletivos, produtoras, festivais, casas de shows e selos, promovendo circuitos e articula\u00e7\u00f5es entre agentes e iniciativas do setor musical.<\/p>\n\n\n\n<p>Fonte: Ag\u00eancia Brasil<\/p>\n","protected":false},"excerpt":{"rendered":"<p>A presidenta da Funda\u00e7\u00e3o Nacional de Artes (Funarte), Maria Marighella, anunciou nesta ter\u00e7a-feira (5) que a sede da institui\u00e7\u00e3o vai voltar a funcionar no Pal\u00e1cio Gustavo Capanema, no Rio de Janeiro, na segunda quinzena deste m\u00eas. A data foi confirmada durante evento do G20 em Salvador, na Bahia. A Funarte ser\u00e1 a primeira institui\u00e7\u00e3o do [&hellip;]<\/p>\n","protected":false},"author":2,"featured_media":129932,"comment_status":"open","ping_status":"open","sticky":false,"template":"","format":"standard","meta":{"footnotes":""},"categories":[5],"tags":[11],"class_list":{"0":"post-129695","1":"post","2":"type-post","3":"status-publish","4":"format-standard","5":"has-post-thumbnail","7":"category-geral","8":"tag-destaque"},"_links":{"self":[{"href":"https:\/\/diariodoplaneta.com.br\/index.php?rest_route=\/wp\/v2\/posts\/129695","targetHints":{"allow":["GET"]}}],"collection":[{"href":"https:\/\/diariodoplaneta.com.br\/index.php?rest_route=\/wp\/v2\/posts"}],"about":[{"href":"https:\/\/diariodoplaneta.com.br\/index.php?rest_route=\/wp\/v2\/types\/post"}],"author":[{"embeddable":true,"href":"https:\/\/diariodoplaneta.com.br\/index.php?rest_route=\/wp\/v2\/users\/2"}],"replies":[{"embeddable":true,"href":"https:\/\/diariodoplaneta.com.br\/index.php?rest_route=%2Fwp%2Fv2%2Fcomments&post=129695"}],"version-history":[{"count":0,"href":"https:\/\/diariodoplaneta.com.br\/index.php?rest_route=\/wp\/v2\/posts\/129695\/revisions"}],"wp:featuredmedia":[{"embeddable":true,"href":"https:\/\/diariodoplaneta.com.br\/index.php?rest_route=\/wp\/v2\/media\/129932"}],"wp:attachment":[{"href":"https:\/\/diariodoplaneta.com.br\/index.php?rest_route=%2Fwp%2Fv2%2Fmedia&parent=129695"}],"wp:term":[{"taxonomy":"category","embeddable":true,"href":"https:\/\/diariodoplaneta.com.br\/index.php?rest_route=%2Fwp%2Fv2%2Fcategories&post=129695"},{"taxonomy":"post_tag","embeddable":true,"href":"https:\/\/diariodoplaneta.com.br\/index.php?rest_route=%2Fwp%2Fv2%2Ftags&post=129695"}],"curies":[{"name":"wp","href":"https:\/\/api.w.org\/{rel}","templated":true}]}}