{"id":129687,"date":"2024-11-05T19:19:18","date_gmt":"2024-11-05T22:19:18","guid":{"rendered":"https:\/\/diariodoplaneta.com.br\/?p=128552"},"modified":"2024-11-05T19:19:18","modified_gmt":"2024-11-05T22:19:18","slug":"g9-indigenas-defendem-demarcacao-para-reduzir-danos-climaticos","status":"publish","type":"post","link":"https:\/\/diariodoplaneta.com.br\/?p=129687","title":{"rendered":"G9: ind\u00edgenas defendem\u00a0demarca\u00e7\u00e3o para reduzir danos clim\u00e1ticos"},"content":{"rendered":"\n<p>O grupo que re\u00fane representantes de povos origin\u00e1rios dos nove pa\u00edses da Amaz\u00f4nia &#8211; o G9 &#8211;&nbsp;criado durante a Confer\u00eancia das Na\u00e7\u00f5es Unidas sobre Biodiversidade (COP16), pede&nbsp;que, no relat\u00f3rio final da 29\u00aa Confer\u00eancia das Na\u00e7\u00f5es Unidas sobre as Mudan\u00e7as Clim\u00e1ticas (COP29), seja reconhecida a&nbsp;demarca\u00e7\u00e3o&nbsp;como medida de mitiga\u00e7\u00e3o de mudan\u00e7as clim\u00e1ticas. O evento ser\u00e1 realizado entre 11 e 22 de novembro, em Baku, capital do Azerbaij\u00e3o.&nbsp;<img decoding=\"async\" src=\"https:\/\/agenciabrasil.ebc.com.br\/ebc.png?id=1618392&amp;o=node\"><img decoding=\"async\" src=\"https:\/\/agenciabrasil.ebc.com.br\/ebc.gif?id=1618392&amp;o=node\"><\/p>\n\n\n\n<p>A prioriza\u00e7\u00e3o do objetivo, que inclui a&nbsp;titula\u00e7\u00e3o de terras ind\u00edgenas, foi destacada&nbsp;pelo coordenador-geral da Coordena\u00e7\u00e3o das Organiza\u00e7\u00f5es Ind\u00edgenas da Amaz\u00f4nia Brasileira (Coiab), Toya Manchineri, que citou ainda a necessidade de um programa transfronteiri\u00e7o para lidar com a complexidade de regi\u00f5es nos limites de pa\u00edses.<\/p>\n\n\n\n<p>Em entrevista \u00e0&nbsp;<strong>Ag\u00eancia Brasil<\/strong>, Toya Manchineri, que \u00e9 membro do Comit\u00ea Ind\u00edgena de Mudan\u00e7as Clim\u00e1ticas (CIMC), explicou que o G9 foi concebido para ser um espa\u00e7o de coaliz\u00e3o, que servir\u00e1 para consolidar documentos que registrem o que os povos ind\u00edgenas pensam sobre clima.<\/p>\n\n\n\n<p>Pertencente ao&nbsp;povo manchineri, que vive no Acre, Toya&nbsp;faz parte da C\u00e2mara T\u00e9cnica de Mudan\u00e7as Clim\u00e1ticas do Comit\u00ea Gestor da Pol\u00edtica Nacional de Gest\u00e3o Territorial e Ambiental de Terras Ind\u00edgenas (PNGATI).<\/p>\n\n\n\n<p>Em reuni\u00e3o com parlamentares da Alemanha, Noruega e Dinamarca, os pa\u00edses do G9 abordaram a urg\u00eancia de cria\u00e7\u00e3o de um programa dirigido \u00e0 fragilidade&nbsp;das fronteiras entre os pa\u00edses.<\/p>\n\n\n\n<p>&#8220;No caso do Vale do Javari, por exemplo, as pessoas cometem crimes do lado do Brasil e fogem&nbsp;facilmente para o outro lado, onde o Estado brasileiro n\u00e3o consegue avan\u00e7ar. \u00c9 necess\u00e1rio que a gente crie programas, mas tamb\u00e9m que os pa\u00edses possam trabalhar de forma conjunta para coibir esses il\u00edcitos&#8221;, afirmou, referindo-se a uma regi\u00e3o marcada por ca\u00e7a e pesca ilegais, disputas pela explora\u00e7\u00e3o de petr\u00f3leo e tr\u00e1fico de drogas internacional.<\/p>\n\n\n\n<p>O l\u00edder que representa o Brasil ressaltou&nbsp;que a discuss\u00e3o sobre a cria\u00e7\u00e3o do G9 come\u00e7ou h\u00e1 cerca de um ano, mas que diverg\u00eancias tiveram que ser resolvidas antes de seguirem com o projeto. Segundo ele, os est\u00e1gios de demarca\u00e7\u00f5es s\u00e3o diferentes em cada pa\u00eds-membro, com alguns &#8220;at\u00e9 piores do que o do Brasil&#8221;, como \u00e9 o caso do Suriname, pa\u00eds cuja regi\u00e3o sul faz fronteira com o Brasil.&nbsp;<\/p>\n\n\n\n<p>O pa\u00eds vizinho conquistou sua independ\u00eancia da Holanda apenas recentemente, em 1975, e at\u00e9 hoje em sua Constitui\u00e7\u00e3o faltam artigos que assegurem o direito dos povos origin\u00e1rios a seus territ\u00f3rios. L\u00e1, os amer\u00edndios representam 2% da popula\u00e7\u00e3o, o dobro da de brancos (1%).<\/p>\n\n\n\n<p>A Amaz\u00f4nia abrange o Brasil, o Peru, Equador, Col\u00f4mbia, Venezuela, Bol\u00edvia, Guiana, Suriname e Guiana Francesa.<\/p>\n\n\n\n<p>No \u00faltimo dia 28, oito organiza\u00e7\u00f5es representativas dos povos ind\u00edgenas, incluindo a Articula\u00e7\u00e3o dos Povos Ind\u00edgenas do Brasil (Apib) e a Coiab, divulgaram uma carta intitulada &#8220;A resposta somos n\u00f3s&#8221;, em que reclamam a copresid\u00eancia da COP que acontecer\u00e1 no Brasil, justificando que, ao conceder mais poder aos ind\u00edgenas, eles podem contribuir com o ac\u00famulo de conhecimentos que t\u00eam.&nbsp;<\/p>\n\n\n\n<p>&#8220;A COP 30 ser\u00e1 no nosso territ\u00f3rio. N\u00e3o aceitaremos que as discuss\u00f5es aconte\u00e7am sem a devida consulta e participa\u00e7\u00e3o das nossas vozes e autoridades&#8221;, declaram.&nbsp;<\/p>\n\n\n\n<p>&#8220;N\u00e3o aceitaremos mais nenhum projeto de petr\u00f3leo e g\u00e1s e qualquer outra forma de explora\u00e7\u00e3o predat\u00f3ria na Amaz\u00f4nia brasileira, em nossos territ\u00f3rios e nossos ecossistemas. N\u00e3o haver\u00e1 preserva\u00e7\u00e3o da biodiversidade e nem territ\u00f3rios ind\u00edgenas seguros em um planeta em chamas&#8221;, diz outro trecho da carta.&nbsp;<\/p>\n\n\n\n<p>Dentro do contexto da COP, o Greenpeace Brasil enumerou aspectos que permeiam os debates da COP 29. A organiza\u00e7\u00e3o defendeu que haja um Novo Objetivo Coletivo Quantificado sobre Financiamento Clim\u00e1tico (NCQG) para pa\u00edses em desenvolvimento, a triplica\u00e7\u00e3o de fontes de energia renov\u00e1vel at\u00e9 2030, impor taxa\u00e7\u00e3o a poluidores e o aumento de financiamento a pa\u00edses em desenvolvimento, para permitir medidas de adapta\u00e7\u00e3o, mitiga\u00e7\u00e3o e perdas e danos. Com rela\u00e7\u00e3o ao valor de financiamento p\u00fablico tido como ideal pela entidade, que entende que, sem financiamento, n\u00e3o h\u00e1 cumprimento do Acordo de Paris, o informado foi US$ 1 trilh\u00e3o.&nbsp;<\/p>\n\n\n\n<p>Fonte: Ag\u00eancia Brasil<\/p>\n","protected":false},"excerpt":{"rendered":"<p>O grupo que re\u00fane representantes de povos origin\u00e1rios dos nove pa\u00edses da Amaz\u00f4nia &#8211; o G9 &#8211;&nbsp;criado durante a Confer\u00eancia das Na\u00e7\u00f5es Unidas sobre Biodiversidade (COP16), pede&nbsp;que, no relat\u00f3rio final da 29\u00aa Confer\u00eancia das Na\u00e7\u00f5es Unidas sobre as Mudan\u00e7as Clim\u00e1ticas (COP29), seja reconhecida a&nbsp;demarca\u00e7\u00e3o&nbsp;como medida de mitiga\u00e7\u00e3o de mudan\u00e7as clim\u00e1ticas. O evento ser\u00e1 realizado entre [&hellip;]<\/p>\n","protected":false},"author":2,"featured_media":129924,"comment_status":"open","ping_status":"open","sticky":false,"template":"","format":"standard","meta":{"footnotes":""},"categories":[5],"tags":[11],"class_list":{"0":"post-129687","1":"post","2":"type-post","3":"status-publish","4":"format-standard","5":"has-post-thumbnail","7":"category-geral","8":"tag-destaque"},"_links":{"self":[{"href":"https:\/\/diariodoplaneta.com.br\/index.php?rest_route=\/wp\/v2\/posts\/129687","targetHints":{"allow":["GET"]}}],"collection":[{"href":"https:\/\/diariodoplaneta.com.br\/index.php?rest_route=\/wp\/v2\/posts"}],"about":[{"href":"https:\/\/diariodoplaneta.com.br\/index.php?rest_route=\/wp\/v2\/types\/post"}],"author":[{"embeddable":true,"href":"https:\/\/diariodoplaneta.com.br\/index.php?rest_route=\/wp\/v2\/users\/2"}],"replies":[{"embeddable":true,"href":"https:\/\/diariodoplaneta.com.br\/index.php?rest_route=%2Fwp%2Fv2%2Fcomments&post=129687"}],"version-history":[{"count":0,"href":"https:\/\/diariodoplaneta.com.br\/index.php?rest_route=\/wp\/v2\/posts\/129687\/revisions"}],"wp:featuredmedia":[{"embeddable":true,"href":"https:\/\/diariodoplaneta.com.br\/index.php?rest_route=\/wp\/v2\/media\/129924"}],"wp:attachment":[{"href":"https:\/\/diariodoplaneta.com.br\/index.php?rest_route=%2Fwp%2Fv2%2Fmedia&parent=129687"}],"wp:term":[{"taxonomy":"category","embeddable":true,"href":"https:\/\/diariodoplaneta.com.br\/index.php?rest_route=%2Fwp%2Fv2%2Fcategories&post=129687"},{"taxonomy":"post_tag","embeddable":true,"href":"https:\/\/diariodoplaneta.com.br\/index.php?rest_route=%2Fwp%2Fv2%2Ftags&post=129687"}],"curies":[{"name":"wp","href":"https:\/\/api.w.org\/{rel}","templated":true}]}}