{"id":129674,"date":"2024-11-04T14:19:44","date_gmt":"2024-11-04T17:19:44","guid":{"rendered":"https:\/\/diariodoplaneta.com.br\/?p=128513"},"modified":"2024-11-04T14:19:44","modified_gmt":"2024-11-04T17:19:44","slug":"rio-de-janeiro-tera-calor-normal-e-chuvas-acima-da-media-no-fim-do-ano","status":"publish","type":"post","link":"https:\/\/diariodoplaneta.com.br\/?p=129674","title":{"rendered":"Rio de Janeiro ter\u00e1 calor normal e chuvas acima da m\u00e9dia no fim do ano"},"content":{"rendered":"\n<p>A prefeitura do Rio de Janeiro anunciou, nesta segunda-feira (4), seu Plano Ver\u00e3o 2024\/2025. O \u201cver\u00e3o\u201d, para a prefeitura, \u00e9 considerado o per\u00edodo de seis meses em que ocorrem mais chuvas e as temperaturas est\u00e3o mais altas, ou seja, de novembro de um ano at\u00e9 abril do ano seguinte, englobando, portanto, partes da primavera e do outono, al\u00e9m do ver\u00e3o propriamente dito.<img decoding=\"async\" src=\"https:\/\/agenciabrasil.ebc.com.br\/ebc.png?id=1618225&amp;o=node\"><img decoding=\"async\" src=\"https:\/\/agenciabrasil.ebc.com.br\/ebc.gif?id=1618225&amp;o=node\"><\/p>\n\n\n\n<p>Em novembro do ano passado, por exemplo, a cidade atingiu a temperatura recorde de 43,8\u00baC. Apesar do novo protocolo, o Rio de Janeiro n\u00e3o espera calores t\u00e3o intensos para o munic\u00edpio nos tr\u00eas primeiros meses deste ver\u00e3o de 2024\/2025.<\/p>\n\n\n\n<p>A meteorologista Raquel Franco, chefe do Sistema Alerta Rio, destaca que o fim desta temporada do El Ni\u00f1o (fen\u00f4meno clim\u00e1tico que provoca aquecimento das \u00e1guas do Pac\u00edfico e afeta o clima no pa\u00eds) deve significar um ver\u00e3o com temperaturas mais amenas, mesmo que n\u00e3o ocorra a La Ni\u00f1a (fen\u00f4meno clim\u00e1tico que esfria as \u00e1guas do Pac\u00edfico).<\/p>\n\n\n\n<p>\u201cAno passado, a gente estava com um forte El Ni\u00f1o. E esse fen\u00f4meno afeta principalmente as temperaturas aqui da regi\u00e3o Sudeste. Como este ano temos previs\u00e3o de La Ni\u00f1a ou de neutralidade [ou seja, nenhum dos dois fen\u00f4menos], \u00e9 prov\u00e1vel que n\u00e3o tenhamos um ver\u00e3o t\u00e3o quente quanto no ano passado\u201d, explica Raquel.<\/p>\n\n\n\n<p>Apesar de n\u00e3o esperar temperaturas t\u00e3o altas, uma das novidades para este ver\u00e3o \u00e9 o protocolo para diferentes n\u00edveis de calor, criado em junho deste ano. S\u00e3o cinco n\u00edveis em que o primeiro (NC1) \u00e9 considerado normal, enquanto o \u00faltimo (NC5) significa calor extremo com impactos cr\u00edticos para a sa\u00fade humana, no qual a prefeitura poder\u00e1 determinar suspens\u00e3o de atividades n\u00e3o priorit\u00e1ria, inclusive eventos ao ar livre com grande aglomera\u00e7\u00e3o de pessoas. &nbsp;<\/p>\n\n\n\n<p>Os n\u00edveis NC2 e NC3 demonstram aumento do risco para a popula\u00e7\u00e3o, nos quais a prefeitura ampliar\u00e1 sua comunica\u00e7\u00e3o com a popula\u00e7\u00e3o e emiss\u00e3o de alertas. O n\u00edvel NC4 j\u00e1 demonstra calor extremo&nbsp;que, apesar de menos intenso do que o NC5, pode representar a ocorr\u00eancia de casos graves de sa\u00fade. Nesse pen\u00faltimo n\u00edvel, a prefeitura mobilizar\u00e1 a rede de sa\u00fade e avaliar\u00e1 a suspens\u00e3o de atividades externas.<\/p>\n\n\n\n<p>Segundo o secret\u00e1rio municipal de Sa\u00fade, Daniel Soranz, o Rio de Janeiro \u00e9 a primeira capital a adotar um protocolo de prepara\u00e7\u00e3o para o calor extremo. \u201cA gente tem o primeiro ver\u00e3o onde h\u00e1 defini\u00e7\u00e3o clara de como se portar em cada momento de temperatura, de press\u00e3o e de umidade da cidade\u201d, afirma.<\/p>\n\n\n\n<p>Segundo ele, com base na previs\u00e3o meteorol\u00f3gica, a prefeitura poder\u00e1 avisar com antecipa\u00e7\u00e3o a chegada de n\u00edveis de calor 4 ou 5.<\/p>\n\n\n\n<p>\u201cA gente vai saber com anteced\u00eancia se tiver probabilidade muito alta de acontecer um n\u00edvel de calor 5. E, antecipadamente, vamos&nbsp;orientar que, nessa data, ser\u00e1 preciso tomar determinadas medidas de suspens\u00e3o. Claro que ningu\u00e9m quer interferir na normalidade da cidade, mas a sa\u00fade humana e a prote\u00e7\u00e3o da vida das pessoas t\u00eam que ser sempre prioridade\u201d.<\/p>\n\n\n\n<h2 class=\"wp-block-heading\">Chuvas<\/h2>\n\n\n\n<p>Se o calor para este trimestre n\u00e3o deve ser t\u00e3o forte, por outro lado&nbsp;as chuvas no Rio de Janeiro devem ser acima da m\u00e9dia no per\u00edodo de novembro deste ano a janeiro de 2025, assim como ocorreu em janeiro passado, que apresentou pluviosidade recorde para o m\u00eas.<\/p>\n\n\n\n<p>Os maiores riscos oferecidos pelas chuvas no Rio s\u00e3o deslizamentos de encostas e enchentes. Para os deslizamentos, a prefeitura continua contando com as sirenes de alerta, al\u00e9m da realiza\u00e7\u00e3o de quase 200 obras de conten\u00e7\u00e3o nos \u00faltimos quatro anos.<br>Para as enchentes, a prefeitura informou que fez limpeza e desobstru\u00e7\u00e3o de quase 3,5 mil quil\u00f4metros de galerias de \u00e1guas pluviais e limpou mais de 500 mil caixas de ralos na cidade no mesmo&nbsp;per\u00edodo.<\/p>\n\n\n\n<p>O prefeito carioca, Eduardo Paes, destacou, no entanto, que ainda h\u00e1 locais cr\u00edticos para enchentes, que devem continuar sofrendo com cheias de rios pelos pr\u00f3ximos anos, como as margens dos rios Acari, na zona norte, e Cabu\u00e7u-Piraqu\u00ea, na Jardim Maravilha, na zona oeste, apesar de obras para resolver os problemas j\u00e1 estarem em andamento.<\/p>\n\n\n\n<p>Paes pediu que a popula\u00e7\u00e3o fique atenta aos alertas emitidos pela prefeitura. \u201cA gente reza, torce para que nossos alertas, com sirene tocando, sejam alertas falsos, mas o risco de acontecer [a tempestade] \u00e9 grande. Portanto, acreditem e preservem sua vida, porque essa \u00e9 a \u00fanica coisa que n\u00e3o se recupera\u201d.<\/p>\n\n\n\n<p>A cidade tamb\u00e9m conta, desde mar\u00e7o, com novo radar meteorol\u00f3gico&nbsp;em Mendanha, al\u00e9m do que j\u00e1 estava em opera\u00e7\u00e3o desde 2010&nbsp;no Sumar\u00e9. O novo sistema oferece melhores condi\u00e7\u00f5es para a realiza\u00e7\u00e3o de previs\u00f5es de tempestades.<\/p>\n\n\n\n<p>Fonte: Ag\u00eancia Brasil<\/p>\n\n\n\n<p><\/p>\n","protected":false},"excerpt":{"rendered":"<p>A prefeitura do Rio de Janeiro anunciou, nesta segunda-feira (4), seu Plano Ver\u00e3o 2024\/2025. O \u201cver\u00e3o\u201d, para a prefeitura, \u00e9 considerado o per\u00edodo de seis meses em que ocorrem mais chuvas e as temperaturas est\u00e3o mais altas, ou seja, de novembro de um ano at\u00e9 abril do ano seguinte, englobando, portanto, partes da primavera e [&hellip;]<\/p>\n","protected":false},"author":2,"featured_media":129911,"comment_status":"open","ping_status":"open","sticky":false,"template":"","format":"standard","meta":{"footnotes":""},"categories":[25,29],"tags":[],"class_list":{"0":"post-129674","1":"post","2":"type-post","3":"status-publish","4":"format-standard","5":"has-post-thumbnail","7":"category-regional","8":"category-sudeste-regional"},"_links":{"self":[{"href":"https:\/\/diariodoplaneta.com.br\/index.php?rest_route=\/wp\/v2\/posts\/129674","targetHints":{"allow":["GET"]}}],"collection":[{"href":"https:\/\/diariodoplaneta.com.br\/index.php?rest_route=\/wp\/v2\/posts"}],"about":[{"href":"https:\/\/diariodoplaneta.com.br\/index.php?rest_route=\/wp\/v2\/types\/post"}],"author":[{"embeddable":true,"href":"https:\/\/diariodoplaneta.com.br\/index.php?rest_route=\/wp\/v2\/users\/2"}],"replies":[{"embeddable":true,"href":"https:\/\/diariodoplaneta.com.br\/index.php?rest_route=%2Fwp%2Fv2%2Fcomments&post=129674"}],"version-history":[{"count":0,"href":"https:\/\/diariodoplaneta.com.br\/index.php?rest_route=\/wp\/v2\/posts\/129674\/revisions"}],"wp:featuredmedia":[{"embeddable":true,"href":"https:\/\/diariodoplaneta.com.br\/index.php?rest_route=\/wp\/v2\/media\/129911"}],"wp:attachment":[{"href":"https:\/\/diariodoplaneta.com.br\/index.php?rest_route=%2Fwp%2Fv2%2Fmedia&parent=129674"}],"wp:term":[{"taxonomy":"category","embeddable":true,"href":"https:\/\/diariodoplaneta.com.br\/index.php?rest_route=%2Fwp%2Fv2%2Fcategories&post=129674"},{"taxonomy":"post_tag","embeddable":true,"href":"https:\/\/diariodoplaneta.com.br\/index.php?rest_route=%2Fwp%2Fv2%2Ftags&post=129674"}],"curies":[{"name":"wp","href":"https:\/\/api.w.org\/{rel}","templated":true}]}}