{"id":129668,"date":"2024-11-04T14:18:06","date_gmt":"2024-11-04T17:18:06","guid":{"rendered":"https:\/\/diariodoplaneta.com.br\/?p=128510"},"modified":"2024-11-04T14:18:06","modified_gmt":"2024-11-04T17:18:06","slug":"representantes-de-favelas-indicam-desafios-para-o-g20","status":"publish","type":"post","link":"https:\/\/diariodoplaneta.com.br\/?p=129668","title":{"rendered":"Representantes de favelas indicam desafios para o G20"},"content":{"rendered":"\n<p>Combate \u00e0 fome, acesso \u00e0 \u00e1gua, sa\u00fade e educa\u00e7\u00e3o de qualidade, investimentos em infraestrutura, cr\u00e9ditos financeiros e desenvolvimento sustent\u00e1vel&nbsp;s\u00e3o demandas das comunidades, de favelas e de periferias do Brasil e de outros pa\u00edses do G20, f\u00f3rum internacional que re\u00fane representantes dos 19 pa\u00edses mais ricos do mundo, mais a Uni\u00e3o Europeia e a Uni\u00e3o Africana.<img decoding=\"async\" src=\"https:\/\/agenciabrasil.ebc.com.br\/ebc.png?id=1618209&amp;o=node\"><img decoding=\"async\" src=\"https:\/\/agenciabrasil.ebc.com.br\/ebc.gif?id=1618209&amp;o=node\"><\/p>\n\n\n\n<p>Essas necessidades est\u00e3o no documento&nbsp;Comuniqu\u00ea, que ser\u00e1 apresentado nesta segunda-feira (4), Dia Nacional da Favela, pelo Favela 20 (F20), projeto criado pelo Voz das Comunidades, institui\u00e7\u00e3o n\u00e3o governamental com vi\u00e9s jornal\u00edstico, de responsabilidade social e promo\u00e7\u00e3o de eventos culturais feita por moradores de favelas&nbsp;com a inten\u00e7\u00e3o de levar os desafios desses territ\u00f3rios aos l\u00edderes mundiais.<\/p>\n\n\n\n<p>\u201cUm dos nossos grandes objetivos era incluir as demandas das favelas e periferias n\u00e3o s\u00f3 do Brasil, mas dos pa\u00edses que fazem parte do G20. Foi uma das nossas grandes metas e&nbsp;a partir disso, participamos de diferentes confer\u00eancias e sess\u00f5es t\u00e9cnicas do pr\u00f3prio G20 trazendo as demandas urgentes que s\u00e3o vividas nas favelas brasileiras, como tamb\u00e9m nas que fazem parte do G20\u201d, disse Erley Bispo, cofundador do F20 em entrevista \u00e0&nbsp;<strong>Ag\u00eancia Brasil<\/strong>.<\/p>\n\n\n\n<figure class=\"wp-block-image\"><img decoding=\"async\" src=\"https:\/\/imagens.ebc.com.br\/jZgF_34lL-1bYDCXThYaK90Q39k=\/754x0\/smart\/https:\/\/agenciabrasil.ebc.com.br\/sites\/default\/files\/thumbnails\/image\/2024\/11\/04\/erley_bispo_cofundador_do_f20a.jpg?itok=k0mkrt_s\" alt=\"Rio de Janeiro (RJ) 04\/11\/2024 - Erley Bispo cofundador do F20, representantes de favelas indicam desafios para o G20.\nFoto: Erley Bispo\/Arquivo Pessoal\" title=\"Erley Bispo\/Arquivo Pessoal\"\/><\/figure>\n\n\n\n<p>Rio de Janeiro &#8211;&nbsp;Erley Bispo, cofundador do F20 &#8211; Foto&nbsp;<strong>Erley Bispo\/Arquivo Pessoal<\/strong><\/p>\n\n\n\n<p>Inicialmente criado com cinco grupos de trabalho (Gts), durante o processo o F20 acabou anexando mais um que foi o de finan\u00e7as sustent\u00e1veis. Os outros foram combate \u00e0s desigualdades, pobreza, fome e promo\u00e7\u00e3o da sa\u00fade mental; acesso \u00e0 \u00e1gua pot\u00e1vel, saneamento b\u00e1sico e higiene pessoal; combate \u00e0 crise clim\u00e1tica e promo\u00e7\u00e3o da transi\u00e7\u00e3o energ\u00e9tica justa; combate ao risco de desastres naturais e transforma\u00e7\u00e3o e&nbsp;inclus\u00e3o digital e cultural.<\/p>\n\n\n\n<p>O Comuniqu\u00ea \u00e9 resultado de debates realizados pelos seis grupos de trabalho (GTs), que contaram com a participa\u00e7\u00e3o de mais de 100 organiza\u00e7\u00f5es do Brasil e de outros pa\u00edses. As discuss\u00f5es, realizadas desde julho, quando o F20 foi lan\u00e7ado, apontaram situa\u00e7\u00f5es semelhantes dessas popula\u00e7\u00f5es em pa\u00edses do bloco, como as&nbsp;desigualdades. A partir da\u00ed, cada GT produziu um&nbsp;<em>policy brief<\/em>, documento que re\u00fane informa\u00e7\u00f5es sobre as quest\u00f5es atuais com a inten\u00e7\u00e3o de propor a cria\u00e7\u00e3o de pol\u00edticas p\u00fablicas relativas a esses&nbsp;temas a tomadores de decis\u00e3o e gestores.<\/p>\n\n\n\n<p>Gabriela Santos, cofundadora do Voz das Comunidades e do F20, destacou que, durante esse tempo, os integrantes do projeto tiveram oportunidade de levar as demandas dessas popula\u00e7\u00f5es para f\u00f3runs internacionais, como a Confer\u00eancia Internacional da Semana do Clima, em Nova York, nos Estados Unidos, e a Trilha de Finan\u00e7as do G20, liderada pelos ministros da Fazenda e Economia e os presidentes de bancos centrais.<\/p>\n\n\n\n<p>\u201cParticipar desses espa\u00e7os onde a gente n\u00e3o tinha voz foi muito significativo, para mostrar tamb\u00e9m que o G20 est\u00e1 nos dando oportunidade de voz, neste momento em que conseguimos nos&nbsp;comunicar com outros pa\u00edses sobre o que acontece dentro das favelas\u201d, afirmou.<\/p>\n\n\n\n<p>\u201cFoi um passo muito importante para garantir que as demandas das comunidades fossem&nbsp;realmente ouvidas e consideradas nas&nbsp;discuss\u00f5es globais\u201d, completou.<\/p>\n\n\n\n<p>Para Erley Bispo, um dos momentos marcantes de toda essa mobiliza\u00e7\u00e3o foi a participa\u00e7\u00e3o na sess\u00e3o t\u00e9cnica de finan\u00e7as do G20, em que representantes puderam compartilhar recomenda\u00e7\u00f5es ligadas \u00e0 quest\u00e3o com integrantes dos bancos centrais dos pa\u00edses que comp\u00f5em o bloco. O cofundador tamb\u00e9m destacou encontros bilaterais com a ONU Habitat, com a Secretaria Internacional de Juventude da ONU, eventos do G20, e a semana do&nbsp;clima em Nova York.<\/p>\n\n\n\n<p>\u201cForam muitos momentos em que tivemos&nbsp;a possibilidade de dar visibilidade, compartilhar e, ao mesmo tempo, paralelamente, trabalhar&nbsp;com os grupos do F20\u201d, acrescentou.<\/p>\n\n\n\n<figure class=\"wp-block-image\"><img decoding=\"async\" src=\"https:\/\/imagens.ebc.com.br\/s7Ja83Ctv4glQfFxAyZItvUatuE=\/754x0\/smart\/https:\/\/agenciabrasil.ebc.com.br\/sites\/default\/files\/thumbnails\/image\/trbr6997.jpg?itok=8xFKfcD0\" alt=\"Rio de Janeiro (RJ), 22\/02\/2023 - Gabriela Santos, diretora executiva do Voz das Comunidades, no Complexo do Alem\u00e3o, zona norte da cidade.  Foto: T\u00e2nia R\u00eago\/Ag\u00eancia Brasil\" title=\"T\u00e2nia R\u00eago\/Ag\u00eancia Brasil\"\/><\/figure>\n\n\n\n<p>Gabriela Santos, diretora executiva do Voz das Comunidades, no Complexo do Alem\u00e3o, zona norte da cidade. Foto: T\u00e2nia R\u00eago\/Ag\u00eancia Brasil<\/p>\n\n\n\n<p>De acordo com Gabriela Santos, foi poss\u00edvel perceber tamb\u00e9m, nas discuss\u00f5es, que existe um cen\u00e1rio de grandes desafios enfrentados pelas favelas para implementar desenvolvimento econ\u00f4mico sustent\u00e1vel, essencial, segundo ela, para reconhecer minimamente o papel que pode ser inovador para a presid\u00eancia do G20, que coloca a igualdade no centro desse debate.<\/p>\n\n\n\n<p>\u201cA exclus\u00e3o financeira, que \u00e9 o que d\u00e1 para avaliar de todo o processo, \u00e9 uma das maiores barreiras, j\u00e1 que muitos moradores t\u00eam dificuldades de acessar cr\u00e9dito em servi\u00e7os banc\u00e1rios. Essa limita\u00e7\u00e3o restringe as oportunidades de investimento e crescimento econ\u00f4mico dentro das comunidades. Quando falo em crescimento econ\u00f4mico, n\u00e3o estou falando s\u00f3 de venda, de comerciantes. Tamb\u00e9m estou falando de investimentos em outras \u00e1reas como transforma\u00e7\u00e3o por meio de projetos culturais, combate a risco de desastres naturais, muito pelo fato de n\u00e3o serem sustent\u00e1veis, o que a gente est\u00e1 falando o tempo todo. Isso&nbsp;nada mais \u00e9 do que&nbsp;a desigualdade social e a viol\u00eancia dentro desse desafio baseado no ciclo de pobreza, excluindo as favelas do desenvolvimento econ\u00f4mico sustent\u00e1vel\u201d, observou.<\/p>\n\n\n\n<p>\u201cS\u00e3o diversas necessidades, mas dentro das prioridades em todos os grupos de trabalho, a gente percebeu a import\u00e2ncia do investimento e do financiamento tanto em projetos oriundos das favelas como tamb\u00e9m de infraestrutura. Muitos desses desafios que se tem atualmente surgem&nbsp;pela falta de investimentos, de pol\u00edticas p\u00fablicas. S\u00f3 poderemos realmente resolver esses desafios por meio&nbsp;de investimentos nas favelas e periferias. Todos os&nbsp;<em>policies briefs<\/em>&nbsp;recomendam a prioriza\u00e7\u00e3o das favelas nesse investimento como ponto central para resolver de fato os desafios enfrentados&nbsp;atualmente nas favelas e periferias\u201d, disse&nbsp;Erley Bispo.<\/p>\n\n\n\n<p>Nesse aspecto, conforme a cofundadora do F20, o documento prop\u00f5e o apoio tanto de bancos multilaterais de desenvolvimento, quanto bancos nacionais de desenvolvimento para que desempenhem pap\u00e9is fundamentais. \u201cEssas institui\u00e7\u00f5es, de maneira global, t\u00eam potencial de financiar projetos de infraestrutura. Elas&nbsp;podem fornecer os recursos necess\u00e1rios para melhorar as \u00e1reas de saneamento, energia sustent\u00e1vel, transportes, conectividade. Em finan\u00e7a sustent\u00e1vel, a economia \u00e9 a base do nosso documento e da nossa conversa quando falamos sobre todas as recomenda\u00e7\u00f5es levadas ao G20\u201d, afirmou&nbsp;Gabriela.<\/p>\n\n\n\n<h2 class=\"wp-block-heading\">Emerg\u00eancias b\u00e1sicas<\/h2>\n\n\n\n<p>O documento, segundo Gabriela, ter\u00e1 mais de 15 recomenda\u00e7\u00f5es, mas uma das principais \u00e9 criar um fundo de impacto social que dever\u00e1 estabelecer meios para a realiza\u00e7\u00e3o de projetos sustent\u00e1veis nas favelas. \u201cQue essa linha siga uma alian\u00e7a global contra a fome e a pobreza, focando em habita\u00e7\u00e3o, educa\u00e7\u00e3o e empreendedorismo de maneira geral. Esse \u00e9 um dos pontos, mas tem outros que est\u00e3o no documento\u201d.<\/p>\n\n\n\n<p>Conforme o cofundador do F20, quando s\u00e3o confrontadas as agendas de sa\u00fade e educa\u00e7\u00e3o, percebe-se que cada pa\u00eds tem um modelo. Como exemplo citou o Brasil, que&nbsp;tem educa\u00e7\u00e3o p\u00fablica muito difundida na sociedade, enquanto os Estados Unidos tamb\u00e9m t\u00eam escolas p\u00fablicas, mas o ensino nas universidades \u00e9 pago. \u201cAcaba limitando, fazendo com que as pessoas que n\u00e3o t\u00eam recurso l\u00e1 estudem em um ensino de maior qualidade. A mesma coisa em n\u00edvel de sa\u00fade. Tem esses recortes , mas, de fato, a gente percebe que nos pa\u00edses que comp\u00f5em o G20, que s\u00e3o do sul global, esses desafios s\u00e3o muito mais acentuados\u201d.<\/p>\n\n\n\n<p>Erley Bispo lembrou que esta \u00e9 a primeira vez que existe dentro das discuss\u00f5es do G20, um grupo de engajamento, o F20 Social, proposto pela presid\u00eancia do Brasil nesta edi\u00e7\u00e3o, que tornou poss\u00edvel o trabalho de representantes de favelas e periferias. \u201cEm todos os momentos e espa\u00e7os em que&nbsp;falamos sobre isso e os desafios das favelas, trouxemos esse car\u00e1ter t\u00e9cnico da import\u00e2ncia de se avan\u00e7ar urgentemente, seja em investimentos, seja em pol\u00edticas p\u00fablicas internacionais, para reduzir as desigualdades\u201d.<\/p>\n\n\n\n<p>\u201cUm dado interessante \u00e9 que atualmente no mundo 1 bilh\u00e3o de pessoas vive em favelas e periferias. Se n\u00e3o tivermos um planejamento adequado at\u00e9 2050, segundo dados da ONU, ser\u00e3o 3 bilh\u00f5es &#8211;&nbsp;1 bilh\u00e3o j\u00e1 \u00e9 um&nbsp;grande percentual&nbsp;da popula\u00e7\u00e3o mundial &#8211; sem planejamento. A gente sabe que isso acaba tamb\u00e9m trazendo outras tens\u00f5es e conflitos sociais. Temos&nbsp;esse grande desafio de incluir, trazer essa relev\u00e2ncia e a import\u00e2ncia de termos que resolver o mais r\u00e1pido poss\u00edvel esses desafios para que n\u00e3o se tenha novas guerras, outros pontos de tens\u00e3o global. S\u00e3o pontos em que esperamos avan\u00e7ar dentro do pr\u00f3prio G20\u201d disse&nbsp;Bispo.<\/p>\n\n\n\n<h2 class=\"wp-block-heading\">Expectativa<\/h2>\n\n\n\n<p>Erley Bispo informou que depois da entrega do documento, o F20 pretende fazer um monitoramento para ver quais as&nbsp;recomenda\u00e7\u00f5es que entraram na proposta final do bloco. \u201cEstamos aproveitando o dia 4 de novembro, que tamb\u00e9m \u00e9 o Dia Nacional da Favela, para que as autoridades que estar\u00e3o conosco neste lan\u00e7amento, representando o G20, o G20 Social, autoridades brasileiras e tamb\u00e9m de pa\u00edses que comp\u00f5em o G20, tamb\u00e9m assinem o compromisso de integrar essas recomenda\u00e7\u00f5es ao documento final\u201d.<\/p>\n\n\n\n<h2 class=\"wp-block-heading\">Cerim\u00f4nia<\/h2>\n\n\n\n<p>Gabriela Santos informou que para a cerim\u00f4nia de lan\u00e7amento do Comuniqu\u00ea, em vers\u00f5es f\u00edsica e digital, no Mirante do Morro do Adeus, no telef\u00e9rico que fica no alto do conjunto de favelas do Alem\u00e3o, na zona norte do Rio, foram convidados representantes de embaixadas de pa\u00edses do G20 e&nbsp;autoridades do governo federal. Haver\u00e1 a apresenta\u00e7\u00e3o de tr\u00eas pain\u00e9is por pessoas que participaram da elabora\u00e7\u00e3o do documento. \u201cEssa cerim\u00f4nia \u00e9 importante para a gente, n\u00e3o s\u00f3 para as&nbsp;comunidades, mas&nbsp;para todas as organiza\u00e7\u00f5es que participaram dessa constru\u00e7\u00e3o.&nbsp;<\/p>\n\n\n\n<p><a href=\"https:\/\/agenciabrasil.ebc.com.br\/meio-ambiente\/noticia\/2024-11\/g20-declaracao-aponta-reducao-de-desastres-como-prioridade-global\"><\/a><\/p>\n\n\n\n<p>Fonte: Ag\u00eancia Brasil<\/p>\n\n\n\n<p><\/p>\n","protected":false},"excerpt":{"rendered":"<p>Combate \u00e0 fome, acesso \u00e0 \u00e1gua, sa\u00fade e educa\u00e7\u00e3o de qualidade, investimentos em infraestrutura, cr\u00e9ditos financeiros e desenvolvimento sustent\u00e1vel&nbsp;s\u00e3o demandas das comunidades, de favelas e de periferias do Brasil e de outros pa\u00edses do G20, f\u00f3rum internacional que re\u00fane representantes dos 19 pa\u00edses mais ricos do mundo, mais a Uni\u00e3o Europeia e a Uni\u00e3o Africana. [&hellip;]<\/p>\n","protected":false},"author":2,"featured_media":129908,"comment_status":"open","ping_status":"open","sticky":false,"template":"","format":"standard","meta":{"footnotes":""},"categories":[5],"tags":[11],"class_list":{"0":"post-129668","1":"post","2":"type-post","3":"status-publish","4":"format-standard","5":"has-post-thumbnail","7":"category-geral","8":"tag-destaque"},"_links":{"self":[{"href":"https:\/\/diariodoplaneta.com.br\/index.php?rest_route=\/wp\/v2\/posts\/129668","targetHints":{"allow":["GET"]}}],"collection":[{"href":"https:\/\/diariodoplaneta.com.br\/index.php?rest_route=\/wp\/v2\/posts"}],"about":[{"href":"https:\/\/diariodoplaneta.com.br\/index.php?rest_route=\/wp\/v2\/types\/post"}],"author":[{"embeddable":true,"href":"https:\/\/diariodoplaneta.com.br\/index.php?rest_route=\/wp\/v2\/users\/2"}],"replies":[{"embeddable":true,"href":"https:\/\/diariodoplaneta.com.br\/index.php?rest_route=%2Fwp%2Fv2%2Fcomments&post=129668"}],"version-history":[{"count":0,"href":"https:\/\/diariodoplaneta.com.br\/index.php?rest_route=\/wp\/v2\/posts\/129668\/revisions"}],"wp:featuredmedia":[{"embeddable":true,"href":"https:\/\/diariodoplaneta.com.br\/index.php?rest_route=\/wp\/v2\/media\/129908"}],"wp:attachment":[{"href":"https:\/\/diariodoplaneta.com.br\/index.php?rest_route=%2Fwp%2Fv2%2Fmedia&parent=129668"}],"wp:term":[{"taxonomy":"category","embeddable":true,"href":"https:\/\/diariodoplaneta.com.br\/index.php?rest_route=%2Fwp%2Fv2%2Fcategories&post=129668"},{"taxonomy":"post_tag","embeddable":true,"href":"https:\/\/diariodoplaneta.com.br\/index.php?rest_route=%2Fwp%2Fv2%2Ftags&post=129668"}],"curies":[{"name":"wp","href":"https:\/\/api.w.org\/{rel}","templated":true}]}}