{"id":129049,"date":"2024-10-16T18:05:32","date_gmt":"2024-10-16T21:05:32","guid":{"rendered":"https:\/\/diariodoplaneta.com.br\/?p=127910"},"modified":"2024-10-16T18:05:32","modified_gmt":"2024-10-16T21:05:32","slug":"cerca-de-100-mil-imoveis-ainda-estao-sem-energia-na-grande-sao-paulo","status":"publish","type":"post","link":"https:\/\/diariodoplaneta.com.br\/?p=129049","title":{"rendered":"Cerca de 100 mil im\u00f3veis ainda est\u00e3o sem energia na Grande S\u00e3o Paulo"},"content":{"rendered":"\n<p>Cerca de 100 mil im\u00f3veis continuam sem energia el\u00e9trica na Grande S\u00e3o Paulo, segundo informa\u00e7\u00f5es da concession\u00e1ria Enel. O apag\u00e3o&nbsp;se estende desde a \u00faltima sexta-feira (11), quando um temporal atingiu a regi\u00e3o. Segundo a empresa, cerca de 7,6 mil se referem a ocorr\u00eancias registradas na sexta-feira e no s\u00e1bado (12).<img decoding=\"async\" src=\"https:\/\/agenciabrasil.ebc.com.br\/ebc.png?id=1615710&amp;o=node\"><img decoding=\"async\" src=\"https:\/\/agenciabrasil.ebc.com.br\/ebc.gif?id=1615710&amp;o=node\"><\/p>\n\n\n\n<p>Morador do Jardim S\u00e3o Lu\u00eds, zona sul da capital paulista, Daniel Sousa sofreu por tr\u00eas dias os impactos da falta de energia el\u00e9trica, que se refletiram em desabastecimento&nbsp;de \u00e1gua nos apartamentos e perda de alimentos. Ele, a esposa e a filha tiveram de se deslocar&nbsp;at\u00e9 o Shopping Morumbi para conseguir carregar celulares.<\/p>\n\n\n\n<p>\u201cEsses dias foram um caos completo, porque a gente mora num condom\u00ednio grande, com sete torres, onde moram mais de 2 mil pessoas, e a consequ\u00eancia imediata dessa falta de energia durante todo esse tempo foi que a gente acabou ficando sem \u00e1gua tamb\u00e9m, porque as bombas das caixas s\u00e3o el\u00e9tricas\u201d, contou \u00e0&nbsp;<strong>Ag\u00eancia Brasil<\/strong>.&nbsp;Sem energia, as bombas n\u00e3o jogavam \u00e1gua para as caixas.<\/p>\n\n\n\n<blockquote class=\"wp-block-quote is-layout-flow wp-block-quote-is-layout-flow\">\n<p>\u201cPara fazer a utiliza\u00e7\u00e3o de \u00e1gua da rua, a gente precisava descer at\u00e9 o subsolo do condom\u00ednio, ou nas \u00e1reas comuns, para ter acesso a torneiras, e subir para o apartamento com balde pelas escadas de inc\u00eandio \u2013 sem luz de emerg\u00eancia, porque elas n\u00e3o aguentaram muito tempo, enfim, foi terr\u00edvel\u201d, contou o morador.<\/p>\n<\/blockquote>\n\n\n\n<p>Houve queda de \u00e1rvore na rua de Daniel, mas ela s\u00f3 foi retirada pela prefeitura depois que a imprensa divulgou a situa\u00e7\u00e3o. \u201cUma \u00e1rvore bem grande, inclusive. S\u00f3 foi retirada na segunda-feira, no in\u00edcio da tarde, ap\u00f3s esses canais terem vindo fazer reportagens, a\u00ed o caminh\u00e3o da Enel e da prefeitura apareceram aqui pra come\u00e7ar a trabalhar\u201d, disse.<\/p>\n\n\n\n<p>Tamb\u00e9m na zona sul, a moradora do Parque Bristol&nbsp;Cristine Lore Cavalheiro&nbsp;relatou que \u00e1rvores ca\u00edram nos bairros vizinhos ao dela, num raio de 1 a 2&nbsp;quil\u00f4metros de sua casa. Somente ontem \u00e0 noite, quando retiraram uma \u00e1rvore pr\u00f3xima que havia tombado, \u00e9 que a energia el\u00e9trica voltou.<\/p>\n\n\n\n<p>\u201cDemoraram para tirar [\u00e1rvore], desde o dia que caiu at\u00e9 ontem. Tanto que tiraram ontem essa \u00e1rvore aqui do bairro vizinho a 1 quil\u00f4metro, e s\u00f3 assim, \u00e0s 7h&nbsp;da noite, \u00e9 que n\u00f3s tivemos a libera\u00e7\u00e3o da energia aqui na minha casa\u201d, disse. Ela chegou tamb\u00e9m a se deslocar para um clube em S\u00e3o Bernardo do Campo para recarregar equipamentos como celular, carregador e&nbsp;<em>tablet<\/em>.<\/p>\n\n\n\n<p>\u201cO que mais me atrapalhou foi eu n\u00e3o poder ter cozinhado, eu ter a comida que eu tinha dentro da geladeira toda estragada, tinha um monte de coisas, um monte de comida pronta dentro do&nbsp;<em>freezer<\/em>&nbsp;que eu tive que jogar fora e eu n\u00e3o ter podido cozinhar nenhum desses dias\u201d, disse. Al\u00e9m disso, ela contou que o marido teve problemas na sua rotina de trabalho a&nbsp;dist\u00e2ncia por conta da falta de energia.<\/p>\n\n\n\n<h2 class=\"wp-block-heading\">Preju\u00edzos em servi\u00e7os<\/h2>\n\n\n\n<p>A Federa\u00e7\u00e3o de Hot\u00e9is, Restaurantes e Bares do Estado de S\u00e3o Paulo (Fhoresp) informou que fez notifica\u00e7\u00e3o \u00e0 Enel para que a concession\u00e1ria restabele\u00e7a a energia, de forma urgente, em estabelecimentos da capital e da regi\u00e3o metropolitana que sofrem com o apag\u00e3o desde sexta-feira. At\u00e9 ontem, a entidade j\u00e1 contabilizava mais de R$ 150 milh\u00f5es em perdas para o setor.<\/p>\n\n\n\n<p>O documento protocolado pede que a Enel, em car\u00e1ter emergencial, institua um canal permanente para o registro de reclama\u00e7\u00f5es&nbsp;e a abertura e o acompanhamento de chamados de hot\u00e9is, bares e restaurantes, al\u00e9m do ressarcimento a empres\u00e1rios pelos preju\u00edzos decorrentes do apag\u00e3o.<\/p>\n\n\n\n<blockquote class=\"wp-block-quote is-layout-flow wp-block-quote-is-layout-flow\">\n<p>\u201cNosso setor \u00e9 formado por 97% de micro e de pequenos empres\u00e1rios. Essas empresas n\u00e3o t\u00eam lucro; elas dependem da receita di\u00e1ria para a pr\u00f3pria subsist\u00eancia. Sabemos que a Enel n\u00e3o controla o vento e a chuva. Contudo, \u00e9 fundamental que tenha um plano de conting\u00eancia emergencial para solucionar os problemas num espa\u00e7o de tempo razo\u00e1vel\u201d, disse, em nota, o diretor executivo da Fhoresp, Edson Pinto.<\/p>\n<\/blockquote>\n\n\n\n<p>Os preju\u00edzos, segundo a federa\u00e7\u00e3o, incluem o n\u00e3o faturamento dos dias parados pela falta de energia el\u00e9trica, perda de mercadorias por aus\u00eancia de refrigera\u00e7\u00e3o e equipamentos queimados devido \u00e0 oscila\u00e7\u00e3o de energia. A entidade abarca mais de 20 sindicatos patronais que representam 502 mil estabelecimentos no estado. Segundo a Fhoresp, cerca de 250 mil neg\u00f3cios foram diretamente afetados pelo apag\u00e3o.<\/p>\n\n\n\n<p>Ainda de acordo com a federa\u00e7\u00e3o, o apag\u00e3o que&nbsp;atingiu a Grande S\u00e3o Paulo em novembro do ano passado \u2013&nbsp;tamb\u00e9m decorrente de fortes chuvas \u2013&nbsp;significou preju\u00edzo de R$ 500 milh\u00f5es para o setor.<\/p>\n\n\n\n<h2 class=\"wp-block-heading\">Justi\u00e7a<\/h2>\n\n\n\n<p>Por causa do apag\u00e3o, a prefeitura de S\u00e3o Paulo decidiu&nbsp;<a href=\"https:\/\/agenciabrasil.ebc.com.br\/justica\/noticia\/2024-10\/prefeitura-vai-justica-para-enel-restabelecer-energia-em-sao-paulo\" target=\"_blank\" rel=\"noreferrer noopener\">ingressar na Justi\u00e7a<\/a>&nbsp;para solicitar que a Enel restabele\u00e7a imediatamente a energia el\u00e9trica em v\u00e1rios pontos da cidade. A peti\u00e7\u00e3o foi enviada na segunda-feira (14) para a 2\u00aa Vara de Fazenda P\u00fablica de S\u00e3o Paulo.&nbsp;A empresa informou&nbsp;que segue&nbsp;\u201ctrabalhando para restabelecer a energia para cerca de 100 mil clientes na Grande S\u00e3o Paulo\u201d.<\/p>\n\n\n\n<p>Fonte: Ag\u00eancia Brasil<\/p>\n","protected":false},"excerpt":{"rendered":"<p>Cerca de 100 mil im\u00f3veis continuam sem energia el\u00e9trica na Grande S\u00e3o Paulo, segundo informa\u00e7\u00f5es da concession\u00e1ria Enel. O apag\u00e3o&nbsp;se estende desde a \u00faltima sexta-feira (11), quando um temporal atingiu a regi\u00e3o. Segundo a empresa, cerca de 7,6 mil se referem a ocorr\u00eancias registradas na sexta-feira e no s\u00e1bado (12). Morador do Jardim S\u00e3o Lu\u00eds, [&hellip;]<\/p>\n","protected":false},"author":2,"featured_media":129474,"comment_status":"open","ping_status":"open","sticky":false,"template":"","format":"standard","meta":{"footnotes":""},"categories":[25,29],"tags":[],"class_list":{"0":"post-129049","1":"post","2":"type-post","3":"status-publish","4":"format-standard","5":"has-post-thumbnail","7":"category-regional","8":"category-sudeste-regional"},"_links":{"self":[{"href":"https:\/\/diariodoplaneta.com.br\/index.php?rest_route=\/wp\/v2\/posts\/129049","targetHints":{"allow":["GET"]}}],"collection":[{"href":"https:\/\/diariodoplaneta.com.br\/index.php?rest_route=\/wp\/v2\/posts"}],"about":[{"href":"https:\/\/diariodoplaneta.com.br\/index.php?rest_route=\/wp\/v2\/types\/post"}],"author":[{"embeddable":true,"href":"https:\/\/diariodoplaneta.com.br\/index.php?rest_route=\/wp\/v2\/users\/2"}],"replies":[{"embeddable":true,"href":"https:\/\/diariodoplaneta.com.br\/index.php?rest_route=%2Fwp%2Fv2%2Fcomments&post=129049"}],"version-history":[{"count":0,"href":"https:\/\/diariodoplaneta.com.br\/index.php?rest_route=\/wp\/v2\/posts\/129049\/revisions"}],"wp:featuredmedia":[{"embeddable":true,"href":"https:\/\/diariodoplaneta.com.br\/index.php?rest_route=\/wp\/v2\/media\/129474"}],"wp:attachment":[{"href":"https:\/\/diariodoplaneta.com.br\/index.php?rest_route=%2Fwp%2Fv2%2Fmedia&parent=129049"}],"wp:term":[{"taxonomy":"category","embeddable":true,"href":"https:\/\/diariodoplaneta.com.br\/index.php?rest_route=%2Fwp%2Fv2%2Fcategories&post=129049"},{"taxonomy":"post_tag","embeddable":true,"href":"https:\/\/diariodoplaneta.com.br\/index.php?rest_route=%2Fwp%2Fv2%2Ftags&post=129049"}],"curies":[{"name":"wp","href":"https:\/\/api.w.org\/{rel}","templated":true}]}}