{"id":128992,"date":"2024-10-14T22:02:39","date_gmt":"2024-10-15T01:02:39","guid":{"rendered":"https:\/\/diariodoplaneta.com.br\/?p=127760"},"modified":"2024-10-14T22:02:39","modified_gmt":"2024-10-15T01:02:39","slug":"quinto-voo-da-fab-com-220-repatriados-do-libano-chega-a-sp","status":"publish","type":"post","link":"https:\/\/diariodoplaneta.com.br\/?p=128992","title":{"rendered":"Quinto voo da FAB com 220 repatriados do L\u00edbano chega a SP"},"content":{"rendered":"\n<p>O quinto voo da For\u00e7a A\u00e9rea Brasileira (FAB) que resgatou brasileiros do L\u00edbano pousou \u00e0s 6h06 da manh\u00e3 desta segunda-feira (14) na Base A\u00e9rea de S\u00e3o Paulo (BASP), em Guarulhos. Estavam a bordo 220 repatriados e dois animais de estima\u00e7\u00e3o, no voo que integra a Opera\u00e7\u00e3o \u201cRa\u00edzes do Cedro\u201d, coordenada pelo governo federal.<img decoding=\"async\" src=\"https:\/\/agenciabrasil.ebc.com.br\/ebc.png?id=1615312&amp;o=node\"><img decoding=\"async\" src=\"https:\/\/agenciabrasil.ebc.com.br\/ebc.gif?id=1615312&amp;o=node\"><\/p>\n\n\n\n<p>Iniciada em 2 de outubro, a opera\u00e7\u00e3o j\u00e1 repatriou um total de 1.105 brasileiros e 14 animais de estima\u00e7\u00e3o do L\u00edbano. Segundo a FAB, tamb\u00e9m foram transportadas 43 toneladas de donativos, como insumos hospitalares e cestas b\u00e1sicas, para ajudar v\u00edtimas no L\u00edbano.<\/p>\n\n\n\n<p>A log\u00edstica de repatria\u00e7\u00e3o envolve o uso de aeronave e de servidores da For\u00e7a A\u00e9rea Brasileira e um intenso trabalho de articula\u00e7\u00e3o do Itamaraty. Segundo o governo federal, a comunidade brasileira no L\u00edbano tem cerca de 20 mil pessoas, dos quais cerca de 3&nbsp;mil manifestaram desejo de retornar ao Brasil.<\/p>\n\n\n\n<p>As a\u00e7\u00f5es de repatria\u00e7\u00e3o foram determinadas pelo presidente Luiz In\u00e1cio Lula da Silva desde o agravamento do conflito no pa\u00eds, com bombardeios a\u00e9reos massivos de Israel contra cidades libanesas. Os bombardeios s\u00e3o desdobramento da campanha militar israelense na&nbsp;<a href=\"https:\/\/agenciabrasil.ebc.com.br\/geral\/noticia\/2024-09\/entenda-por-que-gaza-motivou-os-bombardeios-de-israel-contra-o-libano\" target=\"_blank\" rel=\"noreferrer noopener\">Faixa de Gaza<\/a>, territ\u00f3rio palestino ocupado por Tel Aviv.&nbsp;<\/p>\n\n\n\n<p>Assim como as mil\u00edcias do I\u00eamen e do Iraque t\u00eam lan\u00e7ado ataques contra Israel ou aliados de Tel Aviv em repres\u00e1lia aos bombardeios em Gaza, a chamada resist\u00eancia libanesa \u2013 coaliz\u00e3o de sete grupos pol\u00edtico-militares liderados pelo Hezbollah \u2013 tem promovido ataques contra Israel desde o dia 7 de outubro, tamb\u00e9m em solidariedade a&nbsp;Gaza.<\/p>\n\n\n\n<p>Fonte: Ag\u00eancia Brasil<\/p>\n\n\n\n<p><\/p>\n","protected":false},"excerpt":{"rendered":"<p>O quinto voo da For\u00e7a A\u00e9rea Brasileira (FAB) que resgatou brasileiros do L\u00edbano pousou \u00e0s 6h06 da manh\u00e3 desta segunda-feira (14) na Base A\u00e9rea de S\u00e3o Paulo (BASP), em Guarulhos. Estavam a bordo 220 repatriados e dois animais de estima\u00e7\u00e3o, no voo que integra a Opera\u00e7\u00e3o \u201cRa\u00edzes do Cedro\u201d, coordenada pelo governo federal. Iniciada em [&hellip;]<\/p>\n","protected":false},"author":2,"featured_media":129416,"comment_status":"open","ping_status":"open","sticky":false,"template":"","format":"standard","meta":{"footnotes":""},"categories":[5],"tags":[24],"class_list":{"0":"post-128992","1":"post","2":"type-post","3":"status-publish","4":"format-standard","5":"has-post-thumbnail","7":"category-geral","8":"tag-manchete"},"_links":{"self":[{"href":"https:\/\/diariodoplaneta.com.br\/index.php?rest_route=\/wp\/v2\/posts\/128992","targetHints":{"allow":["GET"]}}],"collection":[{"href":"https:\/\/diariodoplaneta.com.br\/index.php?rest_route=\/wp\/v2\/posts"}],"about":[{"href":"https:\/\/diariodoplaneta.com.br\/index.php?rest_route=\/wp\/v2\/types\/post"}],"author":[{"embeddable":true,"href":"https:\/\/diariodoplaneta.com.br\/index.php?rest_route=\/wp\/v2\/users\/2"}],"replies":[{"embeddable":true,"href":"https:\/\/diariodoplaneta.com.br\/index.php?rest_route=%2Fwp%2Fv2%2Fcomments&post=128992"}],"version-history":[{"count":0,"href":"https:\/\/diariodoplaneta.com.br\/index.php?rest_route=\/wp\/v2\/posts\/128992\/revisions"}],"wp:featuredmedia":[{"embeddable":true,"href":"https:\/\/diariodoplaneta.com.br\/index.php?rest_route=\/wp\/v2\/media\/129416"}],"wp:attachment":[{"href":"https:\/\/diariodoplaneta.com.br\/index.php?rest_route=%2Fwp%2Fv2%2Fmedia&parent=128992"}],"wp:term":[{"taxonomy":"category","embeddable":true,"href":"https:\/\/diariodoplaneta.com.br\/index.php?rest_route=%2Fwp%2Fv2%2Fcategories&post=128992"},{"taxonomy":"post_tag","embeddable":true,"href":"https:\/\/diariodoplaneta.com.br\/index.php?rest_route=%2Fwp%2Fv2%2Ftags&post=128992"}],"curies":[{"name":"wp","href":"https:\/\/api.w.org\/{rel}","templated":true}]}}