{"id":128939,"date":"2024-10-08T18:47:38","date_gmt":"2024-10-08T21:47:38","guid":{"rendered":"https:\/\/diariodoplaneta.com.br\/?p=127551"},"modified":"2024-10-08T18:47:38","modified_gmt":"2024-10-08T21:47:38","slug":"justica-libera-divulgacao-do-resultado-do-bloco-4-do-cnu","status":"publish","type":"post","link":"https:\/\/diariodoplaneta.com.br\/?p=128939","title":{"rendered":"Justi\u00e7a libera divulga\u00e7\u00e3o do resultado do bloco 4 do CNU"},"content":{"rendered":"\n<p>O desembargador Carlos Augusto Pires Brand\u00e3o, do Tribunal Regional Federal da 1\u00aa Regi\u00e3o (TRF1), sediado em Bras\u00edlia, suspendeu nesta ter\u00e7a-feira (8) a decis\u00e3o que suspendeu a divulga\u00e7\u00e3o dos resultados das provas do bloco 4 do Concurso Nacional Unificado (CNU), realizado em todo o pa\u00eds em agosto desde ano.<img decoding=\"async\" src=\"https:\/\/agenciabrasil.ebc.com.br\/ebc.png?id=1614902&amp;o=node\"><img decoding=\"async\" src=\"https:\/\/agenciabrasil.ebc.com.br\/ebc.gif?id=1614902&amp;o=node\"><\/p>\n\n\n\n<p>Com a decis\u00e3o, o Minist\u00e9rio da Gest\u00e3o e da Inova\u00e7\u00e3o em Servi\u00e7os P\u00fablicos acaba de divulgar o&nbsp;<a href=\"https:\/\/www.gov.br\/gestao\/pt-br\/assuntos\/noticias\/2024\/outubro\/candidatos-do-bloco-4-do-cpnu-ja-podem-conferir-os-gabaritos-e-resultados\" target=\"_blank\" rel=\"noreferrer noopener\">resultado das notas do bloco<\/a>. &nbsp;<\/p>\n\n\n\n<p>Mais cedo, a Advocacia-Geral da Uni\u00e3o (AGU)&nbsp;<a href=\"https:\/\/agenciabrasil.ebc.com.br\/justica\/noticia\/2024-10\/agu-recorre-para-anular-suspensao-da-divulgacao-do-bloco-4-do-cnu\" target=\"_blank\" rel=\"noreferrer noopener\">entrou com um recurso para liberar<\/a>&nbsp;a divulga\u00e7\u00e3o dos resultados do bloco 4.<\/p>\n\n\n\n<p>A decis\u00e3o que suspendia a divulga\u00e7\u00e3o foi proferida no dia 3 de outubro pelo ju\u00edzo da 14\u00aa Vara C\u00edvel do Distrito Federal e motivada por uma a\u00e7\u00e3o popular que contestou o suposto vazamento das provas do bloco, que continha quest\u00f5es sobre Trabalho e Sa\u00fade do Trabalhador.<\/p>\n\n\n\n<p>O suposto vazamento teria ocorrido em uma escola de ensino m\u00e9dio no&nbsp;Recife. De acordo com o processo, os fiscais de prova do turno da manh\u00e3 da prova abriram por engano o pacote lacrado com provas do per\u00edodo da tarde.<\/p>\n\n\n\n<p>As provas chegaram a ser distribu\u00eddas aos candidatos, que preencheram os campos de identifica\u00e7\u00e3o e iniciaram a resolu\u00e7\u00e3o das quest\u00f5es. Em seguida, o erro foi percebido pelos fiscais da banca Cesgranrio, e as provas foram recolhidas.<\/p>\n\n\n\n<p>Ao analisar o recurso, o desembargador Carlos Augusto Pires Brand\u00e3o entendeu que o equ\u00edvoco foi devidamente &#8220;identificado e sanado&#8221;. Para o magistrado, a epis\u00f3dio n\u00e3o comprometeu a aplica\u00e7\u00e3o das provas.<\/p>\n\n\n\n<p>&#8220;O equ\u00edvoco foi devidamente identificado e sanado, al\u00e9m de ter sido registrado nos documentos relacionados \u00e0 aplica\u00e7\u00e3o da prova, garantindo-se a transpar\u00eancia do certame. N\u00e3o obstante a exist\u00eancia da reconhecida falha no momento da aplica\u00e7\u00e3o da prova, tem-se que a suspens\u00e3o de todos os efeitos da prova do Bloco 4, em especial quando tomadas todas as provid\u00eancias para garantia do sigilo das informa\u00e7\u00f5es, n\u00e3o se mostra em conson\u00e2ncia com os princ\u00edpios da razoabilidade e proporcionalidade&#8221;, afirmou.<\/p>\n\n\n\n<p>Na manh\u00e3 desta ter\u00e7a-feira, o minist\u00e9rio disponibilizou as notas finais das provas objetivas e as notas preliminares das provas discursivas e de reda\u00e7\u00e3o do CNU.&nbsp;<\/p>\n\n\n\n<p>Fonte: Ag\u00eancia Brasil<\/p>\n","protected":false},"excerpt":{"rendered":"<p>O desembargador Carlos Augusto Pires Brand\u00e3o, do Tribunal Regional Federal da 1\u00aa Regi\u00e3o (TRF1), sediado em Bras\u00edlia, suspendeu nesta ter\u00e7a-feira (8) a decis\u00e3o que suspendeu a divulga\u00e7\u00e3o dos resultados das provas do bloco 4 do Concurso Nacional Unificado (CNU), realizado em todo o pa\u00eds em agosto desde ano. Com a decis\u00e3o, o Minist\u00e9rio da Gest\u00e3o [&hellip;]<\/p>\n","protected":false},"author":2,"featured_media":129356,"comment_status":"open","ping_status":"open","sticky":false,"template":"","format":"standard","meta":{"footnotes":""},"categories":[5],"tags":[11],"class_list":{"0":"post-128939","1":"post","2":"type-post","3":"status-publish","4":"format-standard","5":"has-post-thumbnail","7":"category-geral","8":"tag-destaque"},"_links":{"self":[{"href":"https:\/\/diariodoplaneta.com.br\/index.php?rest_route=\/wp\/v2\/posts\/128939","targetHints":{"allow":["GET"]}}],"collection":[{"href":"https:\/\/diariodoplaneta.com.br\/index.php?rest_route=\/wp\/v2\/posts"}],"about":[{"href":"https:\/\/diariodoplaneta.com.br\/index.php?rest_route=\/wp\/v2\/types\/post"}],"author":[{"embeddable":true,"href":"https:\/\/diariodoplaneta.com.br\/index.php?rest_route=\/wp\/v2\/users\/2"}],"replies":[{"embeddable":true,"href":"https:\/\/diariodoplaneta.com.br\/index.php?rest_route=%2Fwp%2Fv2%2Fcomments&post=128939"}],"version-history":[{"count":0,"href":"https:\/\/diariodoplaneta.com.br\/index.php?rest_route=\/wp\/v2\/posts\/128939\/revisions"}],"wp:featuredmedia":[{"embeddable":true,"href":"https:\/\/diariodoplaneta.com.br\/index.php?rest_route=\/wp\/v2\/media\/129356"}],"wp:attachment":[{"href":"https:\/\/diariodoplaneta.com.br\/index.php?rest_route=%2Fwp%2Fv2%2Fmedia&parent=128939"}],"wp:term":[{"taxonomy":"category","embeddable":true,"href":"https:\/\/diariodoplaneta.com.br\/index.php?rest_route=%2Fwp%2Fv2%2Fcategories&post=128939"},{"taxonomy":"post_tag","embeddable":true,"href":"https:\/\/diariodoplaneta.com.br\/index.php?rest_route=%2Fwp%2Fv2%2Ftags&post=128939"}],"curies":[{"name":"wp","href":"https:\/\/api.w.org\/{rel}","templated":true}]}}