{"id":128935,"date":"2024-10-08T18:42:18","date_gmt":"2024-10-08T21:42:18","guid":{"rendered":"https:\/\/diariodoplaneta.com.br\/?p=127546"},"modified":"2024-10-08T18:42:18","modified_gmt":"2024-10-08T21:42:18","slug":"agu-recorre-para-anular-suspensao-da-divulgacao-do-bloco-4-do-cnu","status":"publish","type":"post","link":"https:\/\/diariodoplaneta.com.br\/?p=128935","title":{"rendered":"AGU recorre para anular suspens\u00e3o da divulga\u00e7\u00e3o do bloco 4 do CNU"},"content":{"rendered":"\n<p>A Advocacia-Geral da Uni\u00e3o (AGU) recorreu nesta ter\u00e7a-feira (8) ao Tribunal Regional Federal da 1\u00aa Regi\u00e3o (TRF1), sediado em Bras\u00edlia, para derrubar a&nbsp;<a href=\"https:\/\/agenciabrasil.ebc.com.br\/geral\/noticia\/2024-10\/cnu%3A%20justica-suspende-divulgacao-de-resultado-do-bloco-4\" target=\"_blank\" rel=\"noreferrer noopener\">decis\u00e3o que suspendeu a divulga\u00e7\u00e3o dos resultados das provas do bloco 4 do Concurso Nacional Unificado (CNU)<\/a>, realizado em todo o pa\u00eds em agosto deste ano.<img decoding=\"async\" src=\"https:\/\/agenciabrasil.ebc.com.br\/ebc.png?id=1614880&amp;o=node\"><img decoding=\"async\" src=\"https:\/\/agenciabrasil.ebc.com.br\/ebc.gif?id=1614880&amp;o=node\"><\/p>\n\n\n\n<p>A decis\u00e3o foi proferida no dia 3 de agosto pelo ju\u00edzo da 14\u00aa Vara C\u00edvel do Distrito Federal e foi motivada por uma a\u00e7\u00e3o popular que contestou o suposto vazamento das provas do bloco, que continha quest\u00f5es sobre Trabalho e Sa\u00fade do Trabalhador.&nbsp;A suspens\u00e3o vale at\u00e9 o julgamento definitivo da causa, que ainda n\u00e3o tem data para ocorrer.<\/p>\n\n\n\n<p>O suposto vazamento teria ocorrido em uma escola de ensino m\u00e9dio no&nbsp;Recife. De acordo com o processo, os fiscais de prova do turno da manh\u00e3&nbsp;abriram por engano o pacote lacrado com provas do per\u00edodo da tarde.<\/p>\n\n\n\n<p>As provas chegaram a ser distribu\u00eddas aos candidatos, que preencheram os campos de identifica\u00e7\u00e3o e iniciaram a resolu\u00e7\u00e3o das quest\u00f5es. Em seguida, o erro foi percebido pelos fiscais da banca Cesgranrio, e as provas foram recolhidas.<\/p>\n\n\n\n<p>No recurso, a AGU sustenta que a suspens\u00e3o prejudica a Administra\u00e7\u00e3o P\u00fablica e os candidatos que prestaram o concurso. De acordo com o \u00f3rg\u00e3o, o equivoco foi corrigido durante o andamento do certame, e a isonomia entre os candidatos foi mantida.<\/p>\n\n\n\n<p>A AGU tamb\u00e9m argumentou que a organiza\u00e7\u00e3o das provas gerou grande mobiliza\u00e7\u00e3o do governo federal, exigindo planejamento detalhado e gastos com log\u00edstica, seguran\u00e7a e a aplica\u00e7\u00e3o dos exames em todo o pa\u00eds.<\/p>\n\n\n\n<p>&#8220;A repeti\u00e7\u00e3o da movimenta\u00e7\u00e3o de toda essa estrutura planejada e j\u00e1 executada, somente se justificaria por fato realmente grave e devidamente comprovado, o que n\u00e3o se verifica no caso&#8221;, afirmou o \u00f3rg\u00e3o.&nbsp;<\/p>\n\n\n\n<h2 class=\"wp-block-heading\">CNU&nbsp;<\/h2>\n\n\n\n<p>Na manh\u00e3 desta ter\u00e7a-feira, o Minist\u00e9rio da Gest\u00e3o e da Inova\u00e7\u00e3o em Servi\u00e7os P\u00fablicos disponibilizou as notas finais das provas objetivas e as notas preliminares das provas discursivas e de reda\u00e7\u00e3o do CNU, com exce\u00e7\u00e3o do bloco 4.<\/p>\n\n\n\n<p>Fonte: Ag\u00eancia Brasil<\/p>\n","protected":false},"excerpt":{"rendered":"<p>A Advocacia-Geral da Uni\u00e3o (AGU) recorreu nesta ter\u00e7a-feira (8) ao Tribunal Regional Federal da 1\u00aa Regi\u00e3o (TRF1), sediado em Bras\u00edlia, para derrubar a&nbsp;decis\u00e3o que suspendeu a divulga\u00e7\u00e3o dos resultados das provas do bloco 4 do Concurso Nacional Unificado (CNU), realizado em todo o pa\u00eds em agosto deste ano. A decis\u00e3o foi proferida no dia 3 [&hellip;]<\/p>\n","protected":false},"author":2,"featured_media":129352,"comment_status":"open","ping_status":"open","sticky":false,"template":"","format":"standard","meta":{"footnotes":""},"categories":[5],"tags":[24],"class_list":{"0":"post-128935","1":"post","2":"type-post","3":"status-publish","4":"format-standard","5":"has-post-thumbnail","7":"category-geral","8":"tag-manchete"},"_links":{"self":[{"href":"https:\/\/diariodoplaneta.com.br\/index.php?rest_route=\/wp\/v2\/posts\/128935","targetHints":{"allow":["GET"]}}],"collection":[{"href":"https:\/\/diariodoplaneta.com.br\/index.php?rest_route=\/wp\/v2\/posts"}],"about":[{"href":"https:\/\/diariodoplaneta.com.br\/index.php?rest_route=\/wp\/v2\/types\/post"}],"author":[{"embeddable":true,"href":"https:\/\/diariodoplaneta.com.br\/index.php?rest_route=\/wp\/v2\/users\/2"}],"replies":[{"embeddable":true,"href":"https:\/\/diariodoplaneta.com.br\/index.php?rest_route=%2Fwp%2Fv2%2Fcomments&post=128935"}],"version-history":[{"count":0,"href":"https:\/\/diariodoplaneta.com.br\/index.php?rest_route=\/wp\/v2\/posts\/128935\/revisions"}],"wp:featuredmedia":[{"embeddable":true,"href":"https:\/\/diariodoplaneta.com.br\/index.php?rest_route=\/wp\/v2\/media\/129352"}],"wp:attachment":[{"href":"https:\/\/diariodoplaneta.com.br\/index.php?rest_route=%2Fwp%2Fv2%2Fmedia&parent=128935"}],"wp:term":[{"taxonomy":"category","embeddable":true,"href":"https:\/\/diariodoplaneta.com.br\/index.php?rest_route=%2Fwp%2Fv2%2Fcategories&post=128935"},{"taxonomy":"post_tag","embeddable":true,"href":"https:\/\/diariodoplaneta.com.br\/index.php?rest_route=%2Fwp%2Fv2%2Ftags&post=128935"}],"curies":[{"name":"wp","href":"https:\/\/api.w.org\/{rel}","templated":true}]}}