{"id":128104,"date":"2024-09-26T13:11:42","date_gmt":"2024-09-26T16:11:42","guid":{"rendered":"https:\/\/diariodoplaneta.com.br\/?p=127101"},"modified":"2024-09-26T13:11:42","modified_gmt":"2024-09-26T16:11:42","slug":"parque-da-chapada-dos-veadeiros-e-fechado-por-conta-de-incendio","status":"publish","type":"post","link":"https:\/\/diariodoplaneta.com.br\/?p=128104","title":{"rendered":"Parque da Chapada dos Veadeiros \u00e9 fechado por conta de inc\u00eandio"},"content":{"rendered":"\n<p>O&nbsp;<a href=\"https:\/\/pnchapadadosveadeiros.com.br\/\" target=\"_blank\" rel=\"noreferrer noopener\">Parque Nacional da Chapada dos Veadeiros<\/a>&nbsp;foi fechado hoje (26) por conta de um novo inc\u00eandio florestal.&nbsp;<img decoding=\"async\" src=\"https:\/\/agenciabrasil.ebc.com.br\/ebc.png?id=1613664&amp;o=node\"><img decoding=\"async\" src=\"https:\/\/agenciabrasil.ebc.com.br\/ebc.gif?id=1613664&amp;o=node\"><\/p>\n\n\n\n<p>O fogo teve in\u00edcio ontem (25) dentro do parque, pr\u00f3ximo \u00e0 Vila de S\u00e3o Jorge. Os visitantes, incluindo os que estavam na \u00e1rea de acampamento das Sete Quedas,&nbsp;foram retirados pela equipe da concession\u00e1ria Parquetur.<\/p>\n\n\n\n<p>Mais de 60 brigadistas do&nbsp;Instituto Chico Mendes de Conserva\u00e7\u00e3o da Biodiversidade&nbsp;(ICMBio), do Instituto Brasileiro do Meio Ambiente e dos Recursos Naturais Renov\u00e1veis (Ibama) e volunt\u00e1rios trabalharam no combate \u00e0s chamas que foram controladas por volta da&nbsp;meia-noite. No dia de hoje, seguem os trabalhos de rescaldo e monitoramento na regi\u00e3o.<\/p>\n\n\n\n<p>De acordo com o ICMBio, ainda n\u00e3o h\u00e1 data para reabertura do parque.&nbsp;<\/p>\n\n\n\n<p>No in\u00edcio do m\u00eas, um&nbsp;<a href=\"https:\/\/agenciabrasil.ebc.com.br\/geral\/noticia\/2024-09\/incendio-queima-10-mil-hectares-do-parque-da-chapada-dos-veadeiros\" target=\"_blank\" rel=\"noreferrer noopener\">inc\u00eandio j\u00e1 havia destru\u00eddo 10 mil hectares do parque<\/a>.&nbsp;<\/p>\n\n\n\n<h2 class=\"wp-block-heading\">Parque<\/h2>\n\n\n\n<p>O Parque Nacional da Chapada dos Veadeiros est\u00e1 localizado no nordeste do estado de Goi\u00e1s, entre os munic\u00edpios de Alto Para\u00edso de Goi\u00e1s, Cavalcante, Teresina de Goi\u00e1s, Nova Roma e S\u00e3o Jo\u00e3o d\u2019Alian\u00e7a.<\/p>\n\n\n\n<p>Criado em 1961, o local protege uma \u00e1rea aproximada de 240.611 hectares de Cerrado. No local, h\u00e1 esp\u00e9cies \u00fanicas de vegetais, nascentes e cursos d\u2019\u00e1gua, rochas pr\u00e9-hist\u00f3ricas. Desde 2001, o local foi declarado Patrim\u00f4nio Natural da Humanidade, pela Organiza\u00e7\u00e3o das Na\u00e7\u00f5es Unidas para a Educa\u00e7\u00e3o, a Ci\u00eancia e a Cultura (Unesco).<\/p>\n\n\n\n<p>Fonte: Ag\u00eancia Brasil<\/p>\n","protected":false},"excerpt":{"rendered":"<p>O&nbsp;Parque Nacional da Chapada dos Veadeiros&nbsp;foi fechado hoje (26) por conta de um novo inc\u00eandio florestal.&nbsp; O fogo teve in\u00edcio ontem (25) dentro do parque, pr\u00f3ximo \u00e0 Vila de S\u00e3o Jorge. Os visitantes, incluindo os que estavam na \u00e1rea de acampamento das Sete Quedas,&nbsp;foram retirados pela equipe da concession\u00e1ria Parquetur. Mais de 60 brigadistas do&nbsp;Instituto [&hellip;]<\/p>\n","protected":false},"author":2,"featured_media":128721,"comment_status":"open","ping_status":"open","sticky":false,"template":"","format":"standard","meta":{"footnotes":""},"categories":[22],"tags":[11],"class_list":{"0":"post-128104","1":"post","2":"type-post","3":"status-publish","4":"format-standard","5":"has-post-thumbnail","7":"category-meio-ambiente","8":"tag-destaque"},"_links":{"self":[{"href":"https:\/\/diariodoplaneta.com.br\/index.php?rest_route=\/wp\/v2\/posts\/128104","targetHints":{"allow":["GET"]}}],"collection":[{"href":"https:\/\/diariodoplaneta.com.br\/index.php?rest_route=\/wp\/v2\/posts"}],"about":[{"href":"https:\/\/diariodoplaneta.com.br\/index.php?rest_route=\/wp\/v2\/types\/post"}],"author":[{"embeddable":true,"href":"https:\/\/diariodoplaneta.com.br\/index.php?rest_route=\/wp\/v2\/users\/2"}],"replies":[{"embeddable":true,"href":"https:\/\/diariodoplaneta.com.br\/index.php?rest_route=%2Fwp%2Fv2%2Fcomments&post=128104"}],"version-history":[{"count":0,"href":"https:\/\/diariodoplaneta.com.br\/index.php?rest_route=\/wp\/v2\/posts\/128104\/revisions"}],"wp:featuredmedia":[{"embeddable":true,"href":"https:\/\/diariodoplaneta.com.br\/index.php?rest_route=\/wp\/v2\/media\/128721"}],"wp:attachment":[{"href":"https:\/\/diariodoplaneta.com.br\/index.php?rest_route=%2Fwp%2Fv2%2Fmedia&parent=128104"}],"wp:term":[{"taxonomy":"category","embeddable":true,"href":"https:\/\/diariodoplaneta.com.br\/index.php?rest_route=%2Fwp%2Fv2%2Fcategories&post=128104"},{"taxonomy":"post_tag","embeddable":true,"href":"https:\/\/diariodoplaneta.com.br\/index.php?rest_route=%2Fwp%2Fv2%2Ftags&post=128104"}],"curies":[{"name":"wp","href":"https:\/\/api.w.org\/{rel}","templated":true}]}}