{"id":128080,"date":"2024-09-24T20:12:44","date_gmt":"2024-09-24T23:12:44","guid":{"rendered":"https:\/\/diariodoplaneta.com.br\/?p=127021"},"modified":"2024-09-24T20:12:44","modified_gmt":"2024-09-24T23:12:44","slug":"empresas-aereas-pedem-180-dias-para-adaptacao-ao-horario-de-verao","status":"publish","type":"post","link":"https:\/\/diariodoplaneta.com.br\/?p=128080","title":{"rendered":"Empresas a\u00e9reas pedem 180 dias para adapta\u00e7\u00e3o ao hor\u00e1rio de ver\u00e3o"},"content":{"rendered":"\n<p>Associa\u00e7\u00f5es de empresas a\u00e9reas divulgaram nesta ter\u00e7a-feira (24) uma nota manifestando preocupa\u00e7\u00e3o com a possibilidade de retomada do hor\u00e1rio de ver\u00e3o sem prazo para considerar as quest\u00f5es operacionais e log\u00edsticas do transporte a\u00e9reo. As entidades pedem um prazo m\u00ednimo de 180 dias entre o decreto de estabelecimento do hor\u00e1rio de ver\u00e3o e o efetivo in\u00edcio da mudan\u00e7a do hor\u00e1rio.<img decoding=\"async\" src=\"https:\/\/agenciabrasil.ebc.com.br\/ebc.png?id=1613518&amp;o=node\"><img decoding=\"async\" src=\"https:\/\/agenciabrasil.ebc.com.br\/ebc.gif?id=1613518&amp;o=node\"><\/p>\n\n\n\n<p>Segundo as a\u00e9reas, a mudan\u00e7a pode ter impactos substanciais para os passageiros e comprometer a conectividade do pa\u00eds. A nota \u00e9 assinada pela Associa\u00e7\u00e3o Brasileira das Empresas A\u00e9reas (Abear), a Associa\u00e7\u00e3o Latino-Americana e do Caribe de Transporte A\u00e9reo (ALTA), a International Air Transport Association (IATA) e a Junta de Representantes das Companhias A\u00e9reas Internacionais do Brasil (JURCAIB).<\/p>\n\n\n\n<p>\u201cA entrada s\u00fabita do hor\u00e1rio de ver\u00e3o causar\u00e1, por parte das empresas a\u00e9reas brasileiras, altera\u00e7\u00f5es de hor\u00e1rios em cidades brasileiras e internacionais que n\u00e3o aderem \u00e0 nova hora legal de Bras\u00edlia. Isso mudar\u00e1 a hora de sa\u00edda\/chegada dos voos, podendo gerar a perda do embarque pelos clientes por apresenta\u00e7\u00e3o tardia e eventual perda de conectividade\u201d, diz o comunicado.<\/p>\n\n\n\n<p>\u201cA falta de comunica\u00e7\u00e3o pr\u00e9via para que as empresas a\u00e9reas ajustem os hor\u00e1rios de voos e conex\u00f5es, cuidadosamente definidos e j\u00e1 em comercializa\u00e7\u00e3o desde o in\u00edcio do ano, pode resultar em grandes transtornos para a sociedade, especialmente durante a temporada de ver\u00e3o e festas de final de ano\u201d.<\/p>\n\n\n\n<p>Na \u00faltima quinta-feira (19), o Operador Nacional do Sistema El\u00e9trico (ONS) recomendou a volta da ado\u00e7\u00e3o do hor\u00e1rio de ver\u00e3o no pa\u00eds. No entanto, o&nbsp;<a href=\"https:\/\/agenciabrasil.ebc.com.br\/economia\/noticia\/2024-09\/ons-recomenda-que-governo-volte-adotar-o-horario-de-verao\" target=\"_blank\" rel=\"noreferrer noopener\">governo federal&nbsp;<\/a>ainda ir\u00e1 avaliar o cen\u00e1rio, antes de optar pela medida.<\/p>\n\n\n\n<p>Segundo o ONS, a ado\u00e7\u00e3o do hor\u00e1rio de ver\u00e3o pode resultar em uma diminui\u00e7\u00e3o at\u00e9 2,9% da demanda m\u00e1xima de energia el\u00e9trica, e em uma&nbsp;<a href=\"https:\/\/agenciabrasil.ebc.com.br\/economia\/noticia\/2024-09\/economia-com-horario-de-verao-pode-beirar-r-400-milhoes\" target=\"_blank\" rel=\"noreferrer noopener\">economia pr\u00f3xima a R$ 400 milh\u00f5es para a opera\u00e7\u00e3o<\/a>&nbsp;do Sistema Interligado Nacional (SIN) entre os meses de outubro e fevereiro.<\/p>\n\n\n\n<p>Fonte: Ag\u00eancia Brasil<\/p>\n","protected":false},"excerpt":{"rendered":"<p>Associa\u00e7\u00f5es de empresas a\u00e9reas divulgaram nesta ter\u00e7a-feira (24) uma nota manifestando preocupa\u00e7\u00e3o com a possibilidade de retomada do hor\u00e1rio de ver\u00e3o sem prazo para considerar as quest\u00f5es operacionais e log\u00edsticas do transporte a\u00e9reo. As entidades pedem um prazo m\u00ednimo de 180 dias entre o decreto de estabelecimento do hor\u00e1rio de ver\u00e3o e o efetivo in\u00edcio [&hellip;]<\/p>\n","protected":false},"author":2,"featured_media":128651,"comment_status":"open","ping_status":"open","sticky":false,"template":"","format":"standard","meta":{"footnotes":""},"categories":[5],"tags":[11],"class_list":{"0":"post-128080","1":"post","2":"type-post","3":"status-publish","4":"format-standard","5":"has-post-thumbnail","7":"category-geral","8":"tag-destaque"},"_links":{"self":[{"href":"https:\/\/diariodoplaneta.com.br\/index.php?rest_route=\/wp\/v2\/posts\/128080","targetHints":{"allow":["GET"]}}],"collection":[{"href":"https:\/\/diariodoplaneta.com.br\/index.php?rest_route=\/wp\/v2\/posts"}],"about":[{"href":"https:\/\/diariodoplaneta.com.br\/index.php?rest_route=\/wp\/v2\/types\/post"}],"author":[{"embeddable":true,"href":"https:\/\/diariodoplaneta.com.br\/index.php?rest_route=\/wp\/v2\/users\/2"}],"replies":[{"embeddable":true,"href":"https:\/\/diariodoplaneta.com.br\/index.php?rest_route=%2Fwp%2Fv2%2Fcomments&post=128080"}],"version-history":[{"count":0,"href":"https:\/\/diariodoplaneta.com.br\/index.php?rest_route=\/wp\/v2\/posts\/128080\/revisions"}],"wp:featuredmedia":[{"embeddable":true,"href":"https:\/\/diariodoplaneta.com.br\/index.php?rest_route=\/wp\/v2\/media\/128651"}],"wp:attachment":[{"href":"https:\/\/diariodoplaneta.com.br\/index.php?rest_route=%2Fwp%2Fv2%2Fmedia&parent=128080"}],"wp:term":[{"taxonomy":"category","embeddable":true,"href":"https:\/\/diariodoplaneta.com.br\/index.php?rest_route=%2Fwp%2Fv2%2Fcategories&post=128080"},{"taxonomy":"post_tag","embeddable":true,"href":"https:\/\/diariodoplaneta.com.br\/index.php?rest_route=%2Fwp%2Fv2%2Ftags&post=128080"}],"curies":[{"name":"wp","href":"https:\/\/api.w.org\/{rel}","templated":true}]}}