{"id":127962,"date":"2024-09-16T16:35:46","date_gmt":"2024-09-16T19:35:46","guid":{"rendered":"https:\/\/diariodoplaneta.com.br\/?p=126646"},"modified":"2024-09-16T16:35:46","modified_gmt":"2024-09-16T19:35:46","slug":"cinco-cidades-do-estado-de-sao-paulo-tem-focos-de-incendio-ativos","status":"publish","type":"post","link":"https:\/\/diariodoplaneta.com.br\/?p=127962","title":{"rendered":"Cinco cidades do estado de S\u00e3o Paulo t\u00eam focos de inc\u00eandio ativos"},"content":{"rendered":"\n<p>O estado de S\u00e3o Paulo tem cinco munic\u00edpios com inc\u00eandios em andamento, informou, nesta segunda-feira (16), a Defesa Civil do estado. Dez aeronaves est\u00e3o auxiliando o trabalho de conten\u00e7\u00e3o das chamas feito pela Defesa Civil e Corpo de Bombeiros. Os avi\u00f5es est\u00e3o divididos entre os munic\u00edpios de Bananal, Mococa, Tapiratiba, Itirapu\u00e3 e Castilho. De acordo com a Defesa Civil, at\u00e9 o momento, nos cinco munic\u00edpios com ocorr\u00eancias de inc\u00eandio em andamento, est\u00e3o sendo usadas seis aeronaves de asa fixa e quatro de asa rotativa para o combate ao fogo.<br><br>Segundo o boletim di\u00e1rio da Companhia Ambiental do Estado de S\u00e3o Paulo (Cetesb), as condi\u00e7\u00f5es meteorol\u00f3gicas para as pr\u00f3ximas 24 horas na regi\u00e3o metropolitana de Campinas, norte e centro-oeste do estado s\u00e3o favor\u00e1veis \u00e0 dispers\u00e3o de poluentes, e a qualidade do ar est\u00e1 entre boa e moderada.<br><br>Na regi\u00e3o metropolitana de S\u00e3o Paulo, as condi\u00e7\u00f5es s\u00e3o as mesmas, por\u00e9m, a qualidade do ar \u00e9 boa. \u201cA atua\u00e7\u00e3o de uma \u00e1rea de instabilidade associada a uma frente fria entre os litorais de S\u00e3o Paulo e do Rio de Janeiro ocasionar\u00e1 nebulosidade vari\u00e1vel e boa ventila\u00e7\u00e3o, com possibilidade de chuvas esparsas, principalmente na faixa leste do estado\u201d, diz a Cetesb.<img decoding=\"async\" src=\"https:\/\/agenciabrasil.ebc.com.br\/ebc.png?id=1612367&amp;o=node\"><img decoding=\"async\" src=\"https:\/\/agenciabrasil.ebc.com.br\/ebc.gif?id=1612367&amp;o=node\"><\/p>\n\n\n\n<h2 class=\"wp-block-heading\">Tempo na capital<\/h2>\n\n\n\n<p>A capital paulista amanheceu hoje com c\u00e9u encoberto e chuva fraca a moderada. As esta\u00e7\u00f5es meteorol\u00f3gicas autom\u00e1ticas do Centro de Gerenciamento de Emerg\u00eancias (CGE) da prefeitura marcaram 13\u00b0C na Capela do Socorro, na zona sul, e 17\u00b0C no Itaim Paulista, na zona leste. A umidade relativa do ar nesses locais \u00e9 de 100%. A m\u00e9dia pluviom\u00e9trica da cidade entre a meia-noite e as 7h da manh\u00e3 foi de 3,5mm mil\u00edmetros), o que corresponde a 5,1mm da m\u00e9dia do m\u00eas, que \u00e9 de 68,5mm.<br><br>O volume pluviom\u00e9trico acumulado desde o in\u00edcio de setembro \u00e9 de apenas 3,9mm de chuva, o que corresponde a 5,7% dos 68,5mm esperados para o m\u00eas.<\/p>\n\n\n\n<p>Segundo os meteorologistas do CGE, a forma\u00e7\u00e3o de uma \u00e1rea de baixa press\u00e3o gerou instabilidades que se deslocaram do Paran\u00e1 para o estado de S\u00e3o Paulo, fazendo o dia come\u00e7ar com chuva fraca a moderada e melhorando a qualidade do ar. De acordo com o CGE, a tend\u00eancia \u00e9 que a chuva continuasse de forma intermitente no per\u00edodo da manh\u00e3 e perdesse intensidade \u00e0 tarde. &#8220;Por conta do tempo fechado e \u00famido, a temperatura n\u00e3o sobe muito. A m\u00e1xima n\u00e3o deve passar de 18\u00b0C, e a m\u00ednima de 14\u00b0C dever\u00e1 ser observada durante a noite.&#8221;<\/p>\n\n\n\n<p>Nos pr\u00f3ximos dias, o tempo deve continuar inst\u00e1vel e com umidade elevada na cidade de S\u00e3o Paulo.<\/p>\n\n\n\n<p>A ter\u00e7a-feira (17) deve come\u00e7ar com tempo fechado e garoa ocasional. No decorrer do dia, o c\u00e9u encoberto predomina, com leve sensa\u00e7\u00e3o de frio e temperatura m\u00ednima de 14\u00b0C e m\u00e1xima de 18\u00b0C. Na quarta-feira (18), muitas nuvens e poucas aberturas de sol, com propaga\u00e7\u00e3o de \u00e1reas de instabilidade provocando chuva em forma de pancadas isoladas e r\u00e1pidas. Os term\u00f4metros dever\u00e3o oscilar entre 14\u00b0C na madrugada e 22\u00b0C no in\u00edcio da tarde.<\/p>\n\n\n\n<p>Fonte: Ag\u00eancia Brasil<\/p>\n\n\n\n<p><\/p>\n","protected":false},"excerpt":{"rendered":"<p>O estado de S\u00e3o Paulo tem cinco munic\u00edpios com inc\u00eandios em andamento, informou, nesta segunda-feira (16), a Defesa Civil do estado. Dez aeronaves est\u00e3o auxiliando o trabalho de conten\u00e7\u00e3o das chamas feito pela Defesa Civil e Corpo de Bombeiros. Os avi\u00f5es est\u00e3o divididos entre os munic\u00edpios de Bananal, Mococa, Tapiratiba, Itirapu\u00e3 e Castilho. De acordo [&hellip;]<\/p>\n","protected":false},"author":2,"featured_media":128319,"comment_status":"open","ping_status":"open","sticky":false,"template":"","format":"standard","meta":{"footnotes":""},"categories":[25,29],"tags":[],"class_list":{"0":"post-127962","1":"post","2":"type-post","3":"status-publish","4":"format-standard","5":"has-post-thumbnail","7":"category-regional","8":"category-sudeste-regional"},"_links":{"self":[{"href":"https:\/\/diariodoplaneta.com.br\/index.php?rest_route=\/wp\/v2\/posts\/127962","targetHints":{"allow":["GET"]}}],"collection":[{"href":"https:\/\/diariodoplaneta.com.br\/index.php?rest_route=\/wp\/v2\/posts"}],"about":[{"href":"https:\/\/diariodoplaneta.com.br\/index.php?rest_route=\/wp\/v2\/types\/post"}],"author":[{"embeddable":true,"href":"https:\/\/diariodoplaneta.com.br\/index.php?rest_route=\/wp\/v2\/users\/2"}],"replies":[{"embeddable":true,"href":"https:\/\/diariodoplaneta.com.br\/index.php?rest_route=%2Fwp%2Fv2%2Fcomments&post=127962"}],"version-history":[{"count":0,"href":"https:\/\/diariodoplaneta.com.br\/index.php?rest_route=\/wp\/v2\/posts\/127962\/revisions"}],"wp:featuredmedia":[{"embeddable":true,"href":"https:\/\/diariodoplaneta.com.br\/index.php?rest_route=\/wp\/v2\/media\/128319"}],"wp:attachment":[{"href":"https:\/\/diariodoplaneta.com.br\/index.php?rest_route=%2Fwp%2Fv2%2Fmedia&parent=127962"}],"wp:term":[{"taxonomy":"category","embeddable":true,"href":"https:\/\/diariodoplaneta.com.br\/index.php?rest_route=%2Fwp%2Fv2%2Fcategories&post=127962"},{"taxonomy":"post_tag","embeddable":true,"href":"https:\/\/diariodoplaneta.com.br\/index.php?rest_route=%2Fwp%2Fv2%2Ftags&post=127962"}],"curies":[{"name":"wp","href":"https:\/\/api.w.org\/{rel}","templated":true}]}}