{"id":126418,"date":"2024-08-22T17:35:37","date_gmt":"2024-08-22T20:35:37","guid":{"rendered":"https:\/\/diariodoplaneta.com.br\/?p=125705"},"modified":"2024-08-22T17:35:37","modified_gmt":"2024-08-22T20:35:37","slug":"concurso-unificado-saiba-como-calcular-a-nota-de-provas-objetivas","status":"publish","type":"post","link":"https:\/\/diariodoplaneta.com.br\/?p=126418","title":{"rendered":"Concurso unificado: saiba como calcular a nota de provas objetivas"},"content":{"rendered":"\n<p>Os&nbsp;<a href=\"https:\/\/www.gov.br\/gestao\/pt-br\/concursonacional\/caderno-de-provas-e-gabaritos\" target=\"_blank\" rel=\"noreferrer noopener\">gabaritos preliminares<\/a>&nbsp;das provas objetivas dos oito blocos tem\u00e1ticos do Concurso P\u00fablico Nacional Unificado (CNPU) foram&nbsp;<a href=\"https:\/\/agenciabrasil.ebc.com.br\/geral\/noticia\/2024-08\/governo-divulga-gabarito-oficial-preliminar-do-cnu\" target=\"_blank\" rel=\"noreferrer noopener\">divulgados na ter\u00e7a-feira (20) pelo Minist\u00e9rio da Gest\u00e3o e Inova\u00e7\u00e3o em Servi\u00e7os P\u00fablicos (MGI)<\/a>&nbsp;no site do Concurso P\u00fablico Nacional Unificado (CPNU).&nbsp;<img decoding=\"async\" src=\"https:\/\/agenciabrasil.ebc.com.br\/ebc.png?id=1608982&amp;o=node\"><img decoding=\"async\" src=\"https:\/\/agenciabrasil.ebc.com.br\/ebc.gif?id=1608982&amp;o=node\"><\/p>\n\n\n\n<p>Com o gabarito oficial em m\u00e3os, os candidatos puderam verificar seus acertos e, agora, calculam a nota que conquistaram, at\u00e9 o momento. A nota \u00e9 parcial, porque al\u00e9m das quest\u00f5es de m\u00faltipla escolha, a pontua\u00e7\u00e3o final no certame ainda considerar\u00e1 as notas da prova discursiva (escrita) e, tamb\u00e9m, a avalia\u00e7\u00e3o de t\u00edtulos acad\u00eamicos.<\/p>\n\n\n\n<h2 class=\"wp-block-heading\">Elimina\u00e7\u00e3o<\/h2>\n\n\n\n<p>Uma regra geral do CPNU &#8211; dispon\u00edvel nos editais dos blocos tem\u00e1ticos &#8211; trata da elimina\u00e7\u00e3o dos candidatos com baixo rendimento.&nbsp; No caso de candidatos do bloco tem\u00e1tico 8 (n\u00edvel m\u00e9dio), a elimina\u00e7\u00e3o do participante ocorre quando o aproveitamento \u00e9 inferior a 30% da pontua\u00e7\u00e3o nas provas objetivas, o que equivale a ter acertado menos de 18 quest\u00f5es do total de 60 do certame. Al\u00e9m disso, os candidatos n\u00e3o podem ter tirado nota zero na reda\u00e7\u00e3o.<\/p>\n\n\n\n<p>Para os candidatos dos blocos tem\u00e1ticos de n\u00edvel superior (blocos de 1 a 7), est\u00e1 eliminado quem n\u00e3o pontuar pelo menos 40% nas provas objetivas tanto na de conhecimentos gerais (aplicada pela manh\u00e3), como na de conhecimentos espec\u00edficos (prova da tarde).<\/p>\n\n\n\n<p>Por\u00e9m, os candidatos dos blocos 1 a 7 devem considerar que a prova objetiva de conhecimentos espec\u00edficos t\u00eam peso diferente, conforme cargos e especialidades escolhidos no momento de inscri\u00e7\u00e3o no bloco tem\u00e1tico do concurso.<\/p>\n\n\n\n<p>A estrat\u00e9gia considera as regras da Nota Final Ponderada (NFP), usada para classifica\u00e7\u00e3o dos aprovados. Os&nbsp;<a href=\"http:\/\/https\/\/www.gov.br\/gestao\/pt-br\/concursonacional\/editais\/editais\" target=\"_blank\" rel=\"noreferrer noopener\">editais dos blocos<\/a>&nbsp;1 a 7 tamb\u00e9m destacam que ser\u00e1 eliminado o candidato que obtiver nota zero na reda\u00e7\u00e3o.<\/p>\n\n\n\n<h2 class=\"wp-block-heading\">Peso ponderado<\/h2>\n\n\n\n<p>No concurso realizado no domingo (18), as 50 quest\u00f5es objetivas espec\u00edficas das provas dos blocos 1 a 7 foram divididas em cinco eixos tem\u00e1ticos. Cada eixo tem um peso diferente na nota do candidato, conforme o cargo pretendido. Por isso, as perguntas de alguns eixos tem\u00e1ticos podem ter peso maior do que as demais, dentro de um mesmo bloco de concorr\u00eancia.<\/p>\n\n\n\n<p>O valor total da nota da prova objetiva pode alcan\u00e7ar 80 pontos. O c\u00e1lculo da nota final da prova de conhecimentos espec\u00edficos ser\u00e1 feito a partir da soma dos acertos em cada um dos cinco eixos, multiplicado pelo peso deste eixo, conforme uma tabela publicada nos editais do concurso.<\/p>\n\n\n\n<p>Em entrevista \u00e0&nbsp;<strong>Ag\u00eancia Brasil<\/strong>, o professor de l\u00edngua portuguesa, reda\u00e7\u00e3o e administra\u00e7\u00e3o da plataforma de estudos por assinatura Gran Cursos, em Bras\u00edlia, Eduardo Cambuy explica que \u201ca nota ponderada \u00e9 a nota final depois desses c\u00e1lculos de peso do grupo e de peso do conhecimento geral ou do conhecimento espec\u00edfico. Depois de feito esse c\u00e1lculo, teremos a nota ponderada com as duas situa\u00e7\u00f5es de peso\u201d.<\/p>\n\n\n\n<p>De acordo com o professor, ainda na etapa de notas para as provas objetivas de conhecimentos gerais e espec\u00edficos, o n\u00famero de acertos ser\u00e1 colocado em uma de tr\u00eas tabelas, com diferentes pesos, que podem ser consultados no anexo V de cada edital de bloco tem\u00e1tico.<\/p>\n\n\n\n<h2 class=\"wp-block-heading\">Nota de corte ponderada<\/h2>\n\n\n\n<p>As notas de corte variam de acordo com o desempenho dos candidatos nas provas objetivas e discursivas, em cada cargo e especialidade, dentro de cada bloco.<\/p>\n\n\n\n<p>Os editais do concurso ainda definem que o c\u00e1lculo da nota de corte ponderada deve considerar o percentual m\u00ednimo de aproveitamento necess\u00e1rio para que o candidato n\u00e3o seja eliminado, ou seja, 40% nos blocos de n\u00edvel superior.<\/p>\n\n\n\n<p>Por\u00e9m, o professor Eduardo observa que, no momento, n\u00e3o se consegue fazer o c\u00e1lculo da nota de corte porque depende da concorr\u00eancia de cada especialidade, ainda n\u00e3o divulgada pelo Minist\u00e9rio da Gest\u00e3o (MGI).<\/p>\n\n\n\n<p>\u201cA nota de corte \u00e9 bem dif\u00edcil de ser calculada, porque vai depender das especialidades que cada candidato escolheu. At\u00e9 o momento, a concorr\u00eancia n\u00e3o saiu separada por especialidade. Para dois candidatos serem concorrentes, de fato, deveriam estar no mesmo bloco e terem escolhido, l\u00e1 atr\u00e1s, as mesmas especialidades\u201d, explicou.<\/p>\n\n\n\n<h2 class=\"wp-block-heading\">Reda\u00e7\u00f5es<\/h2>\n\n\n\n<p>A prova de reda\u00e7\u00e3o ou a quest\u00e3o discursiva vale 100 pontos e tem car\u00e1ter eliminat\u00f3rio e classificat\u00f3rio. O candidato ser\u00e1 eliminado se tirar nota zero na reda\u00e7\u00e3o, assinar o texto ou deixar qualquer sinal que possibilite a sua identifica\u00e7\u00e3o.<\/p>\n\n\n\n<p>Mesmo os candidatos que n\u00e3o foram eliminados na prova escrita, nem todos ter\u00e3o a prova discursiva corrigida pela banca examinadora da Funda\u00e7\u00e3o Cesgranrio. Conforme o edital, o n\u00famero de provas discursivas corrigidas por cargo e especialidade demandada ser\u00e1 igual a nove vezes o n\u00famero total de vagas imediatas, respeitando o limite m\u00ednimo de dez provas discursivas corrigidas por cargo e especialidade para a ampla concorr\u00eancia e tamb\u00e9m para cotas de candidatos autodeclarados negros, ind\u00edgenas e pessoas com defici\u00eancia (PCD).<\/p>\n\n\n\n<p>O professor do curso preparat\u00f3rio para concursos Eduardo Cambuy \u00e9 contr\u00e1rio ao crit\u00e9rio de corre\u00e7\u00e3o de reda\u00e7\u00f5es de at\u00e9 nove vezes o n\u00famero de vagas oficiais. \u201cPorque \u00e9 irreal e d\u00e1 a falsa esperan\u00e7a \u00e0s pessoas de que elas teriam condi\u00e7\u00f5es de passar, quando, na verdade, n\u00e3o. Geralmente, a classifica\u00e7\u00e3o do corte fica em torno de tr\u00eas vezes o n\u00famero de vagas. Isso significa que quem est\u00e1 muito abaixo desse corte, mesmo que tire a melhor nota do mundo, gabarite a reda\u00e7\u00e3o, ainda assim n\u00e3o vai conseguir ficar nesse corte. Considero desnecess\u00e1ria toda essa corre\u00e7\u00e3o para cargos que t\u00eam muitas vagas. S\u00f3 \u00e9 legal para cargos com poucas vagas\u201d, explica.<\/p>\n\n\n\n<h2 class=\"wp-block-heading\">Banco de candidatos<\/h2>\n\n\n\n<p>Al\u00e9m das 6.640 vagas imediatas para 21 \u00f3rg\u00e3os da administra\u00e7\u00e3o p\u00fablica federal, o concurso nacional unificado tem um banco de candidatos em&nbsp;<a href=\"https:\/\/agenciabrasil.ebc.com.br\/geral\/noticia\/2024-08\/banco-de-candidatos-do-concurso-unificado-tera-mais-de-13-mil-vagas\" target=\"_blank\" rel=\"noreferrer noopener\">lista de espera com mais de 13,2 mil vagas para futuras convoca\u00e7\u00f5es de aprovados<\/a>.&nbsp;<\/p>\n\n\n\n<p>Cada um dos oito blocos tem\u00e1ticos do certame ter\u00e1 um banco de candidatos com o dobro do n\u00famero de vagas imediatas do bloco, o que deve aumentar as chances de aprova\u00e7\u00e3o dos candidatos, calcula o MGI. A lista de espera ter\u00e1 ranking que considerar\u00e1 a soma das notas nas provas objetivas, discursivas e nas provas de t\u00edtulos acad\u00eamicos.<\/p>\n\n\n\n<p>O professor defende a cria\u00e7\u00e3o do banco de aprovados. \u201cAchei muito interessante, uma vez que considera as listas e o aproveitamento de listas para outras especialidades\u201d, disse.<\/p>\n\n\n\n<p>No entanto, Eduardo Cambuy sugere um aprimoramento do modelo do concurso unificado, com a indica\u00e7\u00e3o dos cargos de interesse somente ap\u00f3s a realiza\u00e7\u00e3o das provas do concurso, como ocorre ap\u00f3s o Exame Nacional do Ensino M\u00e9dio (Enem), quando as notas obtidas pelos estudantes s\u00e3o usadas para ingresso no ensino superior.<\/p>\n\n\n\n<p>\u201cEm vez de uma elimina\u00e7\u00e3o pr\u00e9via para aqueles cargos que est\u00e3o abaixo dos selecionados, poderia mant\u00ea-lo em lista ou fazer a indica\u00e7\u00e3o de prefer\u00eancia apenas depois da prova, assim como no Enem&#8221;, defende.<\/p>\n\n\n\n<p>O professor aponta diferen\u00e7as entre o concurso unificado e o Enem. \u201cO CNU fez a indica\u00e7\u00e3o da prefer\u00eancia antes da prova. J\u00e1 no Enem voc\u00ea faz a prova, tem a nota e, com ela, escolhe para onde vai. Ent\u00e3o, se fosse nesse modelo, seria mais interessante ou at\u00e9 mais proveitoso para muitos candidatos terem esse poder de escolha.&#8221;<\/p>\n\n\n\n<h2 class=\"wp-block-heading\">Cronograma<\/h2>\n\n\n\n<p>As provas objetivas e discursivas foram aplicadas simultaneamente, para todos os cargos, no domingo (18), em dois turnos, em 228 cidades brasileiras.<\/p>\n\n\n\n<p>De acordo com o&nbsp;<a href=\"https:\/\/www.gov.br\/gestao\/pt-br\/concursonacional\/cronograma\" target=\"_blank\" rel=\"noreferrer noopener\">cronograma do concurso<\/a>, as notas finais das provas objetivas, assim como o resultado preliminar da prova discursiva, ser\u00e3o divulgadas em 8 de outubro. Em seguida, nos dias 9 e 10 de outubro, os candidatos convocados dever\u00e3o enviar os t\u00edtulos de forma\u00e7\u00e3o acad\u00eamica.<\/p>\n\n\n\n<p>A divulga\u00e7\u00e3o do resultado preliminar da avalia\u00e7\u00e3o de t\u00edtulos est\u00e1 marcada para 4 de novembro. E o resultado final do certame est\u00e1 marcado para 21 de novembro.<\/p>\n\n\n\n<p>O in\u00edcio das convoca\u00e7\u00f5es para posse e cursos de forma\u00e7\u00e3o est\u00e1 previsto para janeiro do pr\u00f3ximo ano.<\/p>\n\n\n\n<p>Fonte: Ag\u00eancia Brasil<\/p>\n","protected":false},"excerpt":{"rendered":"<p>Os&nbsp;gabaritos preliminares&nbsp;das provas objetivas dos oito blocos tem\u00e1ticos do Concurso P\u00fablico Nacional Unificado (CNPU) foram&nbsp;divulgados na ter\u00e7a-feira (20) pelo Minist\u00e9rio da Gest\u00e3o e Inova\u00e7\u00e3o em Servi\u00e7os P\u00fablicos (MGI)&nbsp;no site do Concurso P\u00fablico Nacional Unificado (CPNU).&nbsp; Com o gabarito oficial em m\u00e3os, os candidatos puderam verificar seus acertos e, agora, calculam a nota que conquistaram, at\u00e9 [&hellip;]<\/p>\n","protected":false},"author":2,"featured_media":127296,"comment_status":"open","ping_status":"open","sticky":false,"template":"","format":"standard","meta":{"footnotes":""},"categories":[5],"tags":[11],"class_list":{"0":"post-126418","1":"post","2":"type-post","3":"status-publish","4":"format-standard","5":"has-post-thumbnail","7":"category-geral","8":"tag-destaque"},"_links":{"self":[{"href":"https:\/\/diariodoplaneta.com.br\/index.php?rest_route=\/wp\/v2\/posts\/126418","targetHints":{"allow":["GET"]}}],"collection":[{"href":"https:\/\/diariodoplaneta.com.br\/index.php?rest_route=\/wp\/v2\/posts"}],"about":[{"href":"https:\/\/diariodoplaneta.com.br\/index.php?rest_route=\/wp\/v2\/types\/post"}],"author":[{"embeddable":true,"href":"https:\/\/diariodoplaneta.com.br\/index.php?rest_route=\/wp\/v2\/users\/2"}],"replies":[{"embeddable":true,"href":"https:\/\/diariodoplaneta.com.br\/index.php?rest_route=%2Fwp%2Fv2%2Fcomments&post=126418"}],"version-history":[{"count":0,"href":"https:\/\/diariodoplaneta.com.br\/index.php?rest_route=\/wp\/v2\/posts\/126418\/revisions"}],"wp:featuredmedia":[{"embeddable":true,"href":"https:\/\/diariodoplaneta.com.br\/index.php?rest_route=\/wp\/v2\/media\/127296"}],"wp:attachment":[{"href":"https:\/\/diariodoplaneta.com.br\/index.php?rest_route=%2Fwp%2Fv2%2Fmedia&parent=126418"}],"wp:term":[{"taxonomy":"category","embeddable":true,"href":"https:\/\/diariodoplaneta.com.br\/index.php?rest_route=%2Fwp%2Fv2%2Fcategories&post=126418"},{"taxonomy":"post_tag","embeddable":true,"href":"https:\/\/diariodoplaneta.com.br\/index.php?rest_route=%2Fwp%2Fv2%2Ftags&post=126418"}],"curies":[{"name":"wp","href":"https:\/\/api.w.org\/{rel}","templated":true}]}}