{"id":126417,"date":"2024-08-22T17:34:49","date_gmt":"2024-08-22T20:34:49","guid":{"rendered":"https:\/\/diariodoplaneta.com.br\/?p=125704"},"modified":"2024-08-22T17:34:49","modified_gmt":"2024-08-22T20:34:49","slug":"stf-julga-omissao-do-congresso-para-proteger-trabalhador-da-automacao","status":"publish","type":"post","link":"https:\/\/diariodoplaneta.com.br\/?p=126417","title":{"rendered":"STF julga omiss\u00e3o do Congresso para proteger trabalhador da automa\u00e7\u00e3o"},"content":{"rendered":"\n<p>O Supremo Tribunal Federal (STF) come\u00e7ou a analisar nesta quinta-feira (22) uma a\u00e7\u00e3o da Procuradoria-Geral da Rep\u00fablica (PGR) para declarar a omiss\u00e3o do Congresso pela falta de regulamenta\u00e7\u00e3o da prote\u00e7\u00e3o do trabalhador contra a automa\u00e7\u00e3o das atividades laborais.<img decoding=\"async\" src=\"https:\/\/agenciabrasil.ebc.com.br\/ebc.png?id=1608984&amp;o=node\"><img decoding=\"async\" src=\"https:\/\/agenciabrasil.ebc.com.br\/ebc.gif?id=1608984&amp;o=node\"><\/p>\n\n\n\n<p>Na sess\u00e3o desta tarde, os ministros ouviram somente a sustenta\u00e7\u00e3o do advogado da Central \u00danica dos Trabalhadores (CUT), entidade que apoia a a\u00e7\u00e3o.<\/p>\n\n\n\n<p>O caso chegou ao Supremo em 2022. Na a\u00e7\u00e3o, o ex-procurador-geral da Rep\u00fablica&nbsp;Augusto Aras&nbsp;busca que a Corte determine um prazo para o Congresso regulamentar a prote\u00e7\u00e3o dos trabalhadores contra o avan\u00e7o da tecnologia.<\/p>\n\n\n\n<p>A Constitui\u00e7\u00e3o de 1988 definiu que \u00e9 direito dos trabalhadores urbanos e rurais a prote\u00e7\u00e3o em face da automa\u00e7\u00e3o, na forma da lei. Apesar do comando constitucional, os deputados federais e senadores nunca aprovaram uma lei para tratar da quest\u00e3o.<\/p>\n\n\n\n<p>Para a PGR, a falta da regulamenta\u00e7\u00e3o provoca redu\u00e7\u00e3o &#8220;arbitr\u00e1ria e injustificada&#8221; da prote\u00e7\u00e3o do direito social dos trabalhadores.<\/p>\n\n\n\n<p>&#8220;Por esse motivo, incumbe a essa Corte Suprema declarar a omiss\u00e3o inconstitucional na edi\u00e7\u00e3o de lei federal que torne efetivo o direito social \u00e0 prote\u00e7\u00e3o em face da automa\u00e7\u00e3o, fixando, por conseguinte, prazo razo\u00e1vel para que o Congresso Nacional supra a mora legislativa&#8221;, argumentou a procuradoria.<\/p>\n\n\n\n<p>Durante a sess\u00e3o, o advogado Ricardo Quintas Carneiro, representante da CUT, afirmou que o uso de m\u00e1quinas e rob\u00f4s comandados por intelig\u00eancia artificial vai automatizar diversos tipos de emprego.<\/p>\n\n\n\n<p>Segundo o advogado, a pandemia de covid-19 intensificou a automa\u00e7\u00e3o, aumentou a competividade e fechou postos de trabalho.<\/p>\n\n\n\n<p>Carneiro tamb\u00e9m citou um estudo da Universidade de Oxford que indica impactos da automa\u00e7\u00e3o em cerca de 700 profiss\u00f5es.<\/p>\n\n\n\n<p>&#8220;A CUT espera que o STF trace os necess\u00e1rios limites para que a ordem constitucional e o arranjo de equil\u00edbrio entre capital, trabalho, tecnologia e Estado sejam preservados nos moldes da Constitui\u00e7\u00e3o de 1988, com a preval\u00eancia do trabalho humano e decente&#8221;, afirmou.<\/p>\n\n\n\n<p>A data do julgamento do caso ainda n\u00e3o foi definida. O novo modelo que ouve as partes em plen\u00e1rio antes do julgamento foi implantado no ano passado pelo presidente do STF, Lu\u00eds Roberto Barroso. O m\u00e9todo \u00e9 utilizado pela Suprema Corte dos Estados Unidos.<\/p>\n\n\n\n<p>Fonte: Ag\u00eancia Brasil<\/p>\n","protected":false},"excerpt":{"rendered":"<p>O Supremo Tribunal Federal (STF) come\u00e7ou a analisar nesta quinta-feira (22) uma a\u00e7\u00e3o da Procuradoria-Geral da Rep\u00fablica (PGR) para declarar a omiss\u00e3o do Congresso pela falta de regulamenta\u00e7\u00e3o da prote\u00e7\u00e3o do trabalhador contra a automa\u00e7\u00e3o das atividades laborais. Na sess\u00e3o desta tarde, os ministros ouviram somente a sustenta\u00e7\u00e3o do advogado da Central \u00danica dos Trabalhadores [&hellip;]<\/p>\n","protected":false},"author":2,"featured_media":127291,"comment_status":"open","ping_status":"open","sticky":false,"template":"","format":"standard","meta":{"footnotes":""},"categories":[5],"tags":[11],"class_list":{"0":"post-126417","1":"post","2":"type-post","3":"status-publish","4":"format-standard","5":"has-post-thumbnail","7":"category-geral","8":"tag-destaque"},"_links":{"self":[{"href":"https:\/\/diariodoplaneta.com.br\/index.php?rest_route=\/wp\/v2\/posts\/126417","targetHints":{"allow":["GET"]}}],"collection":[{"href":"https:\/\/diariodoplaneta.com.br\/index.php?rest_route=\/wp\/v2\/posts"}],"about":[{"href":"https:\/\/diariodoplaneta.com.br\/index.php?rest_route=\/wp\/v2\/types\/post"}],"author":[{"embeddable":true,"href":"https:\/\/diariodoplaneta.com.br\/index.php?rest_route=\/wp\/v2\/users\/2"}],"replies":[{"embeddable":true,"href":"https:\/\/diariodoplaneta.com.br\/index.php?rest_route=%2Fwp%2Fv2%2Fcomments&post=126417"}],"version-history":[{"count":0,"href":"https:\/\/diariodoplaneta.com.br\/index.php?rest_route=\/wp\/v2\/posts\/126417\/revisions"}],"wp:featuredmedia":[{"embeddable":true,"href":"https:\/\/diariodoplaneta.com.br\/index.php?rest_route=\/wp\/v2\/media\/127291"}],"wp:attachment":[{"href":"https:\/\/diariodoplaneta.com.br\/index.php?rest_route=%2Fwp%2Fv2%2Fmedia&parent=126417"}],"wp:term":[{"taxonomy":"category","embeddable":true,"href":"https:\/\/diariodoplaneta.com.br\/index.php?rest_route=%2Fwp%2Fv2%2Fcategories&post=126417"},{"taxonomy":"post_tag","embeddable":true,"href":"https:\/\/diariodoplaneta.com.br\/index.php?rest_route=%2Fwp%2Fv2%2Ftags&post=126417"}],"curies":[{"name":"wp","href":"https:\/\/api.w.org\/{rel}","templated":true}]}}