{"id":126312,"date":"2024-08-16T15:17:37","date_gmt":"2024-08-16T18:17:37","guid":{"rendered":"https:\/\/diariodoplaneta.com.br\/?p=125366"},"modified":"2024-08-16T15:17:37","modified_gmt":"2024-08-16T18:17:37","slug":"barroso-nega-pedido-do-congresso-para-derrubar-suspensao-de-emendas","status":"publish","type":"post","link":"https:\/\/diariodoplaneta.com.br\/?p=126312","title":{"rendered":"Barroso nega pedido do Congresso para derrubar suspens\u00e3o de emendas"},"content":{"rendered":"\n<p><br \/>O ministro Lu\u00eds Roberto Barroso, presidente do Supremo Tribunal Federal (STF), negou nesta sexta-feira (16) um pedido feito pelo Congresso para que ele derrubasse tr\u00eas liminares (decis\u00f5es provis\u00f3rias) do ministro Fl\u00e1vio Dino que suspenderam a execu\u00e7\u00e3o de emendas parlamentares ao Or\u00e7amento da Uni\u00e3o.<img decoding=\"async\" src=\"https:\/\/agenciabrasil.ebc.com.br\/ebc.png?id=1608151&amp;o=node\"><img decoding=\"async\" src=\"https:\/\/agenciabrasil.ebc.com.br\/ebc.gif?id=1608151&amp;o=node\"><\/p>\n\n\n\n<p>Barroso afirmou que n\u00e3o poderia suspender por conta pr\u00f3pria uma decis\u00e3o de outro ministro do Supremo, uma vez que n\u00e3o h\u00e1 hierarquia entre os integrantes da Corte. O ministro reconheceu que h\u00e1 precedentes em que o presidente do Supremo suspendeu liminar de outro ministro, mas que a medida seria adequada somente em circunst\u00e2ncia \u201cexcepcional\u00edssima\u201d.<\/p>\n\n\n\n<p>No caso da suspens\u00e3o das emendas parlamentares, Barroso entendeu que \u201cessas circunst\u00e2ncias n\u00e3o est\u00e3o presentes\u201d. Ele destacou que o referendo ou n\u00e3o das liminares de Dino j\u00e1 se encontra em julgamento pelo plen\u00e1rio do Supremo, em sess\u00e3o virtual de 24 horas iniciada nesta sexta (16), motivo pelo qual n\u00e3o se justificaria derrub\u00e1-las de antem\u00e3o.<\/p>\n\n\n\n<p>\u201cN\u00e3o se justifica a atua\u00e7\u00e3o monocr\u00e1tica desta Presid\u00eancia para sustar os efeitos de decis\u00f5es proferidas por um de seus integrantes, em sede de suspens\u00e3o de liminar, quando tais decis\u00f5es j\u00e1 est\u00e3o sendo objeto de delibera\u00e7\u00e3o pelo Colegiado do Tribunal\u201d, escreveu Barroso.&nbsp;<\/p>\n\n\n\n<p>O presidente do Supremo frisou ainda que, no voto que apresentou nesta sexta (15), Dino sinalizou &#8220;a possibilidade de construir solu\u00e7\u00e3o consensual para a quest\u00e3o, em reuni\u00e3o institucional com representantes dos tr\u00eas Poderes\u201d.&nbsp;<\/p>\n\n\n\n<p>Outro argumento central \u00e9 o de que \u201ca decis\u00e3o suspende a execu\u00e7\u00e3o de pol\u00edticas, servi\u00e7os e obras p\u00fablicas essenciais para a vida cotidiana de milh\u00f5es de brasileiros\u201d, diz a pe\u00e7a protocolada pelo Congresso. O parlamento sustentou ainda que o Supremo promove \u201cinterfer\u00eancia dr\u00e1stica e indevida nas decis\u00f5es pol\u00edticas dos poderes executivo e legislativo\u201d.<\/p>\n\n\n\n<p>Desde o in\u00edcio de agosto, Dino concedeu tr\u00eas liminares para suspender a execu\u00e7\u00e3o de emendas parlamentares, incluindo emendas impositivas, aquelas que de execu\u00e7\u00e3o obrigat\u00f3ria pelo Executivo. Ele atendeu a pedidos da Procuradoria-Geral da Rep\u00fablica (PGR), do partido Psol e da Associa\u00e7\u00e3o Brasileira de Jornalismo Investigativo (Abraji).<\/p>\n\n\n\n<p>Relator do tema no Supremo, Dino determinou a suspens\u00e3o nas transfer\u00eancias de emendas de comiss\u00e3o, as de relator e as impositivas de bancada e individuais. Outra suspens\u00e3o foi a das que ficaram conhecidas como \u201cemendas Pix\u201d, que permitem o repasse direto a estados e munic\u00edpios, mas sem destina\u00e7\u00e3o espec\u00edfica a projeto, programa ou conv\u00eanio.<\/p>\n\n\n\n<p>O ministro liberou as transfer\u00eancias somente no caso de obras em andamento ou de situa\u00e7\u00e3o de calamidade p\u00fablica. Dino determinou que a suspens\u00e3o vigore at\u00e9 que sejam implementadas medidas que garantam as exig\u00eancias constitucionais de transpar\u00eancia, rastreabilidade e efici\u00eancia na libera\u00e7\u00e3o das verbas do Or\u00e7amento da Uni\u00e3o.<\/p>\n\n\n\n<p>Fonte: Ag\u00eancia Brasil<\/p>\n\n\n\n<p><\/p>\n","protected":false},"excerpt":{"rendered":"<p>O ministro Lu\u00eds Roberto Barroso, presidente do Supremo Tribunal Federal (STF), negou nesta sexta-feira (16) um pedido feito pelo Congresso para que ele derrubasse tr\u00eas liminares (decis\u00f5es provis\u00f3rias) do ministro Fl\u00e1vio Dino que suspenderam a execu\u00e7\u00e3o de emendas parlamentares ao Or\u00e7amento da Uni\u00e3o. Barroso afirmou que n\u00e3o poderia suspender por conta pr\u00f3pria uma decis\u00e3o de [&hellip;]<\/p>\n","protected":false},"author":2,"featured_media":126948,"comment_status":"open","ping_status":"open","sticky":false,"template":"","format":"standard","meta":{"footnotes":""},"categories":[13],"tags":[11],"class_list":{"0":"post-126312","1":"post","2":"type-post","3":"status-publish","4":"format-standard","5":"has-post-thumbnail","7":"category-politica","8":"tag-destaque"},"_links":{"self":[{"href":"https:\/\/diariodoplaneta.com.br\/index.php?rest_route=\/wp\/v2\/posts\/126312","targetHints":{"allow":["GET"]}}],"collection":[{"href":"https:\/\/diariodoplaneta.com.br\/index.php?rest_route=\/wp\/v2\/posts"}],"about":[{"href":"https:\/\/diariodoplaneta.com.br\/index.php?rest_route=\/wp\/v2\/types\/post"}],"author":[{"embeddable":true,"href":"https:\/\/diariodoplaneta.com.br\/index.php?rest_route=\/wp\/v2\/users\/2"}],"replies":[{"embeddable":true,"href":"https:\/\/diariodoplaneta.com.br\/index.php?rest_route=%2Fwp%2Fv2%2Fcomments&post=126312"}],"version-history":[{"count":0,"href":"https:\/\/diariodoplaneta.com.br\/index.php?rest_route=\/wp\/v2\/posts\/126312\/revisions"}],"wp:featuredmedia":[{"embeddable":true,"href":"https:\/\/diariodoplaneta.com.br\/index.php?rest_route=\/wp\/v2\/media\/126948"}],"wp:attachment":[{"href":"https:\/\/diariodoplaneta.com.br\/index.php?rest_route=%2Fwp%2Fv2%2Fmedia&parent=126312"}],"wp:term":[{"taxonomy":"category","embeddable":true,"href":"https:\/\/diariodoplaneta.com.br\/index.php?rest_route=%2Fwp%2Fv2%2Fcategories&post=126312"},{"taxonomy":"post_tag","embeddable":true,"href":"https:\/\/diariodoplaneta.com.br\/index.php?rest_route=%2Fwp%2Fv2%2Ftags&post=126312"}],"curies":[{"name":"wp","href":"https:\/\/api.w.org\/{rel}","templated":true}]}}