{"id":126286,"date":"2024-08-15T14:10:28","date_gmt":"2024-08-15T17:10:28","guid":{"rendered":"https:\/\/diariodoplaneta.com.br\/?p=125280"},"modified":"2024-08-15T14:10:28","modified_gmt":"2024-08-15T17:10:28","slug":"cenipa-diz-que-nenhum-veiculo-de-imprensa-teve-acesso-a-audios-de-voo","status":"publish","type":"post","link":"https:\/\/diariodoplaneta.com.br\/?p=126286","title":{"rendered":"Cenipa diz que nenhum ve\u00edculo de imprensa teve acesso a \u00e1udios de voo"},"content":{"rendered":"\n<p><br \/>A For\u00e7a A\u00e9rea Brasileira (FAB),&nbsp;por meio do Centro de Investiga\u00e7\u00e3o e Preven\u00e7\u00e3o de Acidentes Aeron\u00e1uticos (Cenipa), informou nesta quinta-feira (15), em nota, que nenhum ve\u00edculo de imprensa teve acesso a&nbsp;\u00e1udios, transcri\u00e7\u00f5es ou&nbsp;dados dos gravadores de voo &#8211; conhecidos como caixas-pretas (Cockpit Voice Recorder e Flight Data Recorder) &#8211; do avi\u00e3o&nbsp;matricula PS-VPB&nbsp;da Voepass, envolvido&nbsp;no acidente a\u00e9reo&nbsp;em Vinhedo, no interior de S\u00e3o Paulo. O acidente ocorreu na \u00faltima sexta-feira (9) e deixou 62 pessoas mortas.<img decoding=\"async\" src=\"https:\/\/agenciabrasil.ebc.com.br\/ebc.png?id=1607973&amp;o=node\"><img decoding=\"async\" src=\"https:\/\/agenciabrasil.ebc.com.br\/ebc.gif?id=1607973&amp;o=node\"><\/p>\n\n\n\n<p>&nbsp;A nota foi divulgada diante de&nbsp;not\u00edcias veiculadas&nbsp;por jornais do pa\u00eds inteiro e nas m\u00eddias sociais sobre o que seria uma troca de di\u00e1logo&nbsp;entre o comandante Danilo Santos Romano e o copiloto Humberto de Campos Alencar e Silva.&nbsp;<\/p>\n\n\n\n<p>O Cenipa destaca, na nota, que segue estritamente os protocolos espec\u00edficos estabelecidos pela Lei n\u00ba 7.565\/1966 (C\u00f3digo Brasileiro de Aeron\u00e1utica &#8211; CBA), pelo Decreto n\u00ba 9.540\/2018 e pelo Anexo 13 \u00e0 Conven\u00e7\u00e3o sobre Avia\u00e7\u00e3o Civil, de 1944. &#8220;Por fim, a FAB reitera seu compromisso com a transpar\u00eancia e a seriedade na condu\u00e7\u00e3o das investiga\u00e7\u00f5es, bem como com o&nbsp;respeito \u00e0 dor dos familiares das v\u00edtimas do acidente&#8221;.<\/p>\n\n\n\n<p>M\u00eddias sociais e jornais replicaram mat\u00e9ria que foi ao ar na noite de ontem, exibida no Jornal Nacional, da TV Globo, informa\u00e7\u00e3o&nbsp;que passou cerca de um minuto at\u00e9 o avi\u00e3o cair e que a &#8220;grava\u00e7\u00e3o&#8221; \u00e9 finalizada com gritos.&nbsp;<\/p>\n\n\n\n<p>Fonte: Ag\u00eancia Brasil<\/p>\n","protected":false},"excerpt":{"rendered":"<p>A For\u00e7a A\u00e9rea Brasileira (FAB),&nbsp;por meio do Centro de Investiga\u00e7\u00e3o e Preven\u00e7\u00e3o de Acidentes Aeron\u00e1uticos (Cenipa), informou nesta quinta-feira (15), em nota, que nenhum ve\u00edculo de imprensa teve acesso a&nbsp;\u00e1udios, transcri\u00e7\u00f5es ou&nbsp;dados dos gravadores de voo &#8211; conhecidos como caixas-pretas (Cockpit Voice Recorder e Flight Data Recorder) &#8211; do avi\u00e3o&nbsp;matricula PS-VPB&nbsp;da Voepass, envolvido&nbsp;no acidente a\u00e9reo&nbsp;em [&hellip;]<\/p>\n","protected":false},"author":2,"featured_media":126871,"comment_status":"open","ping_status":"open","sticky":false,"template":"","format":"standard","meta":{"footnotes":""},"categories":[5],"tags":[24],"class_list":{"0":"post-126286","1":"post","2":"type-post","3":"status-publish","4":"format-standard","5":"has-post-thumbnail","7":"category-geral","8":"tag-manchete"},"_links":{"self":[{"href":"https:\/\/diariodoplaneta.com.br\/index.php?rest_route=\/wp\/v2\/posts\/126286","targetHints":{"allow":["GET"]}}],"collection":[{"href":"https:\/\/diariodoplaneta.com.br\/index.php?rest_route=\/wp\/v2\/posts"}],"about":[{"href":"https:\/\/diariodoplaneta.com.br\/index.php?rest_route=\/wp\/v2\/types\/post"}],"author":[{"embeddable":true,"href":"https:\/\/diariodoplaneta.com.br\/index.php?rest_route=\/wp\/v2\/users\/2"}],"replies":[{"embeddable":true,"href":"https:\/\/diariodoplaneta.com.br\/index.php?rest_route=%2Fwp%2Fv2%2Fcomments&post=126286"}],"version-history":[{"count":0,"href":"https:\/\/diariodoplaneta.com.br\/index.php?rest_route=\/wp\/v2\/posts\/126286\/revisions"}],"wp:featuredmedia":[{"embeddable":true,"href":"https:\/\/diariodoplaneta.com.br\/index.php?rest_route=\/wp\/v2\/media\/126871"}],"wp:attachment":[{"href":"https:\/\/diariodoplaneta.com.br\/index.php?rest_route=%2Fwp%2Fv2%2Fmedia&parent=126286"}],"wp:term":[{"taxonomy":"category","embeddable":true,"href":"https:\/\/diariodoplaneta.com.br\/index.php?rest_route=%2Fwp%2Fv2%2Fcategories&post=126286"},{"taxonomy":"post_tag","embeddable":true,"href":"https:\/\/diariodoplaneta.com.br\/index.php?rest_route=%2Fwp%2Fv2%2Ftags&post=126286"}],"curies":[{"name":"wp","href":"https:\/\/api.w.org\/{rel}","templated":true}]}}