{"id":126165,"date":"2024-08-07T18:24:13","date_gmt":"2024-08-07T21:24:13","guid":{"rendered":"https:\/\/diariodoplaneta.com.br\/?p=124894"},"modified":"2024-08-07T18:24:13","modified_gmt":"2024-08-07T21:24:13","slug":"tres-oncas-foram-encontradas-mortas-devido-ao-fogo-no-pantanal","status":"publish","type":"post","link":"https:\/\/diariodoplaneta.com.br\/?p=126165","title":{"rendered":"Tr\u00eas on\u00e7as foram encontradas mortas devido ao fogo no Pantanal"},"content":{"rendered":"\n<p>O fogo que consome o Pantanal&nbsp;j\u00e1 causou a morte de, pelo menos, tr\u00eas on\u00e7as-pintadas, de acordo com&nbsp;o bi\u00f3logo Gustavo Figueiroa, que atua na linha de frente do&nbsp;<a href=\"https:\/\/agenciabrasil.ebc.com.br\/geral\/noticia\/2024-08\/fogo-ja-consumiu-13-milhao-de-hectares-e-volta-aumentar-no-pantanal\" target=\"_blank\" rel=\"noreferrer noopener\">enfrentamento \u00e0s queimadas<\/a>&nbsp;pela rede Brigadas Pantaneiras.<img decoding=\"async\" src=\"https:\/\/agenciabrasil.ebc.com.br\/ebc.png?id=1606903&amp;o=node\"><img decoding=\"async\" src=\"https:\/\/agenciabrasil.ebc.com.br\/ebc.gif?id=1606903&amp;o=node\"><\/p>\n\n\n\n<p>Na \u00faltima segunda-feira (5), a localiza\u00e7\u00e3o de dois filhotes encontrados carbonizados comoveu as equipes que trabalham na conserva\u00e7\u00e3o e recupera\u00e7\u00e3o do bioma. Os animais foram encontrados no munic\u00edpio de Aquidauana, em&nbsp;Mato Grosso do Sul, e a terceira on\u00e7a morta pelo fogo foi encontrada na propriedade do recanto ecol\u00f3gico Caiman, em Miranda, cerca de 75 quil\u00f4metros de dist\u00e2ncia de Aquidauana, informou o bi\u00f3logo.<\/p>\n\n\n\n<blockquote class=\"wp-block-quote is-layout-flow wp-block-quote-is-layout-flow\">\n<p>\u201cA on\u00e7a \u00e9 um predador topo de cadeia, \u00e9 um animal que \u00e9 superimportante para o ambiente, al\u00e9m de ser super \u00e1gil &#8211; consegue fugir, nadar, escalar \u00e1rvore. E quando voc\u00ea v\u00ea on\u00e7as sendo queimadas, imagina todo o resto da fauna que \u00e9 muito mais lenta e menos \u00e1gil\u201d, explica.<\/p>\n<\/blockquote>\n\n\n\n<p>O estudo&nbsp;<em>Respostas de mam\u00edferos neotropicais a megainc\u00eandios no Pantanal brasileiro,<\/em>&nbsp;publicado em abril deste ano pelo peri\u00f3dico cient\u00edfico Global Change Biology, apontou que no inc\u00eandio de 2020, o maior j\u00e1 registrado no bioma, as on\u00e7as-pintadas foram as \u00fanicas das oito esp\u00e9cies investigadas (jaguatiricas, pumas, queixadas, tatu-canastra, cutia, veado-mateiro e antas) que n\u00e3o sofreram redu\u00e7\u00e3o em suas popula\u00e7\u00f5es, por causa da capacidade migrat\u00f3ria. No entanto, os pesquisadores alertaram que \u201ca crescente frequ\u00eancia e gravidade dos inc\u00eandios causados pelo homem provavelmente ter\u00e3o efeitos delet\u00e9rios na distribui\u00e7\u00e3o e persist\u00eancia das esp\u00e9cies.\u201d<\/p>\n\n\n\n<p>O tatu-canastra, por exemplo, foi&nbsp;apontado&nbsp;como uma das esp\u00e9cies&nbsp;mais suscet\u00edveis aos danos causados pelo fogo, por j\u00e1 ter&nbsp;popula\u00e7\u00f5es reduzidas, com lentas taxas de reprodu\u00e7\u00e3o e pela dificuldade de fugir das queimadas. \u201cTatus-canastras buscam ref\u00fagio em tocas durante inc\u00eandios florestais, e os megainc\u00eandios provavelmente causaram alta mortalidade devido \u00e0 temperatura elevada do solo e \u00e0 inala\u00e7\u00e3o de fuma\u00e7a\u201d, sugeriu o estudo.<\/p>\n\n\n\n<p>A antecipa\u00e7\u00e3o do per\u00edodo de seca, provocado pela mudan\u00e7a clim\u00e1tica e a intensidade das queimadas neste ano j\u00e1&nbsp;<a href=\"https:\/\/agenciabrasil.ebc.com.br\/geral\/noticia\/2024-07\/pantanal-tem-este-ano-maior-area-queimada-em-junho\" target=\"_blank\" rel=\"noreferrer noopener\">ultrapassa em n\u00fameros o quadro de 2020<\/a>, quando 43% do bioma foi queimado, atingindo a vida silvestre em massa.<\/p>\n\n\n\n<blockquote class=\"wp-block-quote is-layout-flow wp-block-quote-is-layout-flow\">\n<p>\u201c\u00c9 um impacto gigantesco porque \u00e9 uma fauna que vem sofrendo ao longo dos \u00faltimos anos, com esses inc\u00eandios repetidos e constantes e essa resili\u00eancia vai sendo perdida. Ent\u00e3o, muitas esp\u00e9cies t\u00eam um decl\u00ednio populacional e \u00e9 poss\u00edvel que tenha extin\u00e7\u00f5es locais\u201d, afirma Gustavo.<\/p>\n<\/blockquote>\n\n\n\n<p>O bi\u00f3logo conta que no combate \u00e0s queimadas no Pantanal&nbsp;as brigadas enfrentam muitas dificuldades, principalmente para acessar algumas \u00e1reas, como as de vegeta\u00e7\u00e3o mais alta. Nessas regi\u00f5es s\u00e3o aplicadas t\u00e9cnicas como o uso de aceiros, nos quais se retira a vegeta\u00e7\u00e3o em faixas para interromper a propaga\u00e7\u00e3o do fogo, e da queima de expans\u00e3o, que \u00e9 o contrafogo.<\/p>\n\n\n\n<p>Outro desafio apontado por Figueiroa \u00e9 a atual condi\u00e7\u00e3o clim\u00e1tica. \u201cDurante essas ondas de calor, com essa secura, fica muito f\u00e1cil para o fogo se alastrar, mesmo em \u00e1reas que a gente j\u00e1 combateu, j\u00e1 controlou o fogo. Dependendo do vento e da temperatura, muitas dessas brasas reacendem e podem ser jogadas para \u00e1reas que n\u00e3o queimaram ainda e isso dificulta muito o trabalho\u201d.<\/p>\n\n\n\n<h2 class=\"wp-block-heading\">Reserva<\/h2>\n\n\n\n<p>O ref\u00fagio Caiman, onde uma das on\u00e7as-pintadas morreu, \u00e9 uma \u00e1rea com 53 mil hectares no Pantanal, que promove o ecoturismo como instrumento de conserva\u00e7\u00e3o do bioma, por meio de atividades como saf\u00e1ri fotogr\u00e1fico, monitoramento de esp\u00e9cies e educa\u00e7\u00e3o ambiental. No local, 5,6 mil hectares constituem a Reserva Particular do Patrim\u00f4nio Natural Dona Aracy, onde fauna e flora permanecem livres, inclusive, do uso sustent\u00e1vel.<\/p>\n\n\n\n<p>Segundo a institui\u00e7\u00e3o, 80% do recanto j\u00e1 foi atingido pelo fogo no m\u00eas de julho e as atividades de ecoturismo foram suspensas at\u00e9 o final de setembro. \u201cNossa prioridade e nosso prop\u00f3sito s\u00e3o \u2013 e sempre foram \u2013 a conserva\u00e7\u00e3o da fauna e da flora, as milhares de esp\u00e9cies que encontram aqui uma morada segura\u201d, informou por meio de nota.<\/p>\n\n\n\n<h2 class=\"wp-block-heading\">Resgate<\/h2>\n\n\n\n<p>De acordo com o Governo de&nbsp;Mato Grosso do Sul, o Grupo de Resgate T\u00e9cnico Animal do Pantanal (Gretap)&nbsp;atua com 30 profissionais especializados em salvamento da fauna silvestre nas diversas frentes que trabalham no enfrentamento aos focos de fogo. Os animais resgatados que precisam de cuidados s\u00e3o encaminhados aos centros de reabilita\u00e7\u00e3o de Corumb\u00e1 e Campo Grande.<\/p>\n\n\n\n<p>No \u00faltimo boletim divulgado nessa ter\u00e7a-feira (6), pelo Minist\u00e9rio do Meio Ambiente e Mudan\u00e7a do Clima, at\u00e9 o \u00faltimo domingo (4), 564 animais silvestres foram resgatados<\/p>\n\n\n\n<p>Fonte: Ag\u00eancia Brasil<\/p>\n","protected":false},"excerpt":{"rendered":"<p>O fogo que consome o Pantanal&nbsp;j\u00e1 causou a morte de, pelo menos, tr\u00eas on\u00e7as-pintadas, de acordo com&nbsp;o bi\u00f3logo Gustavo Figueiroa, que atua na linha de frente do&nbsp;enfrentamento \u00e0s queimadas&nbsp;pela rede Brigadas Pantaneiras. Na \u00faltima segunda-feira (5), a localiza\u00e7\u00e3o de dois filhotes encontrados carbonizados comoveu as equipes que trabalham na conserva\u00e7\u00e3o e recupera\u00e7\u00e3o do bioma. Os [&hellip;]<\/p>\n","protected":false},"author":2,"featured_media":126648,"comment_status":"open","ping_status":"open","sticky":false,"template":"","format":"standard","meta":{"footnotes":""},"categories":[22],"tags":[11],"class_list":{"0":"post-126165","1":"post","2":"type-post","3":"status-publish","4":"format-standard","5":"has-post-thumbnail","7":"category-meio-ambiente","8":"tag-destaque"},"_links":{"self":[{"href":"https:\/\/diariodoplaneta.com.br\/index.php?rest_route=\/wp\/v2\/posts\/126165","targetHints":{"allow":["GET"]}}],"collection":[{"href":"https:\/\/diariodoplaneta.com.br\/index.php?rest_route=\/wp\/v2\/posts"}],"about":[{"href":"https:\/\/diariodoplaneta.com.br\/index.php?rest_route=\/wp\/v2\/types\/post"}],"author":[{"embeddable":true,"href":"https:\/\/diariodoplaneta.com.br\/index.php?rest_route=\/wp\/v2\/users\/2"}],"replies":[{"embeddable":true,"href":"https:\/\/diariodoplaneta.com.br\/index.php?rest_route=%2Fwp%2Fv2%2Fcomments&post=126165"}],"version-history":[{"count":0,"href":"https:\/\/diariodoplaneta.com.br\/index.php?rest_route=\/wp\/v2\/posts\/126165\/revisions"}],"wp:featuredmedia":[{"embeddable":true,"href":"https:\/\/diariodoplaneta.com.br\/index.php?rest_route=\/wp\/v2\/media\/126648"}],"wp:attachment":[{"href":"https:\/\/diariodoplaneta.com.br\/index.php?rest_route=%2Fwp%2Fv2%2Fmedia&parent=126165"}],"wp:term":[{"taxonomy":"category","embeddable":true,"href":"https:\/\/diariodoplaneta.com.br\/index.php?rest_route=%2Fwp%2Fv2%2Fcategories&post=126165"},{"taxonomy":"post_tag","embeddable":true,"href":"https:\/\/diariodoplaneta.com.br\/index.php?rest_route=%2Fwp%2Fv2%2Ftags&post=126165"}],"curies":[{"name":"wp","href":"https:\/\/api.w.org\/{rel}","templated":true}]}}