{"id":124877,"date":"2024-07-22T14:29:02","date_gmt":"2024-07-22T17:29:02","guid":{"rendered":"https:\/\/diariodoplaneta.com.br\/?p=124140"},"modified":"2024-07-22T14:29:02","modified_gmt":"2024-07-22T17:29:02","slug":"abertas-as-inscricoes-para-o-encceja-ppl-2024","status":"publish","type":"post","link":"https:\/\/diariodoplaneta.com.br\/?p=124877","title":{"rendered":"Abertas as inscri\u00e7\u00f5es para o Encceja PPL 2024"},"content":{"rendered":"\n<p><br>Est\u00e3o abertas\u00a0a partir desta segunda-feira (22)\u00a0as inscri\u00e7\u00f5es para o Exame Nacional para Certifica\u00e7\u00e3o de Compet\u00eancias de Jovens e Adultos para Pessoas Privadas de Liberdade ou sob medida socioeducativa que inclua priva\u00e7\u00e3o de liberdade (Encceja PPL) 2024. As provas ser\u00e3o aplicadas nos dias 15 e 16 de outubro.<\/p>\n\n\n\n<p>Os \u00f3rg\u00e3os de administra\u00e7\u00e3o prisional e socioeducativa devem indicar,&nbsp;at\u00e9 2 de agosto as unidades&nbsp;que aplicar\u00e3o o exame, bem como seu respons\u00e1vel pedag\u00f3gico, a quem caber\u00e1 fazer as inscri\u00e7\u00f5es dos candidatos, por meio do&nbsp;<a href=\"http:\/\/sistemasespeciais.inep.gov.br\/unidadesprisionais\" target=\"_blank\" rel=\"noreferrer noopener\">Sistema Encceja<\/a>. O prazo se encerrar\u00e1 em 9 de agosto.<\/p>\n\n\n\n<p>\u201cNo momento da inscri\u00e7\u00e3o, ser\u00e1 necess\u00e1rio indicar quais provas o participante ir\u00e1 realizar e, se for o caso, solicitar atendimento especializado e tratamento pelo nome social. As indica\u00e7\u00f5es dever\u00e3o ser formalizadas por of\u00edcio, firmando a ades\u00e3o da institui\u00e7\u00e3o ao exame junto ao Instituto Nacional de Estudos e Pesquisas Educacionais An\u00edsio Teixeira. O documento dever\u00e1 ser enviado por&nbsp;<a href=\"http:\/\/aplicacao.ppl@inep.gov.br\/\" target=\"_blank\" rel=\"noreferrer noopener\">e-mail<\/a>, com o assunto da mensagem Ades\u00e3o Encceja Nacional PPL 2024\u201d, informou o Inep.<\/p>\n\n\n\n<p>O exame ter\u00e1 quatro provas objetivas, por n\u00edvel de ensino, nas seguintes \u00e1reas do conhecimento: ci\u00eancias da natureza e suas tecnologias; matem\u00e1tica e suas tecnologias; linguagens, c\u00f3digos e suas tecnologias, e reda\u00e7\u00e3o; ci\u00eancias humanas e suas tecnologias.<\/p>\n\n\n\n<h2 class=\"wp-block-heading\">Encceja<\/h2>\n\n\n\n<p>O Encceja foi criado com o objetivo de ajudar jovens e adultos a retomarem a trajet\u00f3ria escolar. A participa\u00e7\u00e3o \u00e9 volunt\u00e1ria, gratuita e destinada a jovens e adultos que n\u00e3o conclu\u00edram seus estudos na idade apropriada.<\/p>\n\n\n\n<p>Segundo o Inep, as provas avaliam compet\u00eancias, habilidades e saberes adquiridos no processo escolar ou extraescolar. \u201cAs secretarias de Educa\u00e7\u00e3o e os institutos federais utilizam os resultados como par\u00e2metro para certificar os participantes em n\u00edvel de conclus\u00e3o do ensino fundamental e m\u00e9dio.<\/p>\n\n\n\n<p>O exame \u00e9 tamb\u00e9m utilizado como refer\u00eancia nacional para a avalia\u00e7\u00e3o de jovens e adultos. Ele serve de baliza \u00e0 implementa\u00e7\u00e3o de procedimentos e pol\u00edticas para a melhoria da qualidade na oferta da educa\u00e7\u00e3o de jovens e adultos, al\u00e9m de viabilizar o desenvolvimento de estudos e indicadores sobre o sistema educacional brasileiro.<\/p>\n\n\n\n<p>Fonte: Ag\u00eancia Brasil<\/p>\n","protected":false},"excerpt":{"rendered":"<p>Est\u00e3o abertas\u00a0a partir desta segunda-feira (22)\u00a0as inscri\u00e7\u00f5es para o Exame Nacional para Certifica\u00e7\u00e3o de Compet\u00eancias de Jovens e Adultos para Pessoas Privadas de Liberdade ou sob medida socioeducativa que inclua priva\u00e7\u00e3o de liberdade (Encceja PPL) 2024. As provas ser\u00e3o aplicadas nos dias 15 e 16 de outubro. Os \u00f3rg\u00e3os de administra\u00e7\u00e3o prisional e socioeducativa devem [&hellip;]<\/p>\n","protected":false},"author":2,"featured_media":125662,"comment_status":"open","ping_status":"open","sticky":false,"template":"","format":"standard","meta":{"footnotes":""},"categories":[5],"tags":[11],"class_list":{"0":"post-124877","1":"post","2":"type-post","3":"status-publish","4":"format-standard","5":"has-post-thumbnail","7":"category-geral","8":"tag-destaque"},"_links":{"self":[{"href":"https:\/\/diariodoplaneta.com.br\/index.php?rest_route=\/wp\/v2\/posts\/124877","targetHints":{"allow":["GET"]}}],"collection":[{"href":"https:\/\/diariodoplaneta.com.br\/index.php?rest_route=\/wp\/v2\/posts"}],"about":[{"href":"https:\/\/diariodoplaneta.com.br\/index.php?rest_route=\/wp\/v2\/types\/post"}],"author":[{"embeddable":true,"href":"https:\/\/diariodoplaneta.com.br\/index.php?rest_route=\/wp\/v2\/users\/2"}],"replies":[{"embeddable":true,"href":"https:\/\/diariodoplaneta.com.br\/index.php?rest_route=%2Fwp%2Fv2%2Fcomments&post=124877"}],"version-history":[{"count":0,"href":"https:\/\/diariodoplaneta.com.br\/index.php?rest_route=\/wp\/v2\/posts\/124877\/revisions"}],"wp:featuredmedia":[{"embeddable":true,"href":"https:\/\/diariodoplaneta.com.br\/index.php?rest_route=\/wp\/v2\/media\/125662"}],"wp:attachment":[{"href":"https:\/\/diariodoplaneta.com.br\/index.php?rest_route=%2Fwp%2Fv2%2Fmedia&parent=124877"}],"wp:term":[{"taxonomy":"category","embeddable":true,"href":"https:\/\/diariodoplaneta.com.br\/index.php?rest_route=%2Fwp%2Fv2%2Fcategories&post=124877"},{"taxonomy":"post_tag","embeddable":true,"href":"https:\/\/diariodoplaneta.com.br\/index.php?rest_route=%2Fwp%2Fv2%2Ftags&post=124877"}],"curies":[{"name":"wp","href":"https:\/\/api.w.org\/{rel}","templated":true}]}}