{"id":124861,"date":"2024-07-19T14:33:04","date_gmt":"2024-07-19T17:33:04","guid":{"rendered":"https:\/\/diariodoplaneta.com.br\/?p=124072"},"modified":"2024-07-19T14:33:04","modified_gmt":"2024-07-19T17:33:04","slug":"gsi-emite-alerta-com-orientacoes-sobre-apagao-cibernetico","status":"publish","type":"post","link":"https:\/\/diariodoplaneta.com.br\/?p=124861","title":{"rendered":"GSI emite alerta com orienta\u00e7\u00f5es sobre apag\u00e3o cibern\u00e9tico"},"content":{"rendered":"\n<p>O Gabinete de Seguran\u00e7a Institucional (GSI), ligado \u00e0 Presid\u00eancia da Rep\u00fablica, divulgou um\u00a0<a href=\"https:\/\/www.gov.br\/ctir\/pt-br\/assuntos\/alertas-e-recomendacoes\/alertas\/2024\/alerta-10-2024\" target=\"_blank\" rel=\"noreferrer noopener\">alerta<\/a>\u00a0orientando institui\u00e7\u00f5es e entidades ligadas \u00e0 administra\u00e7\u00e3o p\u00fablica federal sobre procedimentos a serem adotados diante do apag\u00e3o cibern\u00e9tico ocorrido nesta sexta-feira (19). A pane, provocada pela empresa de seguran\u00e7a cibern\u00e9tica CrowdStrike, afetou v\u00e1rios pa\u00edses, inclusive o Brasil.<\/p>\n\n\n\n<p>\u201cO Centro de Preven\u00e7\u00e3o, Tratamento e Resposta a Incidentes Cibern\u00e9ticos de Governo (CTIR Gov) solicita \u00e0s institui\u00e7\u00f5es da Administra\u00e7\u00e3o P\u00fablica Federal (APF) e orienta as demais entidades que identifiquem em seus invent\u00e1rios de ativos a exist\u00eancia do CrowdStrike Falcon em seus parques computacionais e monitorem a publica\u00e7\u00e3o de atualiza\u00e7\u00f5es da aplica\u00e7\u00e3o, disponibilizadas em&nbsp;<a href=\"https:\/\/supportportal.crowdstrike.com\/s\/login\/\" target=\"_blank\" rel=\"noreferrer noopener\">https:\/\/supportportal.crowdstrike.com\/s\/login\/<\/a>\u201d, informou, em seu site, o GSI.<\/p>\n\n\n\n<h2 class=\"wp-block-heading\">Orienta\u00e7\u00f5es<\/h2>\n\n\n\n<p>O alerta acrescenta que medidas de mitiga\u00e7\u00e3o para casos de travamentos ou indisponibilidade de sistemas operacionais Windows envolvem a inicializa\u00e7\u00e3o do Windows no modo de seguran\u00e7a ou no ambiente de recupera\u00e7\u00e3o. Na sequ\u00eancia, \u00e9 necess\u00e1rio acessar o diret\u00f3rio C:\\Windows\\System32\\drivers\\CrowdStrike; identificar o arquivo que corresponde ao padr\u00e3o &#8220;C-00000291*.sys&#8221; e exclu\u00ed-lo. Por fim, reinicializar o sistema.<\/p>\n\n\n\n<p>As orienta\u00e7\u00f5es incluem informa\u00e7\u00f5es preliminares divulgadas pela CrowdStrike sobre o incidente, indicando o&nbsp;<a href=\"https:\/\/www.crowdstrike.com\/blog\/statement-on-windows-sensor-update\/\" target=\"_blank\" rel=\"noreferrer noopener\">link de acesso ao portal de suporte<\/a>. Informam tamb\u00e9m o&nbsp;<a href=\"https:\/\/azure.status.microsoft\/en-us\/status\" target=\"_blank\" rel=\"noreferrer noopener\">link<\/a>&nbsp;disponibilizado pela plataforma de computa\u00e7\u00e3o em nuvem Microsoft Azure com procedimentos para recupera\u00e7\u00e3o de m\u00e1quinas virtuais em seu ambiente.<\/p>\n\n\n\n<h2 class=\"wp-block-heading\">CrowdStrike<\/h2>\n\n\n\n<p>A empresa de seguran\u00e7a cibern\u00e9tica CrowdStrike divulgou uma nota na qual assume a responsabilidade pelo apag\u00e3o cibern\u00e9tico que afetou diversas empresas e servi\u00e7os em diversos pa\u00edses. De acordo com o CEO da CrowdStrike, George Kurtz, o problema j\u00e1 foi \u201cidentificado, isolado e uma corre\u00e7\u00e3o foi implantada\u201d.<\/p>\n\n\n\n<p>O problema decorre de uma atualiza\u00e7\u00e3o de conte\u00fado para computadores com o sistema operacional Windows, da Microsoft, relacionados ao sensor Falcon. Em consequ\u00eancia, o computador trava e aparece a chamada \u201ctela azul da morte\u201d, que indica que h\u00e1 problemas com o computador.<\/p>\n\n\n\n<p>H\u00e1 relatos de problemas em diversas empresas. Em especial, aplicativos de bancos, empresas da \u00e1rea de comunica\u00e7\u00e3o e companhias a\u00e9reas que, seguindo protocolos de seguran\u00e7a, acabam n\u00e3o podendo decolar voos.<\/p>\n\n\n\n<p>\u201cA CrowdStrike est\u00e1 trabalhando ativamente com clientes afetados por um defeito encontrado em uma \u00fanica atualiza\u00e7\u00e3o de conte\u00fado para hosts Windows. Os hosts Mac e Linux n\u00e3o s\u00e3o afetados. Este n\u00e3o \u00e9 um incidente de seguran\u00e7a ou ataque cibern\u00e9tico. O problema foi identificado, isolado e uma corre\u00e7\u00e3o foi implantada\u201d, informou por meio das redes sociais o CEO da CrowdStrike, George Kurtz.<\/p>\n\n\n\n<p>Kurtz sugeriu a seus clientes que acessem o portal de suporte da empresa para obter as atualiza\u00e7\u00f5es mais recentes. \u201cRecomendamos, ainda, que as organiza\u00e7\u00f5es garantam a comunica\u00e7\u00e3o com os representantes da CrowdStrike por meio de canais oficiais. Nossa equipe est\u00e1 totalmente mobilizada para garantir a seguran\u00e7a e estabilidade dos clientes CrowdStrike\u201d, acrescentou.<\/p>\n\n\n\n<p>Fonte: Ag\u00eancia Brasil<\/p>\n","protected":false},"excerpt":{"rendered":"<p>O Gabinete de Seguran\u00e7a Institucional (GSI), ligado \u00e0 Presid\u00eancia da Rep\u00fablica, divulgou um\u00a0alerta\u00a0orientando institui\u00e7\u00f5es e entidades ligadas \u00e0 administra\u00e7\u00e3o p\u00fablica federal sobre procedimentos a serem adotados diante do apag\u00e3o cibern\u00e9tico ocorrido nesta sexta-feira (19). A pane, provocada pela empresa de seguran\u00e7a cibern\u00e9tica CrowdStrike, afetou v\u00e1rios pa\u00edses, inclusive o Brasil. \u201cO Centro de Preven\u00e7\u00e3o, Tratamento e [&hellip;]<\/p>\n","protected":false},"author":2,"featured_media":125590,"comment_status":"open","ping_status":"open","sticky":false,"template":"","format":"standard","meta":{"footnotes":""},"categories":[5],"tags":[11],"class_list":{"0":"post-124861","1":"post","2":"type-post","3":"status-publish","4":"format-standard","5":"has-post-thumbnail","7":"category-geral","8":"tag-destaque"},"_links":{"self":[{"href":"https:\/\/diariodoplaneta.com.br\/index.php?rest_route=\/wp\/v2\/posts\/124861","targetHints":{"allow":["GET"]}}],"collection":[{"href":"https:\/\/diariodoplaneta.com.br\/index.php?rest_route=\/wp\/v2\/posts"}],"about":[{"href":"https:\/\/diariodoplaneta.com.br\/index.php?rest_route=\/wp\/v2\/types\/post"}],"author":[{"embeddable":true,"href":"https:\/\/diariodoplaneta.com.br\/index.php?rest_route=\/wp\/v2\/users\/2"}],"replies":[{"embeddable":true,"href":"https:\/\/diariodoplaneta.com.br\/index.php?rest_route=%2Fwp%2Fv2%2Fcomments&post=124861"}],"version-history":[{"count":0,"href":"https:\/\/diariodoplaneta.com.br\/index.php?rest_route=\/wp\/v2\/posts\/124861\/revisions"}],"wp:featuredmedia":[{"embeddable":true,"href":"https:\/\/diariodoplaneta.com.br\/index.php?rest_route=\/wp\/v2\/media\/125590"}],"wp:attachment":[{"href":"https:\/\/diariodoplaneta.com.br\/index.php?rest_route=%2Fwp%2Fv2%2Fmedia&parent=124861"}],"wp:term":[{"taxonomy":"category","embeddable":true,"href":"https:\/\/diariodoplaneta.com.br\/index.php?rest_route=%2Fwp%2Fv2%2Fcategories&post=124861"},{"taxonomy":"post_tag","embeddable":true,"href":"https:\/\/diariodoplaneta.com.br\/index.php?rest_route=%2Fwp%2Fv2%2Ftags&post=124861"}],"curies":[{"name":"wp","href":"https:\/\/api.w.org\/{rel}","templated":true}]}}