{"id":123802,"date":"2024-06-27T15:34:58","date_gmt":"2024-06-27T18:34:58","guid":{"rendered":"https:\/\/diariodoplaneta.com.br\/?p=123206"},"modified":"2024-06-27T15:34:58","modified_gmt":"2024-06-27T18:34:58","slug":"pantanal-85-dos-incendios-ocorrem-em-terras-privadas-diz-marina","status":"publish","type":"post","link":"https:\/\/diariodoplaneta.com.br\/?p=123802","title":{"rendered":"Pantanal: 85% dos inc\u00eandios ocorrem em terras privadas, diz Marina"},"content":{"rendered":"\n<p>A ministra do Meio Ambiente e Mudan\u00e7a do Clima, Marina Silva, declarou nesta quinta-feira (27)\u00a0que 85% dos inc\u00eandios que afetam o Pantanal h\u00e1 quase 90 dias est\u00e3o acontecendo em terras privadas. \u201cNeste momento, n\u00e3o temos inc\u00eandio em fun\u00e7\u00e3o de igni\u00e7\u00e3o natural\u201d, complementou.<\/p>\n\n\n\n<p>A afirma\u00e7\u00e3o foi feita durante a reuni\u00e3o do Conselho de Desenvolvimento Econ\u00f4mico Social Sustent\u00e1vel, o Conselh\u00e3o, que re\u00fane representantes da sociedade civil e do governo no assessoramento ao presidente da Rep\u00fablica.<\/p>\n\n\n\n<p>Marina afirmou ainda que o munic\u00edpio de Corumb\u00e1 responde atualmente por metade dos inc\u00eandios em Mato Grosso do Sul e tamb\u00e9m \u00e9 o que mais desmatou, atingindo 52% do seu territ\u00f3rio. \u201cOs munic\u00edpios que mais desmatam s\u00e3o os que mais t\u00eam inc\u00eandio\u201d, ressaltou.<\/p>\n\n\n\n<p>Para a ministra, neste ano, a situa\u00e7\u00e3o foi agravada pelos efeitos da mudan\u00e7a do clima causada por a\u00e7\u00f5es humanas. \u201cN\u00f3s estamos vivendo um momento muito particular de nossa trajet\u00f3ria nesse planeta. Tivemos no ano de 2023 um dos anos mais intensos em termos de eventos clim\u00e1ticos extremos, com os problemas das onda de calor, de seca, de enchentes extremas. Isso \u00e9 um sinal inequ\u00edvoco de que a mudan\u00e7a do clima j\u00e1 \u00e9 uma realidade\u201d, disse.<\/p>\n\n\n\n<p>Os efeitos dos extremos clim\u00e1ticos levaram a Ag\u00eancia Nacional de \u00c1guas (ANA) a declarar situa\u00e7\u00e3o cr\u00edtica de escassez de recursos h\u00eddricos na Bacia do Paraguai, ainda em maio. Uma nota t\u00e9cnica divulgada pelo Laborat\u00f3rio de Aplica\u00e7\u00f5es de Sat\u00e9lites Ambientais da Universidade Federal do Rio de Janeiro (Lasa-UFRJ), no in\u00edcio desta semana, aponta que, entre 1\u00ba de janeiro e 23 de junho de 2024, a&nbsp;<a href=\"https:\/\/agenciabrasil.ebc.com.br\/geral\/noticia\/2024-06\/governo-vai-liberar-r-100-mi-para-combate-incendios-no-pantanal\" target=\"_blank\" rel=\"noreferrer noopener\">\u00e1rea queimada no bioma alcan\u00e7ou 627 mil hectares<\/a>, ultrapassando em 142,9% os 258 mil hectares queimados em 2020.<\/p>\n\n\n\n<p>Em entrevista coletiva na manh\u00e3 de hoje, o governador de Mato Grosso do Sul, Eduardo Riedel, informou que a chegada de uma frente fria ao Pantanal na quarta-feira (26) favoreceu o trabalho das equipes que atuam no combate \u00e0s queimadas e diversos focos puderam ser extintos.<\/p>\n\n\n\n<p>Durante a entrevista, a tenente-coronel do Corpo de Bombeiros&nbsp;Tatiane Inoue, que comanda as opera\u00e7\u00f5es, informou que, de 1\u00ba janeiro a 25 de junho, o fogo j\u00e1 consumiu 530 mil hectares no Pantanal de&nbsp;Mato Grosso do Sul. \u201cO cen\u00e1rio \u00e9 bem mais cr\u00edtico que em 2020, por\u00e9m a nossa estrutura j\u00e1 est\u00e1 muito maior e organizada\u201d, afirmou.<\/p>\n\n\n\n<p>Segundo o governo estadual, atuam diretamente na for\u00e7a-tarefa 74 bombeiros militares, dos quais 51 na&nbsp;Guarni\u00e7\u00e3o de Combate a Inc\u00eandios Florestais em solo. Quatro est\u00e3o empenhados nas opera\u00e7\u00f5es a\u00e9reas e 19 comp\u00f5em o Sistema de Comando de Incidentes, que monitora as atividades.<\/p>\n\n\n\n<p>A Casa Civil da Presid\u00eancia da Rep\u00fablica informou que 145 brigadistas do Instituto Brasileiro do Meio Ambiente e dos Recursos Naturais Renov\u00e1veis (Ibama), 40 brigadistas do Instituto Chico Mendes de Conserva\u00e7\u00e3o da Biodiversidade (ICMBio) e 53 combatentes da Marinha refor\u00e7am a equipe estadual no enfrentamento ao fogo.<\/p>\n\n\n\n<p>Cinco aeronaves modelo Air Tractor, com capacidade de deslocar grandes volumes de \u00e1gua, tamb\u00e9m atuam na opera\u00e7\u00e3o, sendo quatro cedidas pelo Ibama e uma do Corpo de Bombeiros do estado.<\/p>\n\n\n\n<p>Ainda hoje est\u00e1 prevista a chegada de&nbsp;<a href=\"https:\/\/agenciabrasil.ebc.com.br\/geral\/noticia\/2024-06\/combate-queimadas-no-pantanal-tera-reforco-nesta-quinta-feira\" target=\"_blank\" rel=\"noreferrer noopener\">40 agentes da For\u00e7a Nacional de Seguran\u00e7a P\u00fablica<\/a>, com mais em 15 viaturas. O grupo saiu de Bras\u00edlia na \u00faltima ter\u00e7a-feira (25).<\/p>\n\n\n\n<p>De acordo com o diretor de Opera\u00e7\u00f5es integradas e de Intelig\u00eancia do Minist\u00e9rio da Justi\u00e7a e Seguran\u00e7a P\u00fablica, Rodney da Silva, a maior parte do contingente deslocado \u00e9 composta&nbsp;por efetivo mobilizado&nbsp;do Corpo de Bombeiros Militar de outros estados. Segundo Silva, esse \u00e9 um modelo que ser\u00e1 adotado em uma rede nacional a ser viabilizada pela integra\u00e7\u00e3o do Corpo de Bombeiros em todo o pa\u00eds com a For\u00e7a Nacional.<\/p>\n\n\n\n<blockquote class=\"wp-block-quote is-layout-flow wp-block-quote-is-layout-flow\">\n<p>\u201cO objetivo desse novo projeto \u00e9 n\u00e3o apenas gerenciar crises, mas sim gerenciar riscos nas \u00e1reas de maior probabilidade de ocorr\u00eancia de sinistros ao longo do ano\u201d, explicou o diretor.<\/p>\n<\/blockquote>\n\n\n\n<p>Fonte: Ag\u00eancia Brasil<\/p>\n","protected":false},"excerpt":{"rendered":"<p>A ministra do Meio Ambiente e Mudan\u00e7a do Clima, Marina Silva, declarou nesta quinta-feira (27)\u00a0que 85% dos inc\u00eandios que afetam o Pantanal h\u00e1 quase 90 dias est\u00e3o acontecendo em terras privadas. \u201cNeste momento, n\u00e3o temos inc\u00eandio em fun\u00e7\u00e3o de igni\u00e7\u00e3o natural\u201d, complementou. A afirma\u00e7\u00e3o foi feita durante a reuni\u00e3o do Conselho de Desenvolvimento Econ\u00f4mico Social [&hellip;]<\/p>\n","protected":false},"author":2,"featured_media":124465,"comment_status":"open","ping_status":"open","sticky":false,"template":"","format":"standard","meta":{"footnotes":""},"categories":[22],"tags":[11],"class_list":{"0":"post-123802","1":"post","2":"type-post","3":"status-publish","4":"format-standard","5":"has-post-thumbnail","7":"category-meio-ambiente","8":"tag-destaque"},"_links":{"self":[{"href":"https:\/\/diariodoplaneta.com.br\/index.php?rest_route=\/wp\/v2\/posts\/123802","targetHints":{"allow":["GET"]}}],"collection":[{"href":"https:\/\/diariodoplaneta.com.br\/index.php?rest_route=\/wp\/v2\/posts"}],"about":[{"href":"https:\/\/diariodoplaneta.com.br\/index.php?rest_route=\/wp\/v2\/types\/post"}],"author":[{"embeddable":true,"href":"https:\/\/diariodoplaneta.com.br\/index.php?rest_route=\/wp\/v2\/users\/2"}],"replies":[{"embeddable":true,"href":"https:\/\/diariodoplaneta.com.br\/index.php?rest_route=%2Fwp%2Fv2%2Fcomments&post=123802"}],"version-history":[{"count":0,"href":"https:\/\/diariodoplaneta.com.br\/index.php?rest_route=\/wp\/v2\/posts\/123802\/revisions"}],"wp:featuredmedia":[{"embeddable":true,"href":"https:\/\/diariodoplaneta.com.br\/index.php?rest_route=\/wp\/v2\/media\/124465"}],"wp:attachment":[{"href":"https:\/\/diariodoplaneta.com.br\/index.php?rest_route=%2Fwp%2Fv2%2Fmedia&parent=123802"}],"wp:term":[{"taxonomy":"category","embeddable":true,"href":"https:\/\/diariodoplaneta.com.br\/index.php?rest_route=%2Fwp%2Fv2%2Fcategories&post=123802"},{"taxonomy":"post_tag","embeddable":true,"href":"https:\/\/diariodoplaneta.com.br\/index.php?rest_route=%2Fwp%2Fv2%2Ftags&post=123802"}],"curies":[{"name":"wp","href":"https:\/\/api.w.org\/{rel}","templated":true}]}}