{"id":122261,"date":"2024-05-09T10:59:36","date_gmt":"2024-05-09T13:59:36","guid":{"rendered":"https:\/\/diariodoplaneta.com.br\/?p=121106"},"modified":"2024-05-09T10:59:36","modified_gmt":"2024-05-09T13:59:36","slug":"prazo-para-inscricao-no-encceja-2024-termina-nesta-sexta-feira","status":"publish","type":"post","link":"https:\/\/diariodoplaneta.com.br\/?p=122261","title":{"rendered":"Prazo para inscri\u00e7\u00e3o no Encceja 2024 termina nesta sexta-feira"},"content":{"rendered":"\n<p>O prazo para inscri\u00e7\u00f5es no Exame Nacional para Certifica\u00e7\u00e3o de Compet\u00eancias de Jovens e Adultos (Encceja) 2024 termina nesta sexta-feira (10). As provas ser\u00e3o aplicadas no dia 25 de agosto, em todos estados e no Distrito Federal.<\/p>\n\n\n\n<p>O Encceja \u00e9 voltado para a certifica\u00e7\u00e3o do ensino fundamental e m\u00e9dio. Nele s\u00e3o avaliados \u201ccompet\u00eancias, habilidades e saberes\u201d de jovens e adultos que n\u00e3o conclu\u00edram essa etapa de estudos na idade adequada. As inscri\u00e7\u00f5es devem ser feitas no Sistema Encceja.<\/p>\n\n\n\n<p>Termina tamb\u00e9m amanh\u00e3 o prazo para solicita\u00e7\u00f5es de atendimento especializado e tratamento por nome social.<\/p>\n\n\n\n<p>Segundo o&nbsp;<a href=\"http:\/\/enccejanacional.inep.gov.br\/encceja\/#!\/inicial\" target=\"_blank\" rel=\"noreferrer noopener\">Instituto Nacional de Estudos e Pesquisas Educacionais An\u00edsio Teixeira (Inep)<\/a>, entidade respons\u00e1vel pela aplica\u00e7\u00e3o do exame, o atendimento especializado ser\u00e1 oferecido a participantes com baixa vis\u00e3o, cegueira, vis\u00e3o monocular, defici\u00eancia f\u00edsica, defici\u00eancia auditiva, surdez, defici\u00eancia intelectual (mental), surdocegueira, dislexia, d\u00e9ficit de aten\u00e7\u00e3o, transtorno do espectro autista e discalculia. Tamb\u00e9m podem ser contemplados gestantes, lactantes, idosos e pessoas com outras condi\u00e7\u00f5es espec\u00edficas.<\/p>\n\n\n\n<p>Quem n\u00e3o justificou a falta no Encceja 2023 ou teve a justificativa reprovada, dever\u00e1 ressarcir, at\u00e9 o dia 15 de maio, o valor de R$ 40 ao Inep para confirmar a inscri\u00e7\u00e3o no Encceja 2024.<\/p>\n\n\n\n<p>O exame conta com colabora\u00e7\u00e3o das secretarias estaduais e municipais de Educa\u00e7\u00e3o. J\u00e1 a emiss\u00e3o do certificado e da declara\u00e7\u00e3o de profici\u00eancia \u00e9 responsabilidade das secretarias de Educa\u00e7\u00e3o.<\/p>\n\n\n\n<p>Fonte: Ag\u00eancia Brasil<\/p>\n","protected":false},"excerpt":{"rendered":"<p>O prazo para inscri\u00e7\u00f5es no Exame Nacional para Certifica\u00e7\u00e3o de Compet\u00eancias de Jovens e Adultos (Encceja) 2024 termina nesta sexta-feira (10). As provas ser\u00e3o aplicadas no dia 25 de agosto, em todos estados e no Distrito Federal. O Encceja \u00e9 voltado para a certifica\u00e7\u00e3o do ensino fundamental e m\u00e9dio. Nele s\u00e3o avaliados \u201ccompet\u00eancias, habilidades e [&hellip;]<\/p>\n","protected":false},"author":2,"featured_media":122672,"comment_status":"open","ping_status":"open","sticky":false,"template":"","format":"standard","meta":{"footnotes":""},"categories":[5],"tags":[24],"class_list":{"0":"post-122261","1":"post","2":"type-post","3":"status-publish","4":"format-standard","5":"has-post-thumbnail","7":"category-geral","8":"tag-manchete"},"_links":{"self":[{"href":"https:\/\/diariodoplaneta.com.br\/index.php?rest_route=\/wp\/v2\/posts\/122261","targetHints":{"allow":["GET"]}}],"collection":[{"href":"https:\/\/diariodoplaneta.com.br\/index.php?rest_route=\/wp\/v2\/posts"}],"about":[{"href":"https:\/\/diariodoplaneta.com.br\/index.php?rest_route=\/wp\/v2\/types\/post"}],"author":[{"embeddable":true,"href":"https:\/\/diariodoplaneta.com.br\/index.php?rest_route=\/wp\/v2\/users\/2"}],"replies":[{"embeddable":true,"href":"https:\/\/diariodoplaneta.com.br\/index.php?rest_route=%2Fwp%2Fv2%2Fcomments&post=122261"}],"version-history":[{"count":0,"href":"https:\/\/diariodoplaneta.com.br\/index.php?rest_route=\/wp\/v2\/posts\/122261\/revisions"}],"wp:featuredmedia":[{"embeddable":true,"href":"https:\/\/diariodoplaneta.com.br\/index.php?rest_route=\/wp\/v2\/media\/122672"}],"wp:attachment":[{"href":"https:\/\/diariodoplaneta.com.br\/index.php?rest_route=%2Fwp%2Fv2%2Fmedia&parent=122261"}],"wp:term":[{"taxonomy":"category","embeddable":true,"href":"https:\/\/diariodoplaneta.com.br\/index.php?rest_route=%2Fwp%2Fv2%2Fcategories&post=122261"},{"taxonomy":"post_tag","embeddable":true,"href":"https:\/\/diariodoplaneta.com.br\/index.php?rest_route=%2Fwp%2Fv2%2Ftags&post=122261"}],"curies":[{"name":"wp","href":"https:\/\/api.w.org\/{rel}","templated":true}]}}