{"id":121997,"date":"2024-05-24T20:33:16","date_gmt":"2024-05-24T23:33:16","guid":{"rendered":"https:\/\/diariodoplaneta.com.br\/?p=121997"},"modified":"2024-05-24T20:33:16","modified_gmt":"2024-05-24T23:33:16","slug":"moraes-suspende-processos-baseados-em-norma-que-proibe-a-assistolia","status":"publish","type":"post","link":"https:\/\/diariodoplaneta.com.br\/?p=121997","title":{"rendered":"Moraes suspende processos baseados em norma que pro\u00edbe a assistolia"},"content":{"rendered":"\n<p>O ministro do Supremo Tribunal Federal (STF) Alexandre de Moraes determinou nesta sexta-feira (24) a suspens\u00e3o de processos judiciais e administrativos baseados na resolu\u00e7\u00e3o aprovada pelo Conselho Federal de Medicina (CFM) para proibir a realiza\u00e7\u00e3o da assistolia fetal para interrup\u00e7\u00e3o de gravidez em casos de estupro.\u00a0<\/p>\n\n\n\n<p>A nova decis\u00e3o de Moraes \u00e9 complementar ao despacho proferido na semana passada, quando o ministro suspendeu a aplica\u00e7\u00e3o da norma do CFM. O procedimento de assistolia \u00e9 usado pela medicina nos casos de abortos previstos em lei, como o caso de estupro.<\/p>\n\n\n\n<p>No despacho de hoje, o ministro tamb\u00e9m proibiu a abertura de processos disciplinares com base na resolu\u00e7\u00e3o.<\/p>\n\n\n\n<p>As decis\u00f5es sobre a quest\u00e3o foram motivadas por uma a\u00e7\u00e3o protocolada pelo PSOL. Em abril, a Justi\u00e7a Federal em Porto Alegre suspendeu a norma, mas a resolu\u00e7\u00e3o voltou a valer ap\u00f3s o Tribunal Regional Federal (TRF) da 4\u00aa Regi\u00e3o derrubar a decis\u00e3o.<\/p>\n\n\n\n<p>Ao editar a resolu\u00e7\u00e3o, o CFM entendeu que o ato m\u00e9dico da assistolia provoca a morte do feto antes do procedimento de interrup\u00e7\u00e3o da gravidez e decidiu vetar o procedimento.<\/p>\n\n\n\n<p>Contudo, Moraes entendeu que houve &#8220;abuso do poder regulamentar&#8221; do CFM ao fixar regra n\u00e3o prevista em lei para impedir a realiza\u00e7\u00e3o de assistolia fetal em casos de gravidez oriunda de estupro.<\/p>\n\n\n\n<p>O ministro tamb\u00e9m lembrou que o procedimento s\u00f3 pode ser realizado pelo m\u00e9dico com consentimento da v\u00edtima.<\/p>\n\n\n\n<p>Quinta-feira (23), entidades que atuam na defesa dos direitos das mulheres participaram de um protesto em frente ao pr\u00e9dio do CFM, em Bras\u00edlia.<\/p>\n\n\n\n<p>Fonte: Ag\u00eancia Brasil<\/p>\n","protected":false},"excerpt":{"rendered":"<p>O ministro do Supremo Tribunal Federal (STF) Alexandre de Moraes determinou nesta sexta-feira (24) a suspens\u00e3o de processos judiciais e administrativos baseados na resolu\u00e7\u00e3o aprovada pelo Conselho Federal de Medicina (CFM) para proibir a realiza\u00e7\u00e3o da assistolia fetal para interrup\u00e7\u00e3o de gravidez em casos de estupro.\u00a0 A nova decis\u00e3o de Moraes \u00e9 complementar ao despacho [&hellip;]<\/p>\n","protected":false},"author":2,"featured_media":122026,"comment_status":"open","ping_status":"open","sticky":false,"template":"","format":"standard","meta":{"footnotes":""},"categories":[5],"tags":[24],"class_list":{"0":"post-121997","1":"post","2":"type-post","3":"status-publish","4":"format-standard","5":"has-post-thumbnail","7":"category-geral","8":"tag-manchete"},"_links":{"self":[{"href":"https:\/\/diariodoplaneta.com.br\/index.php?rest_route=\/wp\/v2\/posts\/121997","targetHints":{"allow":["GET"]}}],"collection":[{"href":"https:\/\/diariodoplaneta.com.br\/index.php?rest_route=\/wp\/v2\/posts"}],"about":[{"href":"https:\/\/diariodoplaneta.com.br\/index.php?rest_route=\/wp\/v2\/types\/post"}],"author":[{"embeddable":true,"href":"https:\/\/diariodoplaneta.com.br\/index.php?rest_route=\/wp\/v2\/users\/2"}],"replies":[{"embeddable":true,"href":"https:\/\/diariodoplaneta.com.br\/index.php?rest_route=%2Fwp%2Fv2%2Fcomments&post=121997"}],"version-history":[{"count":0,"href":"https:\/\/diariodoplaneta.com.br\/index.php?rest_route=\/wp\/v2\/posts\/121997\/revisions"}],"wp:featuredmedia":[{"embeddable":true,"href":"https:\/\/diariodoplaneta.com.br\/index.php?rest_route=\/wp\/v2\/media\/122026"}],"wp:attachment":[{"href":"https:\/\/diariodoplaneta.com.br\/index.php?rest_route=%2Fwp%2Fv2%2Fmedia&parent=121997"}],"wp:term":[{"taxonomy":"category","embeddable":true,"href":"https:\/\/diariodoplaneta.com.br\/index.php?rest_route=%2Fwp%2Fv2%2Fcategories&post=121997"},{"taxonomy":"post_tag","embeddable":true,"href":"https:\/\/diariodoplaneta.com.br\/index.php?rest_route=%2Fwp%2Fv2%2Ftags&post=121997"}],"curies":[{"name":"wp","href":"https:\/\/api.w.org\/{rel}","templated":true}]}}