{"id":121024,"date":"2024-04-19T09:58:09","date_gmt":"2024-04-19T12:58:09","guid":{"rendered":"https:\/\/diariodoplaneta.com.br\/?p=120288"},"modified":"2024-04-19T09:58:09","modified_gmt":"2024-04-19T12:58:09","slug":"rio-conselho-cria-comissao-para-melhorar-agua-fornecida-a-populacao","status":"publish","type":"post","link":"https:\/\/diariodoplaneta.com.br\/?p=121024","title":{"rendered":"Rio: conselho cria comiss\u00e3o para melhorar \u00e1gua fornecida \u00e0 popula\u00e7\u00e3o"},"content":{"rendered":"\n<p>O Conselho Regional de Qu\u00edmica &#8211; Terceira Regi\u00e3o (CRQ-III), que engloba o estado do Rio de Janeiro, criou\u00a0a Comiss\u00e3o Tempor\u00e1ria de Estudos sobre a Qualidade da \u00c1gua de Abastecimento. O grupo, composto por especialistas da \u00e1rea ambiental, tem o objetivo de analisar e definir melhores pr\u00e1ticas para o tratamento da \u00e1gua distribu\u00edda \u00e0 popula\u00e7\u00e3o.<\/p>\n\n\n\n<p>A a\u00e7\u00e3o ocorre&nbsp;ap\u00f3s o caso de&nbsp;contamina\u00e7\u00e3o por tolueno na esta\u00e7\u00e3o Imunana-Laranjal, da Companhia Estadual de \u00c1guas (Cedae), em 3 de abril, al\u00e9m do hist\u00f3rico recente de crises h\u00eddricas no Rio de Janeiro. A principal atribui\u00e7\u00e3o do conselho \u00e9 a prote\u00e7\u00e3o da sociedade e, por esse motivo,&nbsp;atua diretamente em assuntos relacionados ao meio ambiente, orientando e esclarecendo a popula\u00e7\u00e3o sobre temas que tenham liga\u00e7\u00e3o com a \u00e1rea qu\u00edmica.<\/p>\n\n\n\n<p>De acordo com o presidente do Conselho Regional de Qu\u00edmica do Rio, Harley Martins, o objetivo da&nbsp;comiss\u00e3o \u00e9 monitorar atividades em que existam quaisquer riscos para a popula\u00e7\u00e3o.&nbsp;\u201cAs an\u00e1lises realizadas diariamente, tanto na \u00e1gua bruta, na capta\u00e7\u00e3o, quanto&nbsp;na \u00e1gua tratada, ap\u00f3s a Esta\u00e7\u00e3o de Tratamento, s\u00e3o insuficientes para detectar uma s\u00e9rie de subst\u00e2ncias qu\u00edmicas, n\u00e3o s\u00f3 o tolueno. Os processos utilizados nessas esta\u00e7\u00f5es s\u00e3o b\u00e1sicos e n\u00e3o garantem que essas subst\u00e2ncias sejam&nbsp;retiradas da \u00e1gua.\u201d, afirmou.<\/p>\n\n\n\n<p>Entre os temas mais relevantes debatidos na primeira reuni\u00e3o da comiss\u00e3o, realizada na semana&nbsp;passada, est\u00e3o: os testes atuais, realizados diariamente&nbsp;durante a opera\u00e7\u00e3o da Esta\u00e7\u00e3o de Tratamento, n\u00e3o s\u00e3o capazes de detectar diversos poluentes com alto potencial de comprometimento da sa\u00fade humana, como o tolueno,&nbsp;al\u00e9m de investimentos&nbsp;em laborat\u00f3rios, tecnologias de tratamento, instala\u00e7\u00f5es e monitoramento e fiscaliza\u00e7\u00e3o constantes.<\/p>\n\n\n\n<p>\u201c\u00c9 de extrema import\u00e2ncia que a ETA Imunana-Laranjal, que atende a 2 milh\u00f5es de pessoas, tenha um laborat\u00f3rio capaz de detectar quaisquer altera\u00e7\u00f5es na \u00e1gua, priorizando, os compostos qu\u00edmicos mais prov\u00e1veis de serem encontrados como contaminantes, considerando uma an\u00e1lise de risco\u201d, alertou o grupo em nota.<\/p>\n\n\n\n<p>Fonte: Ag\u00eancia Brasil<\/p>\n","protected":false},"excerpt":{"rendered":"<p>O Conselho Regional de Qu\u00edmica &#8211; Terceira Regi\u00e3o (CRQ-III), que engloba o estado do Rio de Janeiro, criou\u00a0a Comiss\u00e3o Tempor\u00e1ria de Estudos sobre a Qualidade da \u00c1gua de Abastecimento. O grupo, composto por especialistas da \u00e1rea ambiental, tem o objetivo de analisar e definir melhores pr\u00e1ticas para o tratamento da \u00e1gua distribu\u00edda \u00e0 popula\u00e7\u00e3o. A [&hellip;]<\/p>\n","protected":false},"author":2,"featured_media":121523,"comment_status":"open","ping_status":"open","sticky":false,"template":"","format":"standard","meta":{"footnotes":""},"categories":[25,29],"tags":[],"class_list":{"0":"post-121024","1":"post","2":"type-post","3":"status-publish","4":"format-standard","5":"has-post-thumbnail","7":"category-regional","8":"category-sudeste-regional"},"_links":{"self":[{"href":"https:\/\/diariodoplaneta.com.br\/index.php?rest_route=\/wp\/v2\/posts\/121024","targetHints":{"allow":["GET"]}}],"collection":[{"href":"https:\/\/diariodoplaneta.com.br\/index.php?rest_route=\/wp\/v2\/posts"}],"about":[{"href":"https:\/\/diariodoplaneta.com.br\/index.php?rest_route=\/wp\/v2\/types\/post"}],"author":[{"embeddable":true,"href":"https:\/\/diariodoplaneta.com.br\/index.php?rest_route=\/wp\/v2\/users\/2"}],"replies":[{"embeddable":true,"href":"https:\/\/diariodoplaneta.com.br\/index.php?rest_route=%2Fwp%2Fv2%2Fcomments&post=121024"}],"version-history":[{"count":0,"href":"https:\/\/diariodoplaneta.com.br\/index.php?rest_route=\/wp\/v2\/posts\/121024\/revisions"}],"wp:featuredmedia":[{"embeddable":true,"href":"https:\/\/diariodoplaneta.com.br\/index.php?rest_route=\/wp\/v2\/media\/121523"}],"wp:attachment":[{"href":"https:\/\/diariodoplaneta.com.br\/index.php?rest_route=%2Fwp%2Fv2%2Fmedia&parent=121024"}],"wp:term":[{"taxonomy":"category","embeddable":true,"href":"https:\/\/diariodoplaneta.com.br\/index.php?rest_route=%2Fwp%2Fv2%2Fcategories&post=121024"},{"taxonomy":"post_tag","embeddable":true,"href":"https:\/\/diariodoplaneta.com.br\/index.php?rest_route=%2Fwp%2Fv2%2Ftags&post=121024"}],"curies":[{"name":"wp","href":"https:\/\/api.w.org\/{rel}","templated":true}]}}