{"id":121000,"date":"2024-04-17T09:41:47","date_gmt":"2024-04-17T12:41:47","guid":{"rendered":"https:\/\/diariodoplaneta.com.br\/?p=120212"},"modified":"2024-04-17T09:41:47","modified_gmt":"2024-04-17T12:41:47","slug":"haddad-explica-reforma-tributaria-a-empresarios-nos-estados-unidos","status":"publish","type":"post","link":"https:\/\/diariodoplaneta.com.br\/?p=121000","title":{"rendered":"Haddad explica reforma tribut\u00e1ria a empres\u00e1rios nos Estados Unidos"},"content":{"rendered":"\n<p>No primeiro dia de viagem aos Estados Unidos (EUA), o ministro da Fazenda, Fernando Haddad, apresentou oportunidades de investimento a empres\u00e1rios norte-americanos e debateu iniciativas para ampliar o financiamento \u00e0 transi\u00e7\u00e3o ecol\u00f3gica. Ao longo da semana, o ministro participa, em Washington, de reuni\u00f5es do Fundo Monet\u00e1rio Internacional (FMI), do Banco Mundial e do G20, grupo das 20 maiores economias do planeta, mais a Uni\u00e3o Europeia e a Uni\u00e3o Africana.<\/p>\n\n\n\n<p>No primeiro evento da ter\u00e7a-feira (16), Haddad explicou, na C\u00e2mara de Com\u00e9rcio dos Estados Unidos, os efeitos da reforma tribut\u00e1ria aprovada no ano passado sobre a oportunidade para investimentos estrangeiros no Brasil. Segundo ele, a reforma resolveu um problema de d\u00e9cadas ao reparar a disfuncionalidade da tributa\u00e7\u00e3o sobre o consumo no pa\u00eds.<\/p>\n\n\n\n<p>Em rela\u00e7\u00e3o \u00e0 regulamenta\u00e7\u00e3o da reforma tribut\u00e1ria, cujos projetos dever\u00e3o ser enviados na pr\u00f3xima semana ao Congresso, o ministro disse que o detalhamento das regras n\u00e3o \u201cestragar\u00e1\u201d a reforma constitucional. Haddad afirmou que o Brasil ter\u00e1 um sistema tribut\u00e1rio de primeiro mundo a partir de 2027.<\/p>\n\n\n\n<p>Tamb\u00e9m presente ao evento, o presidente do Banco Interamericano de Desenvolvimento e ex-presidente do Banco Central, Ilan Goldfajn, apresentou um diagn\u00f3stico sobre a Am\u00e9rica Latina. Apesar do desafio de reduzir a imensa desigualdade social no continente, ele disse que a transi\u00e7\u00e3o ecol\u00f3gica representa uma \u201cjanela de oportunidade\u201d para a regi\u00e3o. Goldfajn elogiou iniciativas como o hegde (instrumento de prote\u00e7\u00e3o cambial) verde, lan\u00e7ado pelo Brasil na Confer\u00eancia das Na\u00e7\u00f5es Unidas sobre Mudan\u00e7as Clim\u00e1ticas de 2023 (COP 28), em Dubai.<\/p>\n\n\n\n<h2 class=\"wp-block-heading\">Finan\u00e7as sustent\u00e1veis<\/h2>\n\n\n\n<p>Em evento paralelo \u00e0s reuni\u00f5es desta semana, Haddad debateu a import\u00e2ncia de instrumentos e plataformas que financiem iniciativas de transi\u00e7\u00e3o ecol\u00f3gica. Na abertura do evento, o ministro destacou a import\u00e2ncia do compartilhamento das experi\u00eancias de pa\u00edses como o Brasil para avan\u00e7ar nas pol\u00edticas de economia sustent\u00e1vel.<\/p>\n\n\n\n<p>Segundo Haddad, o Brasil tem pioneirismo na \u00e1rea e est\u00e1 encontrando caminhos importantes. No entanto, a troca de experi\u00eancias \u00e9 fundamental para que os pa\u00edses possam fazer a transi\u00e7\u00e3o ecol\u00f3gica em grande escala.<\/p>\n\n\n\n<p>O enviado especial da&nbsp;Organiza\u00e7\u00e3o das Na\u00e7\u00f5es Unidas para a A\u00e7\u00e3o do Clima, Mark Carney, elogiou a consist\u00eancia e a estrutura\u00e7\u00e3o do plano de transi\u00e7\u00e3o ecol\u00f3gica apresentado durante a presid\u00eancia brasileira do G20. Ele defendeu reformas radicais no financiamento internacional para o meio ambiente, para que os pa\u00edses tenham recursos para executar esses planos.<\/p>\n\n\n\n<p>O evento paralelo foi organizado pelo Grupo de Trabalho de Finan\u00e7as Sustent\u00e1veis do G20 em parceria com o Instituto Clima Sociedade, o Wilson Center e o Brazil Institute.<\/p>\n\n\n\n<h2 class=\"wp-block-heading\">Agenda<\/h2>\n\n\n\n<p>Nesta quarta-feira (17), Haddad participa de&nbsp;alguns eventos paralelos \u00e0 reuni\u00e3o do G20, grupo das 20 maiores economias do planeta, mais a Uni\u00e3o Europeia e a Uni\u00e3o Africana. No primeiro compromisso, \u00e0s 9h (hor\u00e1rio local), na sede do Banco Mundial, o ministro tem&nbsp;presen\u00e7a confirmada&nbsp;no painel \u201cA for\u00e7a tarefa da fome\u201d, que visa a&nbsp;engajar l\u00edderes globais na luta contra a inseguran\u00e7a alimentar. Participar\u00e3o ainda representantes dos Estados Unidos, da Uni\u00e3o Africana, Noruega e \u00c1frica do Sul.<\/p>\n\n\n\n<p>\u00c0s 10h30, Haddad estar\u00e1 em uma discuss\u00e3o sobre tributa\u00e7\u00e3o internacional, durante evento organizado em parceria entre Brasil e Fran\u00e7a, na sede do Fundo Monet\u00e1rio Internacional (FMI). O tema ganhou destaque na&nbsp;<a href=\"https:\/\/agenciabrasil.ebc.com.br\/economia\/noticia\/2024-02\/haddad-quer-proposta-ambiciosa-para-taxacao-de-super-ricos\" target=\"_blank\" rel=\"noreferrer noopener\">reuni\u00e3o do G20 realizada em S\u00e3o Paulo<\/a>, em fevereiro.&nbsp;<\/p>\n\n\n\n<p>\u00c0 tarde, o ministro,&nbsp;participa das reuni\u00f5es da cadeira brasileira do Banco Mundial e do FMI. \u00c0 noite, \u00e0s 18h30, ir\u00e1 a&nbsp;um jantar oficial de trabalho do G20, na sede do FMI.<\/p>\n\n\n\n<p>Fonte: Ag\u00eancia Brasil<\/p>\n","protected":false},"excerpt":{"rendered":"<p>No primeiro dia de viagem aos Estados Unidos (EUA), o ministro da Fazenda, Fernando Haddad, apresentou oportunidades de investimento a empres\u00e1rios norte-americanos e debateu iniciativas para ampliar o financiamento \u00e0 transi\u00e7\u00e3o ecol\u00f3gica. Ao longo da semana, o ministro participa, em Washington, de reuni\u00f5es do Fundo Monet\u00e1rio Internacional (FMI), do Banco Mundial e do G20, grupo [&hellip;]<\/p>\n","protected":false},"author":2,"featured_media":121450,"comment_status":"open","ping_status":"open","sticky":false,"template":"","format":"standard","meta":{"footnotes":""},"categories":[17],"tags":[24],"class_list":{"0":"post-121000","1":"post","2":"type-post","3":"status-publish","4":"format-standard","5":"has-post-thumbnail","7":"category-mundo","8":"tag-manchete"},"_links":{"self":[{"href":"https:\/\/diariodoplaneta.com.br\/index.php?rest_route=\/wp\/v2\/posts\/121000","targetHints":{"allow":["GET"]}}],"collection":[{"href":"https:\/\/diariodoplaneta.com.br\/index.php?rest_route=\/wp\/v2\/posts"}],"about":[{"href":"https:\/\/diariodoplaneta.com.br\/index.php?rest_route=\/wp\/v2\/types\/post"}],"author":[{"embeddable":true,"href":"https:\/\/diariodoplaneta.com.br\/index.php?rest_route=\/wp\/v2\/users\/2"}],"replies":[{"embeddable":true,"href":"https:\/\/diariodoplaneta.com.br\/index.php?rest_route=%2Fwp%2Fv2%2Fcomments&post=121000"}],"version-history":[{"count":0,"href":"https:\/\/diariodoplaneta.com.br\/index.php?rest_route=\/wp\/v2\/posts\/121000\/revisions"}],"wp:featuredmedia":[{"embeddable":true,"href":"https:\/\/diariodoplaneta.com.br\/index.php?rest_route=\/wp\/v2\/media\/121450"}],"wp:attachment":[{"href":"https:\/\/diariodoplaneta.com.br\/index.php?rest_route=%2Fwp%2Fv2%2Fmedia&parent=121000"}],"wp:term":[{"taxonomy":"category","embeddable":true,"href":"https:\/\/diariodoplaneta.com.br\/index.php?rest_route=%2Fwp%2Fv2%2Fcategories&post=121000"},{"taxonomy":"post_tag","embeddable":true,"href":"https:\/\/diariodoplaneta.com.br\/index.php?rest_route=%2Fwp%2Fv2%2Ftags&post=121000"}],"curies":[{"name":"wp","href":"https:\/\/api.w.org\/{rel}","templated":true}]}}